{"id":31815,"date":"2024-09-24T07:07:22","date_gmt":"2024-09-24T05:07:22","guid":{"rendered":"https:\/\/bisbalpenedes.com\/web\/?p=31815"},"modified":"2024-09-24T07:07:22","modified_gmt":"2024-09-24T05:07:22","slug":"sopar-de-la-societat-amb-motiu-de-la-fira-sopar-de-la-vigilia","status":"publish","type":"post","link":"https:\/\/bisbalpenedes.com\/web\/2024\/09\/24\/sopar-de-la-societat-amb-motiu-de-la-fira-sopar-de-la-vigilia\/","title":{"rendered":"Sopar de la Societat amb motiu de La Fira (sopar de la vig\u00edlia)"},"content":{"rendered":"\n<p>Un any m\u00e9s, la <a href=\"https:\/\/www.facebook.com\/profile.php?id=100064894561927&amp;__cft__[0]=AZUmCEf2oOFKmLBj9c024KEp3HYwZv92CGh_RCRkVBQ9oOb_QeqVkD9P--nbzKIySKfqf3vvGiRb_uj1WGiTxGFBv2gCWDP5ZrTwMlWH8145APHpIlrr1OrW8PAY-qQ9FeAnjfyiAoN3priq8oRDcj1LP44p1vAY8RGiJTdIGB-gDfij3CTfNR6lPV6zFZ9RCU0&amp;__tn__=-]K-R\">Societat Cultural i Recreativa Bisbalenca<\/a> ha organitzat un sopar amb ball per a la vig\u00edlia de La Fira. Al cartell adjunt hi trobareu tota la informaci\u00f3.<\/p>\n\n\n\n<hr class=\"wp-block-separator has-alpha-channel-opacity\"\/>\n\n\n\n<p><strong>CASTELLANO |<\/strong> Un a\u00f1o m\u00e1s, la Societat Cultural i Recreativa Bisbalenca ha organizado una cena con baile para la vigilia de La Fira. En el cartel adjunto encontrar\u00e9is toda la informaci\u00f3n.<\/p>\n","protected":false},"excerpt":{"rendered":"<p>Un any m\u00e9s, la Societat Cultural i Recreativa Bisbalenca ha organitzat un sopar amb ball per a la vig\u00edlia de La Fira. Al cartell adjunt hi trobareu tota la informaci\u00f3. &hellip; <a href=\"https:\/\/bisbalpenedes.com\/web\/2024\/09\/24\/sopar-de-la-societat-amb-motiu-de-la-fira-sopar-de-la-vigilia\/\" class=\"more-link\">Read More<\/a><\/p>\n","protected":false},"author":4,"featured_media":31816,"comment_status":"closed","ping_status":"closed","sticky":false,"template":"","format":"standard","meta":[],"categories":[13,20,8],"tags":[225,84,393,1245,2776],"_links":{"self":[{"href":"https:\/\/bisbalpenedes.com\/web\/wp-json\/wp\/v2\/posts\/31815"}],"collection":[{"href":"https:\/\/bisbalpenedes.com\/web\/wp-json\/wp\/v2\/posts"}],"about":[{"href":"https:\/\/bisbalpenedes.com\/web\/wp-json\/wp\/v2\/types\/post"}],"author":[{"embeddable":true,"href":"https:\/\/bisbalpenedes.com\/web\/wp-json\/wp\/v2\/users\/4"}],"replies":[{"embeddable":true,"href":"https:\/\/bisbalpenedes.com\/web\/wp-json\/wp\/v2\/comments?post=31815"}],"version-history":[{"count":1,"href":"https:\/\/bisbalpenedes.com\/web\/wp-json\/wp\/v2\/posts\/31815\/revisions"}],"predecessor-version":[{"id":31817,"href":"https:\/\/bisbalpenedes.com\/web\/wp-json\/wp\/v2\/posts\/31815\/revisions\/31817"}],"wp:featuredmedia":[{"embeddable":true,"href":"https:\/\/bisbalpenedes.com\/web\/wp-json\/wp\/v2\/media\/31816"}],"wp:attachment":[{"href":"https:\/\/bisbalpenedes.com\/web\/wp-json\/wp\/v2\/media?parent=31815"}],"wp:term":[{"taxonomy":"category","embeddable":true,"href":"https:\/\/bisbalpenedes.com\/web\/wp-json\/wp\/v2\/categories?post=31815"},{"taxonomy":"post_tag","embeddable":true,"href":"https:\/\/bisbalpenedes.com\/web\/wp-json\/wp\/v2\/tags?post=31815"}],"curies":[{"name":"wp","href":"https:\/\/api.w.org\/{rel}","templated":true}]}}