{"id":31810,"date":"2024-09-24T06:52:45","date_gmt":"2024-09-24T04:52:45","guid":{"rendered":"https:\/\/bisbalpenedes.com\/web\/?p=31810"},"modified":"2024-09-24T06:52:58","modified_gmt":"2024-09-24T04:52:58","slug":"el-dilluns-16-de-setembre-es-va-celebrar-el-ple-ordinari-corresponent-a-aquest-trimestre","status":"publish","type":"post","link":"https:\/\/bisbalpenedes.com\/web\/2024\/09\/24\/el-dilluns-16-de-setembre-es-va-celebrar-el-ple-ordinari-corresponent-a-aquest-trimestre\/","title":{"rendered":"El passat dilluns 16 de setembre es va celebrar el Ple ordinari corresponent a aquest trimestre"},"content":{"rendered":"\n<p>L\u2019Ajuntament de la Bisbal del Pened\u00e8s celebro, el pasado lunes 16 de setembre a les 18h, el Ple ordinari corresponent a aquest trimestre. A l\u2019inici del Ple, es va excusar l\u2019assist\u00e8ncia del regidor Mart\u00ed Deluca (La Bisbal Decideix).<\/p>\n\n\n\n<p>Podeu veure el v\u00eddeo del Ple, <a href=\"mailto:https:\/\/actes.bisbalpenedes.com\/session\/sessionDetail\/8a81808891f86df1019204694ff70004\">aqu\u00ed.<\/a><\/p>\n\n\n\n<p>S\u2019hi van tractar els punt seg\u00fcents:<\/p>\n\n\n\n<p><strong>PART RESOLUTIVA<\/strong><\/p>\n\n\n\n<p><strong>Punt 1.- Aprovaci\u00f3 de l\u2019acta del Ple ordinari del 17 de juny.<\/strong><\/p>\n\n\n\n<p>Es va aprovar per unanimitat.<\/p>\n\n\n\n<p><strong>Punt 2.- Aprovaci\u00f3 de l\u2019acta del Ple extraordinari del 13 d\u2019agost.<\/strong><\/p>\n\n\n\n<p>Es va aprovar amb els vots a favor de Comprom\u00eds amb la Bisbal (5), PSC (1), ERC (1) i La Bisbal Decideix (1) i les abstencions de Tots som la Bisbal \u2013 Urbanizaciones Unidas (2).<\/p>\n\n\n\n<p><strong>Punt 3.- Aprovaci\u00f3 del conveni interadministratiu de col\u00b7laboraci\u00f3 amb el Consell Comarcal del Baix Pened\u00e8s i diversos ajuntaments de la comarca per a la continu\u00eftat de l\u2019Oficina Comarcal d\u2019Impuls a la Transici\u00f3 Energ\u00e8tica del Baix Pened\u00e8s.<\/strong><\/p>\n\n\n\n<p>Es va aprovar per unanimitat.<\/p>\n\n\n\n<p>L\u2019Ajuntament de la Bisbal del Pened\u00e8s es va adherir al conveni per a la creaci\u00f3 de l\u2019Oficina Comarcal d\u2019Impuls a la Transici\u00f3 Energ\u00e8tica del Baix Pened\u00e8s el 2022. L\u2019objectiu de l\u2019oficina \u00e9s prioritzar el proc\u00e9s de descarbonitzaci\u00f3 en qu\u00e8 ens trobem actualment, amb el canvi de paradigma energ\u00e8tic europeu. Aix\u00ed, l\u2019Oficina facilita suport t\u00e8cnic a l\u2019Ajuntament en mat\u00e8ria de sanejament, oficina t\u00e8cnica ambiental comarcal (OTAC), qualitat de vida animal, prevenci\u00f3 d\u2019incendis i gesti\u00f3 de residus. &nbsp;L\u2019oficina Comarcal d\u2019Impuls a la Transici\u00f3 Energ\u00e8tica del Baix Pened\u00e8s es finan\u00e7a amb una subvenci\u00f3 de 90.000\u20ac de l\u2019Institut Catal\u00e0 d\u2019Energia (ICAEN) -equivalent al 88,16% del pressupost del projecte- i les aportacions dels 9 ajuntaments participants. L\u2019aportaci\u00f3 econ\u00f2mica de la Bisbal del Pened\u00e8s per a dues anualitats va ser de 1.342,84\u20ac.<\/p>\n\n\n\n<p>Aquest mes de juliol, l\u2019Institut Catal\u00e0 d\u2019Energia (ICAEN) ha atorgat subvenci\u00f3 al Consell Comarcal del Baix Pened\u00e8s per a la continu\u00eftat de l\u2019oficina comarcal d\u2019impuls de la transici\u00f3 energ\u00e8tica, en el marc de l\u2019estrat\u00e8gia SOLARCAT, a fi de preparar Catalunya per a la captaci\u00f3, l\u2019aprofitament i l\u2019emmagatzematge el\u00e8ctric de l\u2019energia solar. L\u2019import de la subvenci\u00f3 per al Consell Comarcal del Baix Pened\u00e8s \u00e9s de 50.000\u20ac (equivalent al 83,54% del pressupost del projecte). En aquesta segona fase hi participen tots els municipis de la comarca i l\u2019aportaci\u00f3 que far\u00e0 l\u2019Ajuntament de la Bisbal del Pened\u00e8s en dos anys ser\u00e0 de 354,84\u20ac.<\/p>\n\n\n\n<p><strong>PART DE CONTROL<\/strong><\/p>\n\n\n\n<p><strong>Punt 4.- Donar compte dels Decrets d\u2019alcaldia.<\/strong><\/p>\n\n\n\n<p>Es va donar compte dels Decrets d\u2019alcaldia des del Ple ordinari de juny fins el dia de la convocat\u00f2ria d\u2019aquest Ple.<\/p>\n\n\n\n<p><strong>Punt 5.- Donar compte de les actes de la Junta de Govern Local<\/strong><\/p>\n\n\n\n<p>Es va donar compte de les actes de la Junta de Govern Local des del Ple ordinari de juny fins el dia de la convocat\u00f2ria d\u2019aquest Ple.<\/p>\n\n\n\n<p><strong>Punt 6.- Donar compte del Pla d\u2019acci\u00f3 basat en l\u2019informe resum de control intern de l\u2019exercici 2023<\/strong><\/p>\n\n\n\n<p>Es va donar compte del Pla d\u2019acci\u00f3 basat en l\u2019informe resum de control intern de l\u2019exercici 2023 en compliment de l\u2019article 2.1 del Reial Decret 424\/2017, de 28 d\u2019abril, pel qual es regula el r\u00e8gim jur\u00eddic del control intern en les entitats del sector p\u00fablic local.<\/p>\n\n\n\n<p><strong>Punt 7.- Es dona compte de l\u2019informe d\u2019intervenci\u00f3 relatiu als drets i ingressos del 1r trimestre de 2024.<\/strong><\/p>\n\n\n\n<p>Es va donar compte de l\u2019informe d\u2019intervenci\u00f3 relatiu als drets i ingressos del 1r trimestre de 2024, en compliment amb l\u2019article 9 del Reial Decret 424\/2017, del 28 d\u2019abril, pel qual es regula el r\u00e8gim jur\u00eddic del control inern de les entitats del sector p\u00fablic local.<\/p>\n\n\n\n<p><strong>Punt 8.- Es dona compte de l\u2019informe d\u2019intervenci\u00f3 complementari del c\u00e0lcul de l\u2019estabilitat pressupost\u00e0ria i la sostenibilitat financera, de l\u2019aprovaci\u00f3 del pressupost 2024.<\/strong><\/p>\n\n\n\n<p>Es va donar compte de l\u2019informe d\u2019intervenci\u00f3 complementari del c\u00e0lcul de l\u2019estabilitat pressupost\u00e0ria i la sostenibilitat financera, de l\u2019aprovaci\u00f3 del pressupost 2024 que conclou que l\u2019Ajuntament compleix els objectius d\u2019estabilitat pressupost\u00e0ria, regla de la despesa i deute viu que estableix la Llei Org\u00e0nica d\u2019Estabilitat Pressupost\u00e0ria i Sostenibilitat Financera.<\/p>\n\n\n\n<p><strong>Punt 9.- Es dona compte de l\u2019informe d\u2019intervenci\u00f3 relatiu a l\u2019execuci\u00f3 del pressupost del 2n trimestre de 2024.<\/strong><\/p>\n\n\n\n<p>Es va donar compte de l\u2019informe d\u2019intervenci\u00f3 relatiu a l\u2019execuci\u00f3 del pressupost del 2n trimestre de 2024 en compliment de l\u2019article 16 de l\u2019Ordre HAP\/2105\/2012, de l\u20191 d\u2019octubre, per la qual es desenvolupen les obligacions de subministrament d\u2019informaci\u00f3 previstes a la Llei org\u00e0nica 2\/2012, del 27 d\u2019abril, d\u2019estabilitat pressupost\u00e0ria i sostenibilitat financera.<\/p>\n\n\n\n<p><strong>PRECS I PREGUNTES<\/strong><\/p>\n\n\n\n<hr class=\"wp-block-separator has-alpha-channel-opacity\"\/>\n\n\n\n<p><strong>CASTELLANO |&nbsp;El pasado lunes 16 de septiembre se celebr\u00f3 el Pleno ordinario correspondiente a este trimestre<\/strong><\/p>\n\n\n\n<p>El Ajuntament de la Bisbal del Pened\u00e8s celebr\u00f3, el pasado lunes 16 de septiembre a las 18h, el Pleno ordinario correspondiente a este trimestre. Al inicio del Pleno, se ha excusado la asistencia del concejal Mart\u00ed Deluca (La Bisbal Decideix).<\/p>\n\n\n\n<p>Pod\u00e9is ver el v\u00eddeo del Pleno, <a href=\"mailto:https:\/\/actes.bisbalpenedes.com\/session\/sessionDetail\/8a81808891f86df1019204694ff70004\">aqu\u00ed.<\/a><\/p>\n\n\n\n<p>Se trataron los siguientes puntos:<\/p>\n\n\n\n<p><strong>PARTE RESOLUTIVA<\/strong><\/p>\n\n\n\n<p><strong>Punto 1.- Aprobaci\u00f3n del acta del Pleno ordinario del 17 de junio.<\/strong><\/p>\n\n\n\n<p>Se aprob\u00f3 por unanimidad.<\/p>\n\n\n\n<p><strong>Punto 2.- Aprobaci\u00f3n del acta del Pleno extraordinario del 13 de agosto<\/strong>.<\/p>\n\n\n\n<p>Se aprob\u00f3 con los votos a favor de Comprom\u00eds amb la Bisbal (5), PSC (1), ERC (1) y La Bisbal Decideix (1) y las abstenciones de Tots som la Bisbal \u2013 Urbanizaciones Unidas (2).<\/p>\n\n\n\n<p><strong>Punto 3.- Aprobaci\u00f3n del convenio interadministrativo de colaboraci\u00f3n con el Consell Comarcal del Baix Pened\u00e8s y varios ayuntamientos de la comarca para la continuidad de la Oficina Comarcal d\u2019Impuls a la Transici\u00f3 Energ\u00e8tica del Baix Pened\u00e8s.<\/strong><\/p>\n\n\n\n<p>Se aprob\u00f3 por unanimidad.<\/p>\n\n\n\n<p>El Ajuntament de la Bisbal del Pened\u00e8s se adhiri\u00f3 al convenio para la creaci\u00f3n de la Oficina Comarcal d\u2019Impuls de la Transici\u00f3 Energ\u00e8tica del Baix Pened\u00e8s en 2022. El objetivo de la oficina es priorizar el proceso de descarbonizaci\u00f3n en el que nos encontramos actualmente, con el cambio de paradigma energ\u00e9tico europeo. As\u00ed, la Oficina facilita apoyo t\u00e9cnico al Ajuntament en materia de saneamiento, oficina t\u00e9cnica ambiental comarcal (OTAC), calidad de vida animal, prevenci\u00f3n de incendios y gesti\u00f3n de residuos. La Oficina Comarcal d\u2019Impuls de la Transici\u00f3 Energ\u00e8tica del Baix Pened\u00e8s se financia con una subvenci\u00f3n de 90.000\u20ac del Institut Catal\u00e0 d&#8217;Energia (ICAEN) -equivalente al 88,16% del presupuesto del proyecto- y las aportaciones de los 9 ayuntamientos participantes. La aportaci\u00f3n econ\u00f3mica de la Bisbal del Pened\u00e8s para dos anualidades fue de 1.342,84\u20ac.<\/p>\n\n\n\n<p>Este mes de julio, el Institut Catal\u00e0 d&#8217;Energia (ICAEN) ha otorgado una subvenci\u00f3n al Consell Comarcal del Baix Pened\u00e8s para la continuidad de la oficina comarcal de impulso de la transici\u00f3n energ\u00e9tica, en el marco de la estrategia SOLARCAT, con el fin de preparar Catalunya para la captaci\u00f3n, el aprovechamiento y el almacenamiento el\u00e9ctrico de la energ\u00eda solar. El importe de la subvenci\u00f3n para el Consell Comarcal del Baix Pened\u00e8s es de 50.000\u20ac (equivalente al 83,54% del presupuesto del proyecto). En esta segunda fase participan todos los municipios de la comarca y la aportaci\u00f3n que har\u00e1 el Ajuntament de la Bisbal del Pened\u00e8s en dos a\u00f1os ser\u00e1 de 354,84\u20ac.<\/p>\n\n\n\n<p><strong>PARTE DE CONTROL<\/strong><\/p>\n\n\n\n<p><strong>Punto 4.- Dar cuenta de los Decretos de alcald\u00eda.<\/strong><\/p>\n\n\n\n<p>Se dio cuenta de los Decretos de alcald\u00eda desde el Pleno ordinario de junio hasta el d\u00eda de la convocatoria de este Pleno.<\/p>\n\n\n\n<p><strong>Punto 5.- Dar cuenta de las actas de la Junta de Gobierno Local<\/strong><\/p>\n\n\n\n<p>Se dio cuenta de las actas de la Junta de Gobierno Local desde el Pleno ordinario de junio hasta el d\u00eda de la convocatoria de este Pleno.<\/p>\n\n\n\n<p><strong>Punto 6.- Dar cuenta del Plan de acci\u00f3n basado en el informe resumen de control interno del ejercicio 2023<\/strong><\/p>\n\n\n\n<p>Se dio cuenta del Plan de acci\u00f3n basado en el informe resumen de control interno del ejercicio 2023 en cumplimiento del art\u00edculo 2.1 del Real Decreto 424\/2017, de 28 de abril, por el que se regula el r\u00e9gimen jur\u00eddico del control interno en las entidades del sector p\u00fablico local.<\/p>\n\n\n\n<p><strong>Punto 7.- Se da cuenta del informe de intervenci\u00f3n relativo a los derechos e ingresos del 1er trimestre de 2024.<\/strong><\/p>\n\n\n\n<p>Se dio cuenta del informe de intervenci\u00f3n relativo a los derechos e ingresos del 1er trimestre de 2024, en cumplimiento con el art\u00edculo 9 del Real Decreto 424\/2017, del 28 de abril, por el que se regula el r\u00e9gimen jur\u00eddico del control interno de las entidades del sector p\u00fablico local.<\/p>\n\n\n\n<p><strong>Punto 8.- Se da cuenta del informe de intervenci\u00f3n complementario del c\u00e1lculo de la estabilidad presupuestaria y la sostenibilidad financiera, de la aprobaci\u00f3n del presupuesto 2024.<\/strong><\/p>\n\n\n\n<p>Se dio cuenta del informe de intervenci\u00f3n complementario del c\u00e1lculo de la estabilidad presupuestaria y la sostenibilidad financiera, de la aprobaci\u00f3n del presupuesto 2024 que concluye que el Ajuntament cumple los objetivos de estabilidad presupuestaria, regla del gasto y deuda viva que establece la Ley Org\u00e1nica de Estabilidad Presupuestaria y Sostenibilidad Financiera.<\/p>\n\n\n\n<p><strong>Punto 9.- Se da cuenta del informe de intervenci\u00f3n relativo a la ejecuci\u00f3n del presupuesto del 2\u00ba trimestre de 2024.<\/strong><\/p>\n\n\n\n<p>Se dio cuenta del informe de intervenci\u00f3n relativo a la ejecuci\u00f3n del presupuesto del 2\u00ba trimestre de 2024 en cumplimiento del art\u00edculo 16 de la Orden HAP\/2105\/2012, del 1 de octubre, por la que se desarrollan las obligaciones de suministro de informaci\u00f3n previstas en la Ley org\u00e1nica 2\/2012, del 27 de abril, de estabilidad presupuestaria y sostenibilidad financiera.<\/p>\n\n\n\n<p><strong>RUEGOS Y PREGUNTAS<\/strong><\/p>\n","protected":false},"excerpt":{"rendered":"<p>L\u2019Ajuntament de la Bisbal del Pened\u00e8s celebro, el pasado lunes 16 de setembre a les 18h, el Ple ordinari corresponent a aquest trimestre. A l\u2019inici del Ple, es va excusar &hellip; <a href=\"https:\/\/bisbalpenedes.com\/web\/2024\/09\/24\/el-dilluns-16-de-setembre-es-va-celebrar-el-ple-ordinari-corresponent-a-aquest-trimestre\/\" class=\"more-link\">Read More<\/a><\/p>\n","protected":false},"author":4,"featured_media":31811,"comment_status":"closed","ping_status":"closed","sticky":false,"template":"","format":"standard","meta":[],"categories":[8,2251,2250],"tags":[459,393,1374,139,6844,249],"_links":{"self":[{"href":"https:\/\/bisbalpenedes.com\/web\/wp-json\/wp\/v2\/posts\/31810"}],"collection":[{"href":"https:\/\/bisbalpenedes.com\/web\/wp-json\/wp\/v2\/posts"}],"about":[{"href":"https:\/\/bisbalpenedes.com\/web\/wp-json\/wp\/v2\/types\/post"}],"author":[{"embeddable":true,"href":"https:\/\/bisbalpenedes.com\/web\/wp-json\/wp\/v2\/users\/4"}],"replies":[{"embeddable":true,"href":"https:\/\/bisbalpenedes.com\/web\/wp-json\/wp\/v2\/comments?post=31810"}],"version-history":[{"count":2,"href":"https:\/\/bisbalpenedes.com\/web\/wp-json\/wp\/v2\/posts\/31810\/revisions"}],"predecessor-version":[{"id":31813,"href":"https:\/\/bisbalpenedes.com\/web\/wp-json\/wp\/v2\/posts\/31810\/revisions\/31813"}],"wp:featuredmedia":[{"embeddable":true,"href":"https:\/\/bisbalpenedes.com\/web\/wp-json\/wp\/v2\/media\/31811"}],"wp:attachment":[{"href":"https:\/\/bisbalpenedes.com\/web\/wp-json\/wp\/v2\/media?parent=31810"}],"wp:term":[{"taxonomy":"category","embeddable":true,"href":"https:\/\/bisbalpenedes.com\/web\/wp-json\/wp\/v2\/categories?post=31810"},{"taxonomy":"post_tag","embeddable":true,"href":"https:\/\/bisbalpenedes.com\/web\/wp-json\/wp\/v2\/tags?post=31810"}],"curies":[{"name":"wp","href":"https:\/\/api.w.org\/{rel}","templated":true}]}}