{"id":31807,"date":"2024-09-24T06:36:53","date_gmt":"2024-09-24T04:36:53","guid":{"rendered":"https:\/\/bisbalpenedes.com\/web\/?p=31807"},"modified":"2024-09-24T06:36:53","modified_gmt":"2024-09-24T04:36:53","slug":"lajuntament-de-la-bisbal-del-penedes-rebra-una-subvencio-de-27-91611e-per-millorar-i-impulsar-el-control-poblacional-de-colonies-felines","status":"publish","type":"post","link":"https:\/\/bisbalpenedes.com\/web\/2024\/09\/24\/lajuntament-de-la-bisbal-del-penedes-rebra-una-subvencio-de-27-91611e-per-millorar-i-impulsar-el-control-poblacional-de-colonies-felines\/","title":{"rendered":"L&#8217;Ajuntament de la Bisbal del Pened\u00e8s rebr\u00e0 una subvenci\u00f3 de 27.916,11\u20ac per millorar i impulsar el control poblacional de col\u00f2nies felines"},"content":{"rendered":"\n<p>El Ministeri de Drets Socials, Consum i Agenda 2030 ha concedit al nostre municipi una subvenci\u00f3 de 27.916,11\u20ac per millorar i impulsar el control poblacional de col\u00f2nies felines.<\/p>\n\n\n\n<p>Aquesta subvenci\u00f3 forma part de la convocat\u00f2ria 2024 destinada a entitats locals i ens permetr\u00e0 millorar el benestar dels gats de carrer i gestionar de manera m\u00e9s eficient les col\u00f2nies felines del nostre municipi.<\/p>\n\n\n\n<p>El regidor de Benestar Animal, Daniel Caballero, celebra la subvenci\u00f3 que atorga el Ministeri &nbsp;<em>\u201cperqu\u00e8 demostra el bon compliment de la Llei de Benestar animal, aix\u00ed com el ferm comprom\u00eds de l\u2019equip de govern\u201d.<\/em><\/p>\n\n\n\n<p>Continuem treballant per garantir el benestar dels animals del nostre entorn!&nbsp;<\/p>\n\n\n\n<hr class=\"wp-block-separator has-alpha-channel-opacity\"\/>\n\n\n\n<p><strong>CASTELLANO |&nbsp;<\/strong>El Ministerio de Derechos Sociales, Consumo y Agenda 2030 ha concedido a nuestro municipio una subvenci\u00f3n de 27.916,11\u20ac para mejorar e impulsar el control poblacional de colonias felinas.<\/p>\n\n\n\n<p>Esta subvenci\u00f3n forma parte de la convocatoria 2024 destinada a entidades locales y nos permitir\u00e1 mejorar el bienestar de los gatos callejeros y gestionar de manera m\u00e1s eficiente las colonias felinas de nuestro municipio.<\/p>\n\n\n\n<p>El concejal de Bienestar Animal, Daniel Caballero, celebra la subvenci\u00f3n que otorga el Ministerio&nbsp;<em>\u201cporque demuestra el buen cumplimiento de la Ley de Bienestar animal, as\u00ed como el firme compromiso del equipo de gobierno\u201d.<\/em><\/p>\n\n\n\n<p>\u00a1Seguimos trabajando para garantizar el bienestar de los animales de nuestro entorno!&nbsp;<\/p>\n","protected":false},"excerpt":{"rendered":"<p>El Ministeri de Drets Socials, Consum i Agenda 2030 ha concedit al nostre municipi una subvenci\u00f3 de 27.916,11\u20ac per millorar i impulsar el control poblacional de col\u00f2nies felines. Aquesta subvenci\u00f3 &hellip; <a href=\"https:\/\/bisbalpenedes.com\/web\/2024\/09\/24\/lajuntament-de-la-bisbal-del-penedes-rebra-una-subvencio-de-27-91611e-per-millorar-i-impulsar-el-control-poblacional-de-colonies-felines\/\" class=\"more-link\">Read More<\/a><\/p>\n","protected":false},"author":4,"featured_media":31808,"comment_status":"closed","ping_status":"closed","sticky":false,"template":"","format":"standard","meta":[],"categories":[6117,8],"tags":[459,5931,393,1374],"_links":{"self":[{"href":"https:\/\/bisbalpenedes.com\/web\/wp-json\/wp\/v2\/posts\/31807"}],"collection":[{"href":"https:\/\/bisbalpenedes.com\/web\/wp-json\/wp\/v2\/posts"}],"about":[{"href":"https:\/\/bisbalpenedes.com\/web\/wp-json\/wp\/v2\/types\/post"}],"author":[{"embeddable":true,"href":"https:\/\/bisbalpenedes.com\/web\/wp-json\/wp\/v2\/users\/4"}],"replies":[{"embeddable":true,"href":"https:\/\/bisbalpenedes.com\/web\/wp-json\/wp\/v2\/comments?post=31807"}],"version-history":[{"count":1,"href":"https:\/\/bisbalpenedes.com\/web\/wp-json\/wp\/v2\/posts\/31807\/revisions"}],"predecessor-version":[{"id":31809,"href":"https:\/\/bisbalpenedes.com\/web\/wp-json\/wp\/v2\/posts\/31807\/revisions\/31809"}],"wp:featuredmedia":[{"embeddable":true,"href":"https:\/\/bisbalpenedes.com\/web\/wp-json\/wp\/v2\/media\/31808"}],"wp:attachment":[{"href":"https:\/\/bisbalpenedes.com\/web\/wp-json\/wp\/v2\/media?parent=31807"}],"wp:term":[{"taxonomy":"category","embeddable":true,"href":"https:\/\/bisbalpenedes.com\/web\/wp-json\/wp\/v2\/categories?post=31807"},{"taxonomy":"post_tag","embeddable":true,"href":"https:\/\/bisbalpenedes.com\/web\/wp-json\/wp\/v2\/tags?post=31807"}],"curies":[{"name":"wp","href":"https:\/\/api.w.org\/{rel}","templated":true}]}}