{"id":31803,"date":"2024-09-23T17:11:58","date_gmt":"2024-09-23T15:11:58","guid":{"rendered":"https:\/\/bisbalpenedes.com\/web\/?p=31803"},"modified":"2024-09-23T17:11:58","modified_gmt":"2024-09-23T15:11:58","slug":"el-regidor-densenyament-sha-reunit-amb-la-consellera-deconomia-de-la-generalitat-avui-dilluns","status":"publish","type":"post","link":"https:\/\/bisbalpenedes.com\/web\/2024\/09\/23\/el-regidor-densenyament-sha-reunit-amb-la-consellera-deconomia-de-la-generalitat-avui-dilluns\/","title":{"rendered":"El regidor d&#8217;Ensenyament s&#8217;ha reunit amb la Consellera d&#8217;Economia de la Generalitat avui dilluns"},"content":{"rendered":"\n<p>El Regidor d&#8217;Ensenyament, Daniel Caballero, s&#8217;ha reunit a Cunit amb la Consellera d&#8217;Economia de la Generalitat de Catalunya, Al\u00edcia Romero, avui dilluns.<\/p>\n\n\n\n<p>Durant la trobada, el regidor li ha traslladat la necessitat urgent d&#8217;incloure en els futurs pressupostos de la Generalitat l&#8217;ampliaci\u00f3 de l&#8217;escola p\u00fablica Ull de Vent, que actualment es troba repartida en dos edificis.<\/p>\n\n\n\n<p>El regidor Dani Caballero considera que <em>&#8220;aquesta ampliaci\u00f3 \u00e9s essencial per millorar les condicions educatives dels nostres estudiants i mestres i unificar les instal\u00b7lacions del centre&#8221;.<\/em><\/p>\n\n\n\n<hr class=\"wp-block-separator has-alpha-channel-opacity\"\/>\n\n\n\n<p>El Concejal de Educaci\u00f3n, Daniel Caballero, se ha reunido en Cunit con la Consejera de Econom\u00eda de la Generalitat de Catalu\u00f1a, Al\u00edcia Romero, hoy lunes.<\/p>\n\n\n\n<p>Durante el encuentro, el concejal le ha trasladado la necesidad urgente de incluir en los futuros presupuestos de la Generalitat la ampliaci\u00f3n de la escuela p\u00fablica Ull de Vent, que actualmente se encuentra repartida en dos edificios.<\/p>\n\n\n\n<p>El concejal Dani Caballero considera que <em>&#8220;esta ampliaci\u00f3n es esencial para mejorar las condiciones educativas de nuestros estudiantes y maestros y unificar las instalaciones del centro&#8221;.<\/em><\/p>\n","protected":false},"excerpt":{"rendered":"<p>El Regidor d&#8217;Ensenyament, Daniel Caballero, s&#8217;ha reunit a Cunit amb la Consellera d&#8217;Economia de la Generalitat de Catalunya, Al\u00edcia Romero, avui dilluns. Durant la trobada, el regidor li ha traslladat &hellip; <a href=\"https:\/\/bisbalpenedes.com\/web\/2024\/09\/23\/el-regidor-densenyament-sha-reunit-amb-la-consellera-deconomia-de-la-generalitat-avui-dilluns\/\" class=\"more-link\">Read More<\/a><\/p>\n","protected":false},"author":4,"featured_media":31804,"comment_status":"closed","ping_status":"closed","sticky":false,"template":"","format":"standard","meta":[],"categories":[3456,8],"tags":[3638,2516,6411,65,397,222],"_links":{"self":[{"href":"https:\/\/bisbalpenedes.com\/web\/wp-json\/wp\/v2\/posts\/31803"}],"collection":[{"href":"https:\/\/bisbalpenedes.com\/web\/wp-json\/wp\/v2\/posts"}],"about":[{"href":"https:\/\/bisbalpenedes.com\/web\/wp-json\/wp\/v2\/types\/post"}],"author":[{"embeddable":true,"href":"https:\/\/bisbalpenedes.com\/web\/wp-json\/wp\/v2\/users\/4"}],"replies":[{"embeddable":true,"href":"https:\/\/bisbalpenedes.com\/web\/wp-json\/wp\/v2\/comments?post=31803"}],"version-history":[{"count":1,"href":"https:\/\/bisbalpenedes.com\/web\/wp-json\/wp\/v2\/posts\/31803\/revisions"}],"predecessor-version":[{"id":31805,"href":"https:\/\/bisbalpenedes.com\/web\/wp-json\/wp\/v2\/posts\/31803\/revisions\/31805"}],"wp:featuredmedia":[{"embeddable":true,"href":"https:\/\/bisbalpenedes.com\/web\/wp-json\/wp\/v2\/media\/31804"}],"wp:attachment":[{"href":"https:\/\/bisbalpenedes.com\/web\/wp-json\/wp\/v2\/media?parent=31803"}],"wp:term":[{"taxonomy":"category","embeddable":true,"href":"https:\/\/bisbalpenedes.com\/web\/wp-json\/wp\/v2\/categories?post=31803"},{"taxonomy":"post_tag","embeddable":true,"href":"https:\/\/bisbalpenedes.com\/web\/wp-json\/wp\/v2\/tags?post=31803"}],"curies":[{"name":"wp","href":"https:\/\/api.w.org\/{rel}","templated":true}]}}