{"id":31791,"date":"2024-09-20T11:27:27","date_gmt":"2024-09-20T09:27:27","guid":{"rendered":"https:\/\/bisbalpenedes.com\/web\/?p=31791"},"modified":"2024-09-20T11:35:53","modified_gmt":"2024-09-20T09:35:53","slug":"larea-docupacio-ha-estat-present-a-lspeed-job-dating-de-coma-ruga-en-el-marc-del-programa-treball-a-comarques","status":"publish","type":"post","link":"https:\/\/bisbalpenedes.com\/web\/2024\/09\/20\/larea-docupacio-ha-estat-present-a-lspeed-job-dating-de-coma-ruga-en-el-marc-del-programa-treball-a-comarques\/","title":{"rendered":"L&#8217;\u00e0rea d&#8217;Ocupaci\u00f3 ha estat present a l&#8217;Speed Job Dating de Coma-Ruga en el marc del programa &#8220;Treball a Comarques&#8221;"},"content":{"rendered":"\n<p>Aquest dimecres 18 de setembre el Tabaris de Coma-Ruga ha estat l\u2019escenari d\u2019una jornada d\u2019entrevistes r\u00e0pides \u201cSpeed Job Dating\u201d amb 22 empreses del sector industrial i log\u00edstic. Aquesta, \u00e9s una activitat que es du a terme en el marc de \u201cTreball a Comarques\u201d, una iniciativa comarcal de la qual forma part l\u2019Ajuntament de la Bisbal del Pened\u00e8s. L\u2019alcaldessa i responsable de l\u2019\u00e0rea d\u2019Ocupaci\u00f3, Agn\u00e8s Ferr\u00e9; i la t\u00e8cnica d\u2019Ocupaci\u00f3, Arantzazu Longares, hi han assistit.<\/p>\n\n\n\n<p>Us recordem que el passat 5 de setembre l\u2019Hotel d\u2019Entitats va oferir una jornada d\u2019assessorament pr\u00e8via a aquesta jornada per ajudar els candidats interessats a assistir a l\u2019Speed Job Dating a preparar les entrevistes.<\/p>\n\n\n\n<hr class=\"wp-block-separator has-alpha-channel-opacity\"\/>\n\n\n\n<p>Este mi\u00e9rcoles 18 de septiembre el Tabaris de Coma-Ruga ha sido el escenario de una jornada de entrevistas r\u00e1pidas &#8220;Speed Job Dating&#8221; con 22 empresas del sector industrial y log\u00edstico. Esta es una actividad que se lleva a cabo en el marco de &#8220;Trabajo en Comarcas&#8221;, una iniciativa comarcal de la que forma parte el Ajuntament de La Bisbal del Pened\u00e8s. La alcaldesa y responsable del \u00e1rea de Ocupaci\u00f3n, Agn\u00e8s Ferr\u00e9; y la t\u00e9cnica de Ocupaci\u00f3n, Arantzazu Longares, han asistido a este evento.<\/p>\n\n\n\n<p>Os recordamos que el pasado 5 de septiembre el Hotel de Entidades ofreci\u00f3 una jornada de asesoramiento previa a esta jornada para ayudar a los candidatos interesados en asistir al Speed Job Dating a preparar las entrevistes.<\/p>\n","protected":false},"excerpt":{"rendered":"<p>Aquest dimecres 18 de setembre el Tabaris de Coma-Ruga ha estat l\u2019escenari d\u2019una jornada d\u2019entrevistes r\u00e0pides \u201cSpeed Job Dating\u201d amb 22 empreses del sector industrial i log\u00edstic. Aquesta, \u00e9s una &hellip; <a href=\"https:\/\/bisbalpenedes.com\/web\/2024\/09\/20\/larea-docupacio-ha-estat-present-a-lspeed-job-dating-de-coma-ruga-en-el-marc-del-programa-treball-a-comarques\/\" class=\"more-link\">Read More<\/a><\/p>\n","protected":false},"author":4,"featured_media":31792,"comment_status":"closed","ping_status":"closed","sticky":false,"template":"","format":"standard","meta":[],"categories":[8,9],"tags":[459,393,6655,6504],"_links":{"self":[{"href":"https:\/\/bisbalpenedes.com\/web\/wp-json\/wp\/v2\/posts\/31791"}],"collection":[{"href":"https:\/\/bisbalpenedes.com\/web\/wp-json\/wp\/v2\/posts"}],"about":[{"href":"https:\/\/bisbalpenedes.com\/web\/wp-json\/wp\/v2\/types\/post"}],"author":[{"embeddable":true,"href":"https:\/\/bisbalpenedes.com\/web\/wp-json\/wp\/v2\/users\/4"}],"replies":[{"embeddable":true,"href":"https:\/\/bisbalpenedes.com\/web\/wp-json\/wp\/v2\/comments?post=31791"}],"version-history":[{"count":2,"href":"https:\/\/bisbalpenedes.com\/web\/wp-json\/wp\/v2\/posts\/31791\/revisions"}],"predecessor-version":[{"id":31794,"href":"https:\/\/bisbalpenedes.com\/web\/wp-json\/wp\/v2\/posts\/31791\/revisions\/31794"}],"wp:featuredmedia":[{"embeddable":true,"href":"https:\/\/bisbalpenedes.com\/web\/wp-json\/wp\/v2\/media\/31792"}],"wp:attachment":[{"href":"https:\/\/bisbalpenedes.com\/web\/wp-json\/wp\/v2\/media?parent=31791"}],"wp:term":[{"taxonomy":"category","embeddable":true,"href":"https:\/\/bisbalpenedes.com\/web\/wp-json\/wp\/v2\/categories?post=31791"},{"taxonomy":"post_tag","embeddable":true,"href":"https:\/\/bisbalpenedes.com\/web\/wp-json\/wp\/v2\/tags?post=31791"}],"curies":[{"name":"wp","href":"https:\/\/api.w.org\/{rel}","templated":true}]}}