{"id":31787,"date":"2024-09-20T09:46:06","date_gmt":"2024-09-20T07:46:06","guid":{"rendered":"https:\/\/bisbalpenedes.com\/web\/?p=31787"},"modified":"2024-09-24T06:53:31","modified_gmt":"2024-09-24T04:53:31","slug":"aquest-dissabte-a-la-tarda-a-partir-de-les-15h-no-es-podra-aparcar-a-la-part-de-dalt-de-la-placa-pau-casals","status":"publish","type":"post","link":"https:\/\/bisbalpenedes.com\/web\/2024\/09\/20\/aquest-dissabte-a-la-tarda-a-partir-de-les-15h-no-es-podra-aparcar-a-la-part-de-dalt-de-la-placa-pau-casals\/","title":{"rendered":"Aquest diumenge a la tarda (a partir de les 15h) no es podr\u00e0 aparcar a la part de dalt de la pla\u00e7a Pau Casals"},"content":{"rendered":"\n<p>Aquest diumenge, a partir de les 15h, no es podr\u00e0 aparcar a la part de dalt de la pla\u00e7a Pau Casals, ja que el Ball de Diables de la Bisbal del Pened\u00e8s far\u00e0 una encesa al davant del mural durant la tarda. Disculpeu les mol\u00e8sties.<\/p>\n\n\n\n<hr class=\"wp-block-separator has-alpha-channel-opacity\"\/>\n\n\n\n<p>Este domingo a partir de las 15h, no se podr\u00e1 aparcar en la parte de arriba de la plaza Pau Casals, ya que el Ball de Diables de la Bisbal del Pened\u00e8s har\u00e1 una &#8216;encesa&#8217; delante del mural durante la tarde. Disculpen las molestias.<\/p>\n","protected":false},"excerpt":{"rendered":"<p>Aquest diumenge, a partir de les 15h, no es podr\u00e0 aparcar a la part de dalt de la pla\u00e7a Pau Casals, ja que el Ball de Diables de la Bisbal &hellip; <a href=\"https:\/\/bisbalpenedes.com\/web\/2024\/09\/20\/aquest-dissabte-a-la-tarda-a-partir-de-les-15h-no-es-podra-aparcar-a-la-part-de-dalt-de-la-placa-pau-casals\/\" class=\"more-link\">Read More<\/a><\/p>\n","protected":false},"author":4,"featured_media":31799,"comment_status":"closed","ping_status":"closed","sticky":false,"template":"","format":"standard","meta":[],"categories":[1628,8],"tags":[],"_links":{"self":[{"href":"https:\/\/bisbalpenedes.com\/web\/wp-json\/wp\/v2\/posts\/31787"}],"collection":[{"href":"https:\/\/bisbalpenedes.com\/web\/wp-json\/wp\/v2\/posts"}],"about":[{"href":"https:\/\/bisbalpenedes.com\/web\/wp-json\/wp\/v2\/types\/post"}],"author":[{"embeddable":true,"href":"https:\/\/bisbalpenedes.com\/web\/wp-json\/wp\/v2\/users\/4"}],"replies":[{"embeddable":true,"href":"https:\/\/bisbalpenedes.com\/web\/wp-json\/wp\/v2\/comments?post=31787"}],"version-history":[{"count":2,"href":"https:\/\/bisbalpenedes.com\/web\/wp-json\/wp\/v2\/posts\/31787\/revisions"}],"predecessor-version":[{"id":31800,"href":"https:\/\/bisbalpenedes.com\/web\/wp-json\/wp\/v2\/posts\/31787\/revisions\/31800"}],"wp:featuredmedia":[{"embeddable":true,"href":"https:\/\/bisbalpenedes.com\/web\/wp-json\/wp\/v2\/media\/31799"}],"wp:attachment":[{"href":"https:\/\/bisbalpenedes.com\/web\/wp-json\/wp\/v2\/media?parent=31787"}],"wp:term":[{"taxonomy":"category","embeddable":true,"href":"https:\/\/bisbalpenedes.com\/web\/wp-json\/wp\/v2\/categories?post=31787"},{"taxonomy":"post_tag","embeddable":true,"href":"https:\/\/bisbalpenedes.com\/web\/wp-json\/wp\/v2\/tags?post=31787"}],"curies":[{"name":"wp","href":"https:\/\/api.w.org\/{rel}","templated":true}]}}