{"id":31779,"date":"2024-09-19T19:15:53","date_gmt":"2024-09-19T17:15:53","guid":{"rendered":"https:\/\/bisbalpenedes.com\/web\/?p=31779"},"modified":"2024-09-19T19:15:53","modified_gmt":"2024-09-19T17:15:53","slug":"la-bisbal-del-penedes-es-tornara-a-omplir-dart-cultura-i-tecnologia-del-20-al-22-de-setembre","status":"publish","type":"post","link":"https:\/\/bisbalpenedes.com\/web\/2024\/09\/19\/la-bisbal-del-penedes-es-tornara-a-omplir-dart-cultura-i-tecnologia-del-20-al-22-de-setembre\/","title":{"rendered":"<strong>La Bisbal del Pened\u00e8s es tornar\u00e0 a omplir d\u2019art, cultura i tecnologia del 20 al 22 de setembre<\/strong>"},"content":{"rendered":"\n<p><strong>El municipi celebra una nova edici\u00f3 del GraffTech Fest durant la qual set artistes diferents pintaran sis nous murals<\/strong><\/p>\n\n\n\n<p>Per segon any consecutiu, la Bisbal del Pened\u00e8s acull el GraffTech Fest, l\u2019\u00fanic festival del m\u00f3n on tots els murals tenen realitat augmentada 2D i 3D. L\u2019esdeveniment, que engloba art, cultura i tecnologia, comptar\u00e0 amb la participaci\u00f3 de set artistes diferents que pintaran un total de sis murals entre el divendres 20 de setembre i el diumenge 22 de setembre.<\/p>\n\n\n\n<p>Aix\u00ed, durant el pr\u00f2xim cap de setmana, els artistes Lalone, Sasa, MariaDie, Nauni, Dank, Eslicer i Dridali estaran treballant en les seves obres d\u2019art en diferents punts de la vila. Enguany, les tem\u00e0tiques triades tenen relaci\u00f3 amb les entitats del municipi i la tradici\u00f3 i, de fet, la regidora de Cultura, Judith Vidal, ha explicat que <em>\u201cenguany estrenarem murals relacionats amb temes tradicionals, des de la cultura popular a les entitats, passant per les festes populars o el treball de la terra\u201d. <\/em>Vidal ha afegit que <em>\u201ctenim moltes ganes de veure com queden aquestes noves obres, els artistes sempre ens sorprenen i \u00e9s molt bonic veure com cada muralista t\u00e9 el seu propi estil\u201d.<\/em><\/p>\n\n\n\n<p>Durant \u00a0el proper cap de setmana es duran a terme diverses activitats, com ara tallers infantils el dissabte a la tarda o les rutes a cavall amb tastos de productes de la terra, una experi\u00e8ncia per a la qual caldr\u00e0 fer la reserva per al dissabte a la tarda o per al diumenge al mat\u00ed a trav\u00e9s del perfil d\u2019Instagram del <a href=\"http:\/\/www.instagram.com\/grafftech_fest\">GraffTech Fest<\/a> (ja s\u2019hi pot contactar aquesta setmana per demanar informaci\u00f3 i reservar). Quant als tallers, seran gratu\u00efts i es podran fer a la pla\u00e7a Pau Casals el dissabte de 17:00h a 19:30h. Seran de pintura, <em>graffiti<\/em> i realitat augmentada i tamb\u00e9 hi haur\u00e0 una gimcana art\u00edstica amb premis. A la mateixa pla\u00e7a Pau Casals hi haur\u00e0 un <em>photocall,<\/em> on les fam\u00edlies es podran fer fotografies amb diverses mascotes del festival.<\/p>\n\n\n\n<figure class=\"wp-block-image size-large is-resized\"><img loading=\"lazy\" src=\"https:\/\/bisbalpenedes.com\/web\/wp-content\/uploads\/2024\/09\/WhatsApp-Image-2024-09-18-at-08.00.00-1024x1024.jpeg\" alt=\"\" class=\"wp-image-31780\" width=\"840\" height=\"840\" srcset=\"https:\/\/bisbalpenedes.com\/web\/wp-content\/uploads\/2024\/09\/WhatsApp-Image-2024-09-18-at-08.00.00-1024x1024.jpeg 1024w, https:\/\/bisbalpenedes.com\/web\/wp-content\/uploads\/2024\/09\/WhatsApp-Image-2024-09-18-at-08.00.00-300x300.jpeg 300w, https:\/\/bisbalpenedes.com\/web\/wp-content\/uploads\/2024\/09\/WhatsApp-Image-2024-09-18-at-08.00.00-150x150.jpeg 150w, https:\/\/bisbalpenedes.com\/web\/wp-content\/uploads\/2024\/09\/WhatsApp-Image-2024-09-18-at-08.00.00-768x768.jpeg 768w, https:\/\/bisbalpenedes.com\/web\/wp-content\/uploads\/2024\/09\/WhatsApp-Image-2024-09-18-at-08.00.00-1536x1536.jpeg 1536w, https:\/\/bisbalpenedes.com\/web\/wp-content\/uploads\/2024\/09\/WhatsApp-Image-2024-09-18-at-08.00.00-600x600.jpeg 600w, https:\/\/bisbalpenedes.com\/web\/wp-content\/uploads\/2024\/09\/WhatsApp-Image-2024-09-18-at-08.00.00-100x100.jpeg 100w, https:\/\/bisbalpenedes.com\/web\/wp-content\/uploads\/2024\/09\/WhatsApp-Image-2024-09-18-at-08.00.00.jpeg 1600w\" sizes=\"(max-width: 840px) 100vw, 840px\" \/><\/figure>\n\n\n\n<p>L\u2019alcaldessa de la Bisbal del Pened\u00e8s, Agn\u00e8s Ferr\u00e9, considera que <em>\u201caquesta \u00e9s una gran iniciativa que va n\u00e9ixer de la m\u00e0 d\u2019un bisbalenc i que enguany la tornem a repetir, ja que ens ha portat molt\u00edssims visitants al municipi i ha fet que la nostra vila tingui un gran atractiu tur\u00edstic. Hem notat que ens visita molta m\u00e9s gent, que tenim m\u00e9s pres\u00e8ncia a internet -ja que les persones que v\u00e9nen a la Bisbal comparteixen les fotos i v\u00eddeos que fan- i, a m\u00e9s, ens sembla molt interessant que es puguin fer coincidir tradicions, art, cultura i tecnologia en una mateixa iniciativa. El nostre poble llueix cada vegada m\u00e9s bonic gr\u00e0cies a l\u2019art i aquest tamb\u00e9 \u00e9s un altre motiu de pes per seguir apostant per aquesta iniciativa\u201d.<\/em><\/p>\n\n\n\n<p>Tot i que es tracta de la segona edici\u00f3 del festival a la Bisbal del Pened\u00e8s, aquesta \u00e9s la cinquena edici\u00f3 de l\u2019esdeveniment, ja que la Bisbal tamb\u00e9 va acollir el GraffTech Kids, adre\u00e7at als alumnes de l\u2019escola bisbalenca Ull de Vent i, posteriorment, l\u2019esdeveniment tamb\u00e9 s\u2019ha celebrat a l\u2019Espluga de Francol\u00ed i M\u00f3ra d\u2019Ebre. El festival el promou l\u2019empresa Suite of Art i el bisbalenc Jaume Junqu\u00e9 n\u2019\u00e9s el CEO. Junqu\u00e9 ha explicat que <em>\u201cestem molt orgullosos i contents pel fet que la Bisbal fos el primer municipi que acoll\u00eds el festival, ja que \u00e9s el meu. Des de l\u2019Ajuntament em van obrir les portes de seguida que vaig fer la proposta l\u2019any passat i, ara, tornem a repetir. Estic molt agra\u00eft. El festival est\u00e0 creixent per\u00f2 sempre li donarem prioritat a la Bisbal\u201d. <\/em>L\u2019emprenedor bisbalenc ha explicat que<em> \u201ctamb\u00e9 estem treballant en una xarxa social pr\u00f2pia que aplegar\u00e0 tots els municipis que participen en el GraffTechFest\u201d. <\/em>Quant a ambicions, Junqu\u00e9 ha explicat que l\u2019any vinent li agradaria estar portant el festival a altres pa\u00efsos d\u2019Europa i als Estats Units.<\/p>\n\n\n\n<p>Per a m\u00e9s informaci\u00f3 sobre el festival, podeu visitar el perfil d\u2019Instagram <a href=\"http:\/\/www.instagram.com\/grafftech_fest\">@GraffTech_Fest<\/a><\/p>\n\n\n\n<hr class=\"wp-block-separator has-alpha-channel-opacity\"\/>\n\n\n\n<p><strong>La Bisbal del Pened\u00e8s volver\u00e1 a llenarse de arte, cultura y tecnolog\u00eda del 20 al 22 de septiembre<\/strong><\/p>\n\n\n\n<p><strong>El municipio celebra una nueva edici\u00f3n del GraffTech Fest durante la cual siete artistas diferentes pintar\u00e1n seis nuevos murales<\/strong><\/p>\n\n\n\n<p>Por segundo a\u00f1o consecutivo, La Bisbal del Pened\u00e8s acoge el GraffTech Fest, el \u00fanico festival del mundo donde todos los murales tienen realidad aumentada 2D y 3D. El evento, que engloba arte, cultura y tecnolog\u00eda, contar\u00e1 con la participaci\u00f3n de siete artistas diferentes que pintar\u00e1n un total de seis murales entre el viernes 20 de septiembre y el domingo 22 de septiembre.<\/p>\n\n\n\n<p>As\u00ed, durante el pr\u00f3ximo fin de semana, los artistas Lalone, Sasa, MariaDie, Nauni, Dank, Eslicer y Dridali estar\u00e1n trabajando en sus obras de arte en diferentes puntos de la Bisbal. Este a\u00f1o, las tem\u00e1ticas elegidas tienen relaci\u00f3n con las entidades del municipio y la tradici\u00f3n y, de hecho, la concejala de Cultura, Judith Vidal, ha explicado <em>que &#8220;estrenaremos murales relacionados con temas tradicionales, desde la cultura popular a las entidades, pasando por las fiestas populares o el trabajo de la tierra&#8221;.<\/em> Vidal ha a\u00f1adido que <em>&#8220;tenemos muchas ganas de ver c\u00f3mo quedan estas nuevas obras, los artistas siempre nos sorprenden y es muy bonito ver c\u00f3mo cada muralista tiene su propio estilo&#8221;.<\/em><\/p>\n\n\n\n<p>Durante el pr\u00f3ximo fin de semana se llevar\u00e1n a cabo varias actividades, como talleres infantiles el s\u00e1bado por la tarde o las rutas a caballo con degustaciones de productos de la tierra, una experiencia para la cual ser\u00e1 necesario hacer la reserva para el s\u00e1bado por la tarde o para el domingo por la ma\u00f1ana a trav\u00e9s del perfil de Instagram del <a href=\"http:\/\/www.instagram.com\/grafftech_fest\">GraffTech Fest<\/a> (ya se puede contactar esta semana para pedir informaci\u00f3n y reservar). En cuanto a los talleres, ser\u00e1n gratuitos y se podr\u00e1n hacer en la plaza Pau Casals el s\u00e1bado de 17:00h a 19:30h. Ser\u00e1n de pintura, <em>graffit<\/em>i y realidad aumentada y tambi\u00e9n habr\u00e1 una gincana art\u00edstica con premios. En la misma plaza Pau Casals habr\u00e1 un <em>photocall<\/em>, donde las familias se podr\u00e1n hacer fotograf\u00edas con varias mascotas del festival.<\/p>\n\n\n\n<p>La alcaldesa de La Bisbal del Pened\u00e8s, Agn\u00e8s Ferr\u00e9, considera que <em>&#8220;esta es una gran iniciativa que naci\u00f3 de la mano de un bisbalenc y que este a\u00f1o volvemos a repetir, ya que nos ha tra\u00eddo much\u00edsimos visitantes al municipio y ha hecho que nuestra villa tenga un gran atractivo tur\u00edstico. Hemos notado que nos visita mucha m\u00e1s gente, que tenemos m\u00e1s presencia en internet -ya que las personas que vienen a La Bisbal comparten las fotos y v\u00eddeos que hacen- y, adem\u00e1s, nos parece muy interesante que se puedan hacer coincidir tradiciones, arte, cultura y tecnolog\u00eda en una misma iniciativa. Nuestro pueblo luce cada vez m\u00e1s bonito gracias al arte y este tambi\u00e9n es otro motivo de peso para seguir apostando por esta iniciativa&#8221;.<\/em><\/p>\n\n\n\n<p>Aunque se trata de la segunda edici\u00f3n del festival en La Bisbal del Pened\u00e8s, esta es la quinta edici\u00f3n del evento, ya que La Bisbal tambi\u00e9n acogi\u00f3 el GraffTech Kids, dirigido a los alumnos de la escuela Ull de Vent y, posteriormente, el evento tambi\u00e9n se ha celebrado en L&#8217;Espluga de Francol\u00ed y M\u00f3ra d&#8217;Ebre. El festival lo promueve la empresa Suite of Art y el bisbalenc Jaume Junqu\u00e9 es su CEO. Junqu\u00e9 ha explicado que <em>&#8220;estamos muy orgullosos y contentos por el hecho de que La Bisbal fuera el primer municipio que acogiera el festival, ya que es el m\u00edo. Desde el Ajuntament me abrieron las puertas enseguida que hice la propuesta el a\u00f1o pasado y, ahora, volvemos a repetir. Estoy muy agradecido. El festival est\u00e1 creciendo pero siempre le daremos prioridad a La Bisbal&#8221;<\/em>. El emprendedor bisbalenc ha explicado que <em>&#8220;tambi\u00e9n estamos trabajando en una red social propia que reunir\u00e1 todos los municipios que participan en el GraffTechFest&#8221;.<\/em> En cuanto a ambiciones, Junqu\u00e9 ha explicado que el a\u00f1o que viene le gustar\u00eda estar llevando el festival a otros pa\u00edses de Europa y a Estados Unidos.<\/p>\n\n\n\n<p>Para m\u00e1s informaci\u00f3n sobre el festival, pod\u00e9is visitar el perfil de Instagram <a href=\"http:\/\/www.instagram.com\/grafftech_fest\">@GraffTech_Fest<\/a><\/p>\n","protected":false},"excerpt":{"rendered":"<p>El municipi celebra una nova edici\u00f3 del GraffTech Fest durant la qual set artistes diferents pintaran sis nous murals Per segon any consecutiu, la Bisbal del Pened\u00e8s acull el GraffTech &hellip; <a href=\"https:\/\/bisbalpenedes.com\/web\/2024\/09\/19\/la-bisbal-del-penedes-es-tornara-a-omplir-dart-cultura-i-tecnologia-del-20-al-22-de-setembre\/\" class=\"more-link\">Read More<\/a><\/p>\n","protected":false},"author":4,"featured_media":31710,"comment_status":"closed","ping_status":"closed","sticky":false,"template":"","format":"standard","meta":[],"categories":[13,8],"tags":[459,6218,6216,6210,393,6223,6840,6217,5211,6251,5544],"_links":{"self":[{"href":"https:\/\/bisbalpenedes.com\/web\/wp-json\/wp\/v2\/posts\/31779"}],"collection":[{"href":"https:\/\/bisbalpenedes.com\/web\/wp-json\/wp\/v2\/posts"}],"about":[{"href":"https:\/\/bisbalpenedes.com\/web\/wp-json\/wp\/v2\/types\/post"}],"author":[{"embeddable":true,"href":"https:\/\/bisbalpenedes.com\/web\/wp-json\/wp\/v2\/users\/4"}],"replies":[{"embeddable":true,"href":"https:\/\/bisbalpenedes.com\/web\/wp-json\/wp\/v2\/comments?post=31779"}],"version-history":[{"count":1,"href":"https:\/\/bisbalpenedes.com\/web\/wp-json\/wp\/v2\/posts\/31779\/revisions"}],"predecessor-version":[{"id":31781,"href":"https:\/\/bisbalpenedes.com\/web\/wp-json\/wp\/v2\/posts\/31779\/revisions\/31781"}],"wp:featuredmedia":[{"embeddable":true,"href":"https:\/\/bisbalpenedes.com\/web\/wp-json\/wp\/v2\/media\/31710"}],"wp:attachment":[{"href":"https:\/\/bisbalpenedes.com\/web\/wp-json\/wp\/v2\/media?parent=31779"}],"wp:term":[{"taxonomy":"category","embeddable":true,"href":"https:\/\/bisbalpenedes.com\/web\/wp-json\/wp\/v2\/categories?post=31779"},{"taxonomy":"post_tag","embeddable":true,"href":"https:\/\/bisbalpenedes.com\/web\/wp-json\/wp\/v2\/tags?post=31779"}],"curies":[{"name":"wp","href":"https:\/\/api.w.org\/{rel}","templated":true}]}}