{"id":31762,"date":"2024-09-19T10:54:16","date_gmt":"2024-09-19T08:54:16","guid":{"rendered":"https:\/\/bisbalpenedes.com\/web\/?p=31762"},"modified":"2024-09-19T11:23:55","modified_gmt":"2024-09-19T09:23:55","slug":"cineclub-amb-charada-dstanley-donen-al-cmc","status":"publish","type":"post","link":"https:\/\/bisbalpenedes.com\/web\/2024\/09\/19\/cineclub-amb-charada-dstanley-donen-al-cmc\/","title":{"rendered":"Cineclub amb &#8220;Charada&#8221; d&#8217;Stanley Donen al CMC &#8211; Divendres 20 de setembre a les 20h"},"content":{"rendered":"\n<p>Aquest divendres, a les 20h, us esperem al CMC per gaudir de l&#8217;esperat retorn del Cineclub de la Bisbal del Pened\u00e8s. No hi falteu!\u00a0<\/p>\n\n\n\n<p>Com sempre, conduir\u00e0 les sessions el periodista i comunicador Lloren\u00e7 Avi\u00f1\u00f3.<\/p>\n\n\n\n<hr class=\"wp-block-separator has-alpha-channel-opacity\"\/>\n\n\n\n<p>Este viernes, a las 20h, os esperamos en el CMC para disfrutar del esperado retorno del Cineclub de la Bisbal del Pened\u00e8s. \u00a1No falt\u00e9is!<\/p>\n\n\n\n<p>Como siempre, conducir\u00e1 las sesiones el periodista y comunicador Lloren\u00e7 Avi\u00f1\u00f3.<\/p>\n","protected":false},"excerpt":{"rendered":"<p>Aquest divendres, a les 20h, us esperem al CMC per gaudir de l&#8217;esperat retorn del Cineclub de la Bisbal del Pened\u00e8s. No hi falteu!\u00a0 Com sempre, conduir\u00e0 les sessions el &hellip; <a href=\"https:\/\/bisbalpenedes.com\/web\/2024\/09\/19\/cineclub-amb-charada-dstanley-donen-al-cmc\/\" class=\"more-link\">Read More<\/a><\/p>\n","protected":false},"author":4,"featured_media":31763,"comment_status":"closed","ping_status":"closed","sticky":false,"template":"","format":"standard","meta":[],"categories":[2942,13,8],"tags":[6838,6837,307,393,2458,1374,6839,3386],"_links":{"self":[{"href":"https:\/\/bisbalpenedes.com\/web\/wp-json\/wp\/v2\/posts\/31762"}],"collection":[{"href":"https:\/\/bisbalpenedes.com\/web\/wp-json\/wp\/v2\/posts"}],"about":[{"href":"https:\/\/bisbalpenedes.com\/web\/wp-json\/wp\/v2\/types\/post"}],"author":[{"embeddable":true,"href":"https:\/\/bisbalpenedes.com\/web\/wp-json\/wp\/v2\/users\/4"}],"replies":[{"embeddable":true,"href":"https:\/\/bisbalpenedes.com\/web\/wp-json\/wp\/v2\/comments?post=31762"}],"version-history":[{"count":3,"href":"https:\/\/bisbalpenedes.com\/web\/wp-json\/wp\/v2\/posts\/31762\/revisions"}],"predecessor-version":[{"id":31772,"href":"https:\/\/bisbalpenedes.com\/web\/wp-json\/wp\/v2\/posts\/31762\/revisions\/31772"}],"wp:featuredmedia":[{"embeddable":true,"href":"https:\/\/bisbalpenedes.com\/web\/wp-json\/wp\/v2\/media\/31763"}],"wp:attachment":[{"href":"https:\/\/bisbalpenedes.com\/web\/wp-json\/wp\/v2\/media?parent=31762"}],"wp:term":[{"taxonomy":"category","embeddable":true,"href":"https:\/\/bisbalpenedes.com\/web\/wp-json\/wp\/v2\/categories?post=31762"},{"taxonomy":"post_tag","embeddable":true,"href":"https:\/\/bisbalpenedes.com\/web\/wp-json\/wp\/v2\/tags?post=31762"}],"curies":[{"name":"wp","href":"https:\/\/api.w.org\/{rel}","templated":true}]}}