{"id":31759,"date":"2024-09-19T10:43:00","date_gmt":"2024-09-19T08:43:00","guid":{"rendered":"https:\/\/bisbalpenedes.com\/web\/?p=31759"},"modified":"2024-09-19T10:43:00","modified_gmt":"2024-09-19T08:43:00","slug":"el-19-doctubre-es-fara-la-1a-cursa-dandromines-de-la-bisbal-del-penedes-organitzada-pels-esventats","status":"publish","type":"post","link":"https:\/\/bisbalpenedes.com\/web\/2024\/09\/19\/el-19-doctubre-es-fara-la-1a-cursa-dandromines-de-la-bisbal-del-penedes-organitzada-pels-esventats\/","title":{"rendered":"El 19 d&#8217;octubre es far\u00e0 la 1a Cursa d&#8217;Andr\u00f2mines de la Bisbal del Pened\u00e8s organitzada pels Esventats"},"content":{"rendered":"\n<p>Prepara&#8217;t per a la Cursa d&#8217;Andr\u00f2mines a La Bisbal del Pened\u00e8s!\u00a0<br>Es far\u00e0 el dissabte 19 d&#8217;octubre, a partir de les 19h.<br>Construeix el teu vehicle casol\u00e0 i participa en aquesta divertida competici\u00f3!<br>Inscripcions i m\u00e9s info: <a rel=\"noreferrer noopener\" href=\"mailto:esventatsbisbal@gmail.com\" target=\"_blank\">esventatsbisbal@gmail.com<\/a> o <a rel=\"noreferrer noopener\" href=\"mailto:joan@bisbalpenedes.com\" target=\"_blank\">joan@bisbalpenedes.com<\/a><br><br>Organitza:\u00a0<a href=\"https:\/\/www.facebook.com\/esventats.bisbal?__cft__[0]=AZXK5RKVJPmDy0IrmlS_qocmhW-0LRNPQv4Qdc0A0P04gVuSSnbrrnK5jLvUMGxaRJi9tGC4RHfzzc8q__VOZ2G7MnxObBUbtcylclMa0LiS5KvpyfAK-q-G7LyMKYuOUbUpR4mwqQygvTzYkyfJifLY7v4eyKnwxN8nwago-_E-qN5rJUf_HWPHUcI5uH6EFg8G9X1hK7ymFtoPE7977OaiD4xn2H7tTJmnLsMIpfiiyg&amp;__tn__=-]K*F\">Associaci\u00f3 De Joves Els Esventats<\/a><br>Hi col\u00b7labora: Ajuntament de La Bisbal del Pened\u00e8s, Regidoria de Joventut<\/p>\n\n\n\n<hr class=\"wp-block-separator has-alpha-channel-opacity\"\/>\n\n\n\n<p>\u00a1Prep\u00e1rate para la Carrera de Artilugios en La Bisbal del Pened\u00e8s!\u00a0<br>Se har\u00e1 el s\u00e1bado 19 de octubre, a partir de las 19h<br>\u00a1Construye tu veh\u00edculo casero y participa en esta divertida competici\u00f3n!<br>Inscripciones y m\u00e1s info: <a rel=\"noreferrer noopener\" href=\"mailto:esventatsbisbal@gmail.com\" target=\"_blank\">esventatsbisbal@gmail.com<\/a> o <a rel=\"noreferrer noopener\" href=\"mailto:joan@bisbalpenedes.com\" target=\"_blank\">joan@bisbalpenedes.com<\/a><br><br>Organiza: Asociaci\u00f3n de J\u00f3venes &#8220;Els esventats&#8221;<br>Colabora: Ajuntament de La Bisbal del Pened\u00e8s, Regidoria de Joventut<br><\/p>\n","protected":false},"excerpt":{"rendered":"<p>Prepara&#8217;t per a la Cursa d&#8217;Andr\u00f2mines a La Bisbal del Pened\u00e8s!\u00a0Es far\u00e0 el dissabte 19 d&#8217;octubre, a partir de les 19h.Construeix el teu vehicle casol\u00e0 i participa en aquesta divertida &hellip; <a href=\"https:\/\/bisbalpenedes.com\/web\/2024\/09\/19\/el-19-doctubre-es-fara-la-1a-cursa-dandromines-de-la-bisbal-del-penedes-organitzada-pels-esventats\/\" class=\"more-link\">Read More<\/a><\/p>\n","protected":false},"author":4,"featured_media":31760,"comment_status":"closed","ping_status":"closed","sticky":false,"template":"","format":"standard","meta":[],"categories":[20,4668,4269,8],"tags":[459,6836,351,393,1374],"_links":{"self":[{"href":"https:\/\/bisbalpenedes.com\/web\/wp-json\/wp\/v2\/posts\/31759"}],"collection":[{"href":"https:\/\/bisbalpenedes.com\/web\/wp-json\/wp\/v2\/posts"}],"about":[{"href":"https:\/\/bisbalpenedes.com\/web\/wp-json\/wp\/v2\/types\/post"}],"author":[{"embeddable":true,"href":"https:\/\/bisbalpenedes.com\/web\/wp-json\/wp\/v2\/users\/4"}],"replies":[{"embeddable":true,"href":"https:\/\/bisbalpenedes.com\/web\/wp-json\/wp\/v2\/comments?post=31759"}],"version-history":[{"count":1,"href":"https:\/\/bisbalpenedes.com\/web\/wp-json\/wp\/v2\/posts\/31759\/revisions"}],"predecessor-version":[{"id":31761,"href":"https:\/\/bisbalpenedes.com\/web\/wp-json\/wp\/v2\/posts\/31759\/revisions\/31761"}],"wp:featuredmedia":[{"embeddable":true,"href":"https:\/\/bisbalpenedes.com\/web\/wp-json\/wp\/v2\/media\/31760"}],"wp:attachment":[{"href":"https:\/\/bisbalpenedes.com\/web\/wp-json\/wp\/v2\/media?parent=31759"}],"wp:term":[{"taxonomy":"category","embeddable":true,"href":"https:\/\/bisbalpenedes.com\/web\/wp-json\/wp\/v2\/categories?post=31759"},{"taxonomy":"post_tag","embeddable":true,"href":"https:\/\/bisbalpenedes.com\/web\/wp-json\/wp\/v2\/tags?post=31759"}],"curies":[{"name":"wp","href":"https:\/\/api.w.org\/{rel}","templated":true}]}}