{"id":31756,"date":"2024-09-19T10:38:09","date_gmt":"2024-09-19T08:38:09","guid":{"rendered":"https:\/\/bisbalpenedes.com\/web\/?p=31756"},"modified":"2024-09-19T10:38:09","modified_gmt":"2024-09-19T08:38:09","slug":"tombola-de-la-parroquia-de-santa-maria-de-la-bisbal-del-penedes-recollida-de-productes","status":"publish","type":"post","link":"https:\/\/bisbalpenedes.com\/web\/2024\/09\/19\/tombola-de-la-parroquia-de-santa-maria-de-la-bisbal-del-penedes-recollida-de-productes\/","title":{"rendered":"T\u00f3mbola de la Parr\u00f2quia de Santa Maria de La Bisbal del Pened\u00e8s &#8211; Recollida de productes"},"content":{"rendered":"\n<p>T\u00f3mbola de la Parr\u00f2quia de Santa Maria de La Bisbal del Pened\u00e8s! <\/p>\n\n\n\n<p>Amb motiu de la FIRA&#8217;24<\/p>\n\n\n\n<p>Per col\u00b7laborar amb el manteniment de l&#8217;esgl\u00e9sia<\/p>\n\n\n\n<p><span style=\"text-decoration: underline;\">Podeu donar:<\/span> objectes de decoraci\u00f3, perfumeria, joguines, papereria (nous o en bon estat)<\/p>\n\n\n\n<p><strong>Recollida de productes:<\/strong> 23, 24 i 25 de setembre, 17h-19h a la rectoria<\/p>\n\n\n\n<p>Gr\u00e0cies per la vostra col\u00b7laboraci\u00f3!<\/p>\n\n\n\n<p>La t\u00f3mbola es far\u00e0 el diumenge de La Fira: 6 d&#8217;octubre de 10 a 19h (fins a esgotar exist\u00e8ncies)<\/p>\n\n\n\n<hr class=\"wp-block-separator has-alpha-channel-opacity\"\/>\n\n\n\n<p><strong>CASTELLANO |<\/strong> \u00a1T\u00f3mbola de la Parroquia de Santa Mar\u00eda de La Bisbal del Pened\u00e8s! <\/p>\n\n\n\n<p>Con motivo de la FIRA&#8217;24<\/p>\n\n\n\n<p>Para colaborar con el mantenimiento de la iglesia<\/p>\n\n\n\n<p><span style=\"text-decoration: underline;\">Pueden donar: <\/span>objetos de decoraci\u00f3n, perfumer\u00eda, juguetes, papeler\u00eda (nuevos o en buen estado)<\/p>\n\n\n\n<p><strong>Recogida de productos: <\/strong>23, 24 y 25 de septiembre, 17-19h en la rector\u00eda<\/p>\n\n\n\n<p>\u00a1Gracias por vuestra colaboraci\u00f3n!<\/p>\n\n\n\n<p>La t\u00f3mbola se har\u00e1 el domingo de La Fira: 6 de octubre de 10 a 19h (hasta agotar existencias)<\/p>\n\n\n\n<p><\/p>\n","protected":false},"excerpt":{"rendered":"<p>T\u00f3mbola de la Parr\u00f2quia de Santa Maria de La Bisbal del Pened\u00e8s! Amb motiu de la FIRA&#8217;24 Per col\u00b7laborar amb el manteniment de l&#8217;esgl\u00e9sia Podeu donar: objectes de decoraci\u00f3, perfumeria, &hellip; <a href=\"https:\/\/bisbalpenedes.com\/web\/2024\/09\/19\/tombola-de-la-parroquia-de-santa-maria-de-la-bisbal-del-penedes-recollida-de-productes\/\" class=\"more-link\">Read More<\/a><\/p>\n","protected":false},"author":4,"featured_media":31752,"comment_status":"closed","ping_status":"closed","sticky":false,"template":"","format":"standard","meta":[],"categories":[13,4668,8],"tags":[459,6835,393,2362],"_links":{"self":[{"href":"https:\/\/bisbalpenedes.com\/web\/wp-json\/wp\/v2\/posts\/31756"}],"collection":[{"href":"https:\/\/bisbalpenedes.com\/web\/wp-json\/wp\/v2\/posts"}],"about":[{"href":"https:\/\/bisbalpenedes.com\/web\/wp-json\/wp\/v2\/types\/post"}],"author":[{"embeddable":true,"href":"https:\/\/bisbalpenedes.com\/web\/wp-json\/wp\/v2\/users\/4"}],"replies":[{"embeddable":true,"href":"https:\/\/bisbalpenedes.com\/web\/wp-json\/wp\/v2\/comments?post=31756"}],"version-history":[{"count":1,"href":"https:\/\/bisbalpenedes.com\/web\/wp-json\/wp\/v2\/posts\/31756\/revisions"}],"predecessor-version":[{"id":31757,"href":"https:\/\/bisbalpenedes.com\/web\/wp-json\/wp\/v2\/posts\/31756\/revisions\/31757"}],"wp:featuredmedia":[{"embeddable":true,"href":"https:\/\/bisbalpenedes.com\/web\/wp-json\/wp\/v2\/media\/31752"}],"wp:attachment":[{"href":"https:\/\/bisbalpenedes.com\/web\/wp-json\/wp\/v2\/media?parent=31756"}],"wp:term":[{"taxonomy":"category","embeddable":true,"href":"https:\/\/bisbalpenedes.com\/web\/wp-json\/wp\/v2\/categories?post=31756"},{"taxonomy":"post_tag","embeddable":true,"href":"https:\/\/bisbalpenedes.com\/web\/wp-json\/wp\/v2\/tags?post=31756"}],"curies":[{"name":"wp","href":"https:\/\/api.w.org\/{rel}","templated":true}]}}