{"id":31724,"date":"2024-09-20T12:08:50","date_gmt":"2024-09-20T10:08:50","guid":{"rendered":"https:\/\/bisbalpenedes.com\/web\/?p=31724"},"modified":"2024-09-20T12:10:12","modified_gmt":"2024-09-20T10:10:12","slug":"sadjudiquen-definitivament-els-treballs-de-noves-franges-forestals-de-la-pineda-de-santa-cristina-i-el-manteniment-de-les-existents-a-lesplai-i-can-gordei","status":"publish","type":"post","link":"https:\/\/bisbalpenedes.com\/web\/2024\/09\/20\/sadjudiquen-definitivament-els-treballs-de-noves-franges-forestals-de-la-pineda-de-santa-cristina-i-el-manteniment-de-les-existents-a-lesplai-i-can-gordei\/","title":{"rendered":"<strong>S\u2019adjudiquen definitivament els treballs de noves franges forestals de la Pineda de Santa Cristina i el manteniment de les existents a l\u2019Esplai i Can Gordei<\/strong>"},"content":{"rendered":"\n<p>La Junta de Govern del 16 de setembre ha aprovat l\u2019adjudicaci\u00f3 definitiva dels treballs per a la creaci\u00f3 de noves franges forestals a la Pineda de Santa Cristina i el manteniment de les ja existents a l\u2019Esplai i Can Gordei. Els treballs se li han adjudicat a l\u2019empresa Treballs Forestals Presegue SL -l\u2019empresa que va obtenir la puntuaci\u00f3 m\u00e9s alta i a la que se li va adjudicar provisionalment el contracte- despr\u00e9s que hagi presentat la documentaci\u00f3 requerida. Els treballs comen\u00e7aran durant les properes setmanes.<\/p>\n\n\n\n<p>Detalls dels treballs a realitzar<\/p>\n\n\n\n<p>A la Pineda de Santa Cristina es crearan dues noves franges forestals:<\/p>\n\n\n\n<p>1. Una de 2,16 hect\u00e0rees a la zona de l\u2019ermita, als carrers Garrotxa i Empord\u00e0.<\/p>\n\n\n\n<p>2. Una altra de 5,91 hect\u00e0rees que cobrir\u00e0 els carrers Segarra, Solson\u00e8s, Anoia, Vall\u00e8s, Baix Ebre i Alt Camp.<\/p>\n\n\n\n<p>Els treballs inclouran:<\/p>\n\n\n\n<ul><li>Alliberament de vegetaci\u00f3 seca en una franja de 25 metres d\u2019amplada.<\/li><li>Reducci\u00f3 de la densitat de l\u2019arbrat i estassada del sotabosc.<\/li><li>Tala d\u2019arbres en mal estat i aclarida dels restants segons la normativa.<\/li><li>Poda inferior d\u2019arbres i arbustos alts.<\/li><li>Estassada i trituraci\u00f3 del sotabosc.<\/li><\/ul>\n\n\n\n<p>A m\u00e9s, es mantindran les franges existents a l\u2019Esplai (7,52 hect\u00e0rees) i a Can Gordei (6,8 hect\u00e0rees).<\/p>\n\n\n\n<p>Cal recordar que, L\u2019article 4 de la Llei 5\/2003 de mesures de prevenci\u00f3 dels incendis forestals en les urbanitzacions sense continu\u00eftat immediata amb la trama urbana, estableix que la obligaci\u00f3 de fer i mantenir les franges forestals correspon a la comunitat de propietaris o entitat urban\u00edstica corresponent. Si no s\u2019han fet, l\u2019obligaci\u00f3 passa als propietaris. Si els propietaris no fan i no mantenen les franges forestals, \u00e9s el municipi qui ho ha de fer.<\/p>\n\n\n\n<hr class=\"wp-block-separator has-alpha-channel-opacity\"\/>\n\n\n\n<p><strong>CASTELLANO |<\/strong> La Junta de Gobierno del 16 de septiembre ha aprobado la adjudicaci\u00f3n definitiva de los trabajos para la creaci\u00f3n de nuevas franjas forestales en la Pineda de Santa Cristina y el mantenimiento de las ya existentes en el Esplai y Can Gordei. Los trabajos se le han adjudicado a la empresa Treballs Forestals Presegue SL -la empresa que obtuvo la puntuaci\u00f3n m\u00e1s alta y a la que se le adjudic\u00f3 provisionalmente el contrato- despu\u00e9s de que haya presentado la documentaci\u00f3n requerida. Los trabajos comenzar\u00e1n durante las pr\u00f3ximas semanas.<\/p>\n\n\n\n<p>Detalles de los trabajos a realizar<\/p>\n\n\n\n<p>En la Pineda de Santa Cristina se crear\u00e1n dos nuevas franjas forestales:<\/p>\n\n\n\n<p>1. Una de 2,16 hect\u00e1reas en la zona de la ermita, en las calles Garrotxa y Empord\u00e0.<\/p>\n\n\n\n<p>2. Otra de 5,91 hect\u00e1reas que cubrir\u00e1 las calles Segarra, Solson\u00e8s, Anoia, Vall\u00e8s, Baix Ebre y Alt Camp.<\/p>\n\n\n\n<p>Los trabajos incluir\u00e1n:<\/p>\n\n\n\n<ul><li>Liberaci\u00f3n de vegetaci\u00f3n seca en una franja de 25 metros de anchura.<\/li><li>Reducci\u00f3n de la densidad del arbolado y desbroce del sotobosque.<\/li><li>Tala de \u00e1rboles en mal estado y aclareo de los restantes seg\u00fan la normativa.<\/li><li>Poda inferior de \u00e1rboles y arbustos altos.<\/li><li>Desbroce y trituraci\u00f3n del sotobosque.<\/li><\/ul>\n\n\n\n<p>Adem\u00e1s, se mantendr\u00e1n las franjas existentes en el Esplai (7,52 hect\u00e1reas) y en Can Gordei (6,8 hect\u00e1reas).<\/p>\n\n\n\n<p>Cabe recordar que, el art\u00edculo 4 de la Ley 5\/2003 de medidas de prevenci\u00f3n de los incendios forestales en las urbanizaciones sin continuidad inmediata con la trama urbana, establece que la obligaci\u00f3n de hacer y mantener las franjas forestales corresponde a la comunidad de propietarios o entidad urban\u00edstica correspondiente. Si no se han hecho, la obligaci\u00f3n pasa a los propietarios. Si los propietarios no hacen y no mantienen las franjas forestales, es el municipio quien debe hacerlo.<\/p>\n","protected":false},"excerpt":{"rendered":"<p>La Junta de Govern del 16 de setembre ha aprovat l\u2019adjudicaci\u00f3 definitiva dels treballs per a la creaci\u00f3 de noves franges forestals a la Pineda de Santa Cristina i el &hellip; <a href=\"https:\/\/bisbalpenedes.com\/web\/2024\/09\/20\/sadjudiquen-definitivament-els-treballs-de-noves-franges-forestals-de-la-pineda-de-santa-cristina-i-el-manteniment-de-les-existents-a-lesplai-i-can-gordei\/\" class=\"more-link\">Read More<\/a><\/p>\n","protected":false},"author":4,"featured_media":31798,"comment_status":"closed","ping_status":"closed","sticky":false,"template":"","format":"standard","meta":[],"categories":[4287,32,8],"tags":[459,5020,393,4148],"_links":{"self":[{"href":"https:\/\/bisbalpenedes.com\/web\/wp-json\/wp\/v2\/posts\/31724"}],"collection":[{"href":"https:\/\/bisbalpenedes.com\/web\/wp-json\/wp\/v2\/posts"}],"about":[{"href":"https:\/\/bisbalpenedes.com\/web\/wp-json\/wp\/v2\/types\/post"}],"author":[{"embeddable":true,"href":"https:\/\/bisbalpenedes.com\/web\/wp-json\/wp\/v2\/users\/4"}],"replies":[{"embeddable":true,"href":"https:\/\/bisbalpenedes.com\/web\/wp-json\/wp\/v2\/comments?post=31724"}],"version-history":[{"count":1,"href":"https:\/\/bisbalpenedes.com\/web\/wp-json\/wp\/v2\/posts\/31724\/revisions"}],"predecessor-version":[{"id":31725,"href":"https:\/\/bisbalpenedes.com\/web\/wp-json\/wp\/v2\/posts\/31724\/revisions\/31725"}],"wp:featuredmedia":[{"embeddable":true,"href":"https:\/\/bisbalpenedes.com\/web\/wp-json\/wp\/v2\/media\/31798"}],"wp:attachment":[{"href":"https:\/\/bisbalpenedes.com\/web\/wp-json\/wp\/v2\/media?parent=31724"}],"wp:term":[{"taxonomy":"category","embeddable":true,"href":"https:\/\/bisbalpenedes.com\/web\/wp-json\/wp\/v2\/categories?post=31724"},{"taxonomy":"post_tag","embeddable":true,"href":"https:\/\/bisbalpenedes.com\/web\/wp-json\/wp\/v2\/tags?post=31724"}],"curies":[{"name":"wp","href":"https:\/\/api.w.org\/{rel}","templated":true}]}}