{"id":31721,"date":"2024-09-17T09:48:23","date_gmt":"2024-09-17T07:48:23","guid":{"rendered":"https:\/\/bisbalpenedes.com\/web\/?p=31721"},"modified":"2024-09-17T09:56:00","modified_gmt":"2024-09-17T07:56:00","slug":"saprova-la-quarta-i-ultima-prorroga-del-contracte-de-les-obres-de-consolidacio-reforma-i-nova-construccio-de-la-fassina","status":"publish","type":"post","link":"https:\/\/bisbalpenedes.com\/web\/2024\/09\/17\/saprova-la-quarta-i-ultima-prorroga-del-contracte-de-les-obres-de-consolidacio-reforma-i-nova-construccio-de-la-fassina\/","title":{"rendered":"<strong>S\u2019aprova la quarta i \u00faltima pr\u00f2rroga del contracte de les obres de consolidaci\u00f3, reforma i nova construcci\u00f3 de la fassina<\/strong>"},"content":{"rendered":"\n<p>La Junta de govern del dilluns 16 de setembre ha aprovat la quarta i darrera pr\u00f2rroga del contracte de les obres de consolidaci\u00f3, reforma i nova construcci\u00f3 de la fassina. La nova data de finalitzaci\u00f3 s\u2019ha fixat en el pr\u00f2xim 9 d\u2019octubre.<\/p>\n\n\n\n<p>Les obres de la fassina van comen\u00e7ar a finals de gener de 2023. Des que van comen\u00e7ar, s\u2019han hagut de fer tres modificacions del contracte per tal d\u2019adequar les obres de la torre a les novetats que anaven sorgint, ja que la fassina \u00e9s una edificaci\u00f3 antiga de la que no es tenien planells ni informaci\u00f3 de la seva construcci\u00f3. Per tant, s\u2019han hagut de tornar a calcular les estructures a mesura que sorgien els gruixos o els cups que hi havia sota terra.<\/p>\n\n\n\n<figure class=\"wp-block-image size-large\"><img loading=\"lazy\" width=\"1024\" height=\"768\" src=\"https:\/\/bisbalpenedes.com\/web\/wp-content\/uploads\/2024\/09\/LA-FASSINA-2-1024x768.jpg\" alt=\"\" class=\"wp-image-31732\" srcset=\"https:\/\/bisbalpenedes.com\/web\/wp-content\/uploads\/2024\/09\/LA-FASSINA-2-1024x768.jpg 1024w, https:\/\/bisbalpenedes.com\/web\/wp-content\/uploads\/2024\/09\/LA-FASSINA-2-300x225.jpg 300w, https:\/\/bisbalpenedes.com\/web\/wp-content\/uploads\/2024\/09\/LA-FASSINA-2-768x576.jpg 768w, https:\/\/bisbalpenedes.com\/web\/wp-content\/uploads\/2024\/09\/LA-FASSINA-2-1536x1152.jpg 1536w, https:\/\/bisbalpenedes.com\/web\/wp-content\/uploads\/2024\/09\/LA-FASSINA-2-2048x1536.jpg 2048w, https:\/\/bisbalpenedes.com\/web\/wp-content\/uploads\/2024\/09\/LA-FASSINA-2-600x450.jpg 600w\" sizes=\"(max-width: 1024px) 100vw, 1024px\" \/><\/figure>\n\n\n\n<hr class=\"wp-block-separator has-alpha-channel-opacity\"\/>\n\n\n\n<p>La Junta de gobierno del lunes 16 de septiembre ha aprobado la cuarta y \u00faltima pr\u00f3rroga del contrato de las obres de consolidaci\u00f3n, reforma y nueva construcci\u00f3n de la fassina. La nueva fecha de finalizaci\u00f3n se ha fijado en el pr\u00f3ximo 9 de octubre.<\/p>\n\n\n\n<p>Las obras de la fassina empezaron a finales de enero de 2023. Desde que empezaron, se han tenido que hacer tres modificaciones del contrato con tal de adecuar las obras de la torre a las novedades que iban surgiendo, ya que la fassina es una edificaci\u00f3n antigua de la que no se ten\u00edan planos ni informaci\u00f3n se su construcci\u00f3n. Por tanto, se han tenido que volver a calcular las estructuras a medida que surg\u00eda el grosor y los dep\u00f3sitos que hab\u00eda bajo tierra.<\/p>\n","protected":false},"excerpt":{"rendered":"<p>La Junta de govern del dilluns 16 de setembre ha aprovat la quarta i darrera pr\u00f2rroga del contracte de les obres de consolidaci\u00f3, reforma i nova construcci\u00f3 de la fassina. &hellip; <a href=\"https:\/\/bisbalpenedes.com\/web\/2024\/09\/17\/saprova-la-quarta-i-ultima-prorroga-del-contracte-de-les-obres-de-consolidacio-reforma-i-nova-construccio-de-la-fassina\/\" class=\"more-link\">Read More<\/a><\/p>\n","protected":false},"author":4,"featured_media":31734,"comment_status":"closed","ping_status":"closed","sticky":false,"template":"","format":"standard","meta":[],"categories":[3085,8],"tags":[459,393,3504,21,1374,1089],"_links":{"self":[{"href":"https:\/\/bisbalpenedes.com\/web\/wp-json\/wp\/v2\/posts\/31721"}],"collection":[{"href":"https:\/\/bisbalpenedes.com\/web\/wp-json\/wp\/v2\/posts"}],"about":[{"href":"https:\/\/bisbalpenedes.com\/web\/wp-json\/wp\/v2\/types\/post"}],"author":[{"embeddable":true,"href":"https:\/\/bisbalpenedes.com\/web\/wp-json\/wp\/v2\/users\/4"}],"replies":[{"embeddable":true,"href":"https:\/\/bisbalpenedes.com\/web\/wp-json\/wp\/v2\/comments?post=31721"}],"version-history":[{"count":2,"href":"https:\/\/bisbalpenedes.com\/web\/wp-json\/wp\/v2\/posts\/31721\/revisions"}],"predecessor-version":[{"id":31733,"href":"https:\/\/bisbalpenedes.com\/web\/wp-json\/wp\/v2\/posts\/31721\/revisions\/31733"}],"wp:featuredmedia":[{"embeddable":true,"href":"https:\/\/bisbalpenedes.com\/web\/wp-json\/wp\/v2\/media\/31734"}],"wp:attachment":[{"href":"https:\/\/bisbalpenedes.com\/web\/wp-json\/wp\/v2\/media?parent=31721"}],"wp:term":[{"taxonomy":"category","embeddable":true,"href":"https:\/\/bisbalpenedes.com\/web\/wp-json\/wp\/v2\/categories?post=31721"},{"taxonomy":"post_tag","embeddable":true,"href":"https:\/\/bisbalpenedes.com\/web\/wp-json\/wp\/v2\/tags?post=31721"}],"curies":[{"name":"wp","href":"https:\/\/api.w.org\/{rel}","templated":true}]}}