{"id":31713,"date":"2024-09-13T15:43:15","date_gmt":"2024-09-13T13:43:15","guid":{"rendered":"https:\/\/bisbalpenedes.com\/web\/?p=31713"},"modified":"2024-09-13T15:43:15","modified_gmt":"2024-09-13T13:43:15","slug":"servei-gratuit-de-ludoteca-comarcal-dimarts-i-dijous-a-la-tarda","status":"publish","type":"post","link":"https:\/\/bisbalpenedes.com\/web\/2024\/09\/13\/servei-gratuit-de-ludoteca-comarcal-dimarts-i-dijous-a-la-tarda\/","title":{"rendered":"Servei gratu\u00eft de ludoteca comarcal: dimarts i dijous a la tarda"},"content":{"rendered":"\n<p>Atenci\u00f3 fam\u00edlies del Baix Pened\u00e8s! <\/p>\n\n\n\n<p>El servei gratu\u00eft de ludoteca comarcal &#8220;Conciliem Baix Pened\u00e8s&#8221; torna pel curs 2024\/2025! \ud83c\udf89<\/p>\n\n\n\n<p>\ud83d\udd39 Per a infants de 3 a 12 anys<br>\ud83d\udd39 A La Bisbal del Pened\u00e8s: dimarts i dijous de 16:30h a 18:30h<br>\ud83d\udd39 Lloc: Escola Ull de Vent &#8211; Avinguda Baix Pened\u00e8s, s\/n<\/p>\n\n\n\n<p>Per reservar pla\u00e7a:<br>\ud83d\udcf1 WhatsApp: 689 526 356<br>\ud83d\udce7 ludotequesbaixpenedes@peretarres.org<br>\u23f0 Cal indicar el municipi i el nom de l&#8217;infant amb 48h d&#8217;antelaci\u00f3<\/p>\n\n\n\n<hr class=\"wp-block-separator has-alpha-channel-opacity\"\/>\n\n\n\n<p>\u00a1Atenci\u00f3n familias del Baix Pened\u00e8s! <\/p>\n\n\n\n<p>El servicio gratuito de ludoteca comarcal &#8220;Conciliem Baix Pened\u00e8s&#8221; vuelve para el curso 2024\/2025! <\/p>\n\n\n\n<p>\ud83d\udd39 Para ni\u00f1os\/as de 3 a 12 a\u00f1os<br>\ud83d\udd39 En La Bisbal del Pened\u00e8s: martes y jueves de 16:30h a 18:30h<br>\ud83d\udd39 Lugar: Escola Ull de Vent &#8211; Avinguda Baix Pened\u00e8s, s\/n<\/p>\n\n\n\n<p>Para reservar plaza:<br>\ud83d\udcf1 WhatsApp: 689 526 356<br>\ud83d\udce7 ludotequesbaixpenedes@peretarres.org<br>\u23f0 Indicar municipio y nombre del ni\u00f1o\/a con 48h de antelaci\u00f3n<\/p>\n","protected":false},"excerpt":{"rendered":"<p>Atenci\u00f3 fam\u00edlies del Baix Pened\u00e8s! El servei gratu\u00eft de ludoteca comarcal &#8220;Conciliem Baix Pened\u00e8s&#8221; torna pel curs 2024\/2025! \ud83c\udf89 \ud83d\udd39 Per a infants de 3 a 12 anys\ud83d\udd39 A La &hellip; <a href=\"https:\/\/bisbalpenedes.com\/web\/2024\/09\/13\/servei-gratuit-de-ludoteca-comarcal-dimarts-i-dijous-a-la-tarda\/\" class=\"more-link\">Read More<\/a><\/p>\n","protected":false},"author":4,"featured_media":31714,"comment_status":"closed","ping_status":"closed","sticky":false,"template":"","format":"standard","meta":[],"categories":[3456,6120,8],"tags":[6831,65,6306,3445,393,4991],"_links":{"self":[{"href":"https:\/\/bisbalpenedes.com\/web\/wp-json\/wp\/v2\/posts\/31713"}],"collection":[{"href":"https:\/\/bisbalpenedes.com\/web\/wp-json\/wp\/v2\/posts"}],"about":[{"href":"https:\/\/bisbalpenedes.com\/web\/wp-json\/wp\/v2\/types\/post"}],"author":[{"embeddable":true,"href":"https:\/\/bisbalpenedes.com\/web\/wp-json\/wp\/v2\/users\/4"}],"replies":[{"embeddable":true,"href":"https:\/\/bisbalpenedes.com\/web\/wp-json\/wp\/v2\/comments?post=31713"}],"version-history":[{"count":1,"href":"https:\/\/bisbalpenedes.com\/web\/wp-json\/wp\/v2\/posts\/31713\/revisions"}],"predecessor-version":[{"id":31715,"href":"https:\/\/bisbalpenedes.com\/web\/wp-json\/wp\/v2\/posts\/31713\/revisions\/31715"}],"wp:featuredmedia":[{"embeddable":true,"href":"https:\/\/bisbalpenedes.com\/web\/wp-json\/wp\/v2\/media\/31714"}],"wp:attachment":[{"href":"https:\/\/bisbalpenedes.com\/web\/wp-json\/wp\/v2\/media?parent=31713"}],"wp:term":[{"taxonomy":"category","embeddable":true,"href":"https:\/\/bisbalpenedes.com\/web\/wp-json\/wp\/v2\/categories?post=31713"},{"taxonomy":"post_tag","embeddable":true,"href":"https:\/\/bisbalpenedes.com\/web\/wp-json\/wp\/v2\/tags?post=31713"}],"curies":[{"name":"wp","href":"https:\/\/api.w.org\/{rel}","templated":true}]}}