{"id":3171,"date":"2017-09-19T02:06:39","date_gmt":"2017-09-18T20:06:39","guid":{"rendered":"http:\/\/bisbalpenedes.com\/web\/?p=3171"},"modified":"2017-09-19T19:07:14","modified_gmt":"2017-09-19T13:07:14","slug":"acords-del-ple-ordinari-celebrat-el-18-de-setembre-a-les-19h","status":"publish","type":"post","link":"https:\/\/bisbalpenedes.com\/web\/2017\/09\/19\/acords-del-ple-ordinari-celebrat-el-18-de-setembre-a-les-19h\/","title":{"rendered":"Acords del Ple Ordinari celebrat el 18 de setembre a les 19h"},"content":{"rendered":"<p align=\"center\"><strong>RESUM DELS PUNTS TRACTATS A L\u2019ORDRE DEL DIA DEL PLE ORDINARI DE L\u2019AJUNTAMENT DE LA BISBAL DEL PENED\u00c8S EL 18 DE SETEMBRE DE 2017<\/strong><\/p>\n<p>&nbsp;<\/p>\n<p><iframe loading=\"lazy\" width=\"560\" height=\"315\" src=\"https:\/\/www.youtube.com\/embed\/rCkrLYetUQc\" frameborder=\"0\" allowfullscreen><\/iframe><\/p>\n<p>Nota: A la sessi\u00f3 plen\u00e0ria s\u2019ha absentat un regidor d\u2019ERC<strong>.<\/strong><\/p>\n<p><strong>\u00a0<\/strong><\/p>\n<p><strong>1<\/strong><strong>. Aprovaci\u00f3 de l\u2019acta anterior ordin\u00e0ria del 19 de juny de 2017<\/strong><\/p>\n<p>Aprovat per unanimitat.<\/p>\n<p>&nbsp;<\/p>\n<p><strong>2<\/strong><strong>. Donar compte dels Decrets d\u2019Alcaldia<\/strong><\/p>\n<p>No es vota.<\/p>\n<p>Es d\u00f3na compte de noranta-vuit decrets d\u2019alcaldia des de la convocat\u00f2ria de l\u2019\u00faltim Ple Ordinari fins a la convocat\u00f2ria d\u2019aquest Ple.<\/p>\n<p>Hi ha Decrets als quals, per la seva naturalesa, se\u2019ls ha de retre compte al Ple a banda. S\u00f3n els punts 3, 4, 5, 6 i 7 de l\u2019ordre del dia.<\/p>\n<p>&nbsp;<\/p>\n<p><strong>3. Donar compte Decret d\u2019alcaldia 2017-386 aprovaci\u00f3 l\u00ednies fonamentals del pressupost 2018<\/strong><\/p>\n<p>No es vota.<\/p>\n<p>Cada any s\u2019han d\u2019aprovar, per Decret d\u2019alcaldia, les l\u00ednies fonamentals del pressupost previstes per a l\u2019any seg\u00fcent, abans d\u2019elaborar el pressupost.<\/p>\n<p>Les l\u00ednies fonamentals pel 2018 contemplen un total de pressupost de 4.347.093,52\u20ac ja que, segons la normativa de l\u2019estat espanyol l\u2019Ajuntament no pot incrementar el total del pressupost dels anys anteriors.<\/p>\n<p>Aquestes l\u00ednies fonamentals contemplen el compliment de l\u2019estabilitat pressupost\u00e0ria, el compliment de la regla de la despesa, el compliment de l\u2019equilibri pressupostari, el compliment de l\u2019anivellament pressupostari i el compliment de l\u2019objectiu del deute.<\/p>\n<p>&nbsp;<\/p>\n<p><strong>4. Donar compte informe de secretaria Intervenci\u00f3 per\u00edode mig de pagament (PMP) segon trimestre del 2017<\/strong><\/p>\n<p>No es vota.<\/p>\n<p>El PMP del segon trimestre de 2017 \u00e9s de 22,24 dies.<\/p>\n<p>El primer trimestre d\u2019aquest any va ser de 23,60 dies. Val a dir que l\u2019actual equip de govern va comen\u00e7ar la legislatura amb un PMP de 115 dies de PMP.<\/p>\n<p>&nbsp;<\/p>\n<p><strong>5. Donar compte de l\u2019informe d\u2019intervenci\u00f3 de compliment del pla de reducci\u00f3 del deute<\/strong><\/p>\n<p>No es vota.<\/p>\n<p>Al Ple del 16\/09\/14, es va aprovar una operaci\u00f3 de deute per cancel\u00b7lar el deute pendent que tenia del Fondo para la Financiaci\u00f3n de los Pagos a Proveedores, de 753.803,04\u20ac, a vuit anys.<\/p>\n<p>Aquest import \u00e9s el que devia l\u2019Ajuntament als seus prove\u00efdors el 2014.<\/p>\n<p>En el mateix Ple es va aprovar el Pla de reducci\u00f3 de deute i en aquest punt s\u2019informa que s\u2019est\u00e0 acomplint.<\/p>\n<p>&nbsp;<\/p>\n<p><strong>6. Donar compte del informe t\u00e8cnic i resoluci\u00f3 de la comissi\u00f3 de preus de Catalunya de data 18\/07\/2017 d&#8217;aprovaci\u00f3 de tarifes de l\u2019aigua<\/strong><\/p>\n<p>No es vota.<\/p>\n<p>En el Ple ordinari de desembre de 2016 es va aprovar la Tarifa Social de l\u2019aigua, que s\u2019havia eliminat el 2013, i la tarifa de fuites, que no existia; tamb\u00e9 es va aprovar canviar els blocs de consum d\u2019aigua, adequant-los als de l\u2019ACA, incrementar les tarifes d\u2019aigua (5%) de manera que paga m\u00e9s qui m\u00e9s consumeix i rebaixar les quotes fixes (total de 10\u20ac menys en cada rebut).<\/p>\n<p>Amb aquestes modificacions els nous rebuts de l\u2019aigua passen a ser d\u2019un 11% menys en el primer tram de consum, d\u2019un 5% menys en el segon tram i d\u2019una rebaixa del 50% en la tarifa social.<\/p>\n<p>L\u2019aprovaci\u00f3 del Ple de desembre no va ser definitiva perqu\u00e8 s\u2019havia d\u2019enviar a la Comissi\u00f3 de Preus perqu\u00e8 s\u2019aprov\u00e9s definitivament i entr\u00e9s en vigor.<\/p>\n<p>L\u2019informe de la Comissi\u00f3 de Preus va fer l\u2019informe favorable al juliol de 2017 i van entrar en vigor les noves tarifes, per\u00f2 no ser\u00e0 fins a la propera facturaci\u00f3 que es veur\u00e0 reflectit el canvi en els rebuts (la propera facturaci\u00f3 ser\u00e0 la que, de forma \u00edntegra, ja contemplar\u00e0 els nous preus en tots els mesos).<\/p>\n<p>&nbsp;<\/p>\n<p><strong>7. Donar compte dels informes de la direcci\u00f3 del servei p\u00fablic d\u2019ocupaci\u00f3 de Catalunya i la direcci\u00f3 general de pol\u00edtica financera, assegurances i tresor de la creaci\u00f3 del servei p\u00fablic d\u2019ocupaci\u00f3 municipal<\/strong><\/p>\n<p>No es vota.<\/p>\n<p>Qualsevol servei nou que vulgui prestar l\u2019Ajuntament s\u2019ha d\u2019aprovar per Ple i despr\u00e9s s\u2019ha d\u2019enviar a l\u2019Administraci\u00f3 Local perqu\u00e8 doni el vistiplau a la creaci\u00f3 del servei.<\/p>\n<p>Fins fa dos anys l\u2019Ajuntament no podia crear cap servei perqu\u00e8 no es complien els requisits econ\u00f2mics ni el rati d\u2019endeutament.<\/p>\n<p>El gener de 2017 l\u2019Equip de Govern va sol\u00b7licitar a Administraci\u00f3 local de la Generalitat la creaci\u00f3 del SOM Bisbal. Administraci\u00f3 local ho va enviar a la direcci\u00f3 General de Pol\u00edtica Financera de la Generalitat perqu\u00e8 comprov\u00e9s si l\u2019Ajuntament complia amb els requisits econ\u00f2mics i podia fer front a les despeses d\u2019aquest nou servei. A partir d\u2019aqu\u00ed va elaborar un informe que va ser favorable.<\/p>\n<p>Tamb\u00e9 ho va enviar al Servei d\u2019Ocupaci\u00f3 de Catalunya perqu\u00e8 fes un informe per avaluar si aquest servei podia ser compet\u00e8ncia de l\u2019Ajuntament i, per tant, l\u2019Ajuntament podia crear-lo. Aquest organisme tamb\u00e9 va emetre un informe favorable.<\/p>\n<p>Ara ja \u00e9s un servei creat i, per tant, ja es podr\u00e0 treure a concurs la pla\u00e7a de personal i podr\u00e0 funcionar com a SOM (Servei d\u2019Ocupaci\u00f3 Municipal).<\/p>\n<p>&nbsp;<\/p>\n<p><strong>8. Aprovaci\u00f3 comptes generals de l\u2019exercici 2016<\/strong><\/p>\n<p>El \u00a0pressupost de 2016 era de 3.975.433,19\u20ac<\/p>\n<p>Cal destacar:<\/p>\n<p>&#8211; Fons de maniobra positiu (367.905,10\u20ac), \u00e9s a dir, hi ha suficients recursos per satisfer les obligacions corrents<\/p>\n<p>&#8211; Compte 413, que abans es feia servir com a \u201cvaris\u201d per despeses que no tenien partida i que havia arribat a m\u00e9s de 200.000\u20ac de la legislatura anterior, el 2016 s\u2019aconsegueix aplicar totes les despeses pendents quedant a zero el 31\/12\/16<\/p>\n<p>&#8211; l\u2019Ajuntament compleix amb l\u2019estabilitat pressupost\u00e0ria, regla de la despesa i rati d\u2019endeutament (per sota del 75%)<\/p>\n<p>Gr\u00e0cies a complir tots aquests indicadors, aquest 2017 l\u2019Ajuntament ha pogut iniciar inversions.<\/p>\n<p>Vots a favor: PDeCat (5) i PSC (1)<\/p>\n<p>Abstenci\u00f3: ERC (4)<\/p>\n<p>S\u2019aprova per majoria.<\/p>\n<p>&nbsp;<\/p>\n<p><strong>9. Aprovaci\u00f3 delegaci\u00f3 al Consell Comarcal del Baix Pened\u00e8s per al territori del terme municipal incl\u00f2s en l\u2019\u00e0mbit territorial de la Mancomunitat de l\u2019Albornar per prestar l&#8217;assist\u00e8ncia t\u00e8cnica en l\u2019\u00e0mbit urban\u00edstic<\/strong><\/p>\n<p>L\u2019Ajuntament de la Bisbal forma part de la Mancomunitat de l\u2019Albornar des del 1990, juntament amb Albinyana, Banyeres i Santa Oliva, pel sector territorial de la pista de proves d\u2019Idiada.<\/p>\n<p>Actualment Banyeres \u00e9s qui t\u00e9 la presid\u00e8ncia de la Mancomunitat i qui aporta el secretari i t\u00e8cnics a la Mancomunitat.<\/p>\n<p>L\u2019assemblea de la Mancomunitat del 19 de maig d\u2019aquest any, va aprovar sol\u00b7licitar al Consell comarcal un conveni de col\u00b7laboraci\u00f3 per l\u2019assist\u00e8ncia t\u00e8cnica en l\u2019\u00e0mbit urban\u00edstic, pagant directament la Mancomunitat.<\/p>\n<p>Com a membres de la Mancomunitat i del Consell comarcal, aprovem aquesta proposta perqu\u00e8 es pugui aprovar un conveni entre el Consell Comarcal i la Mancomunitat pels serveis d\u2019un t\u00e8cnic urban\u00edstic.<\/p>\n<p>Vots a favor: PDeCat (5) i PSC (1)<\/p>\n<p>Vots en contra: ERC (4)<\/p>\n<p>S\u2019aprova per majoria<\/p>\n<p>&nbsp;<\/p>\n<p><strong>10. Aprovaci\u00f3 festes locals 2018<\/strong><\/p>\n<p>Es proposa fixar com a festes locals pel 2018 les seg\u00fcents dates: El dilluns 23 d\u2019abril, dia de Sant Jordi i el dijous 16 d\u2019agost<\/p>\n<p>S\u2019aprova per unanimitat<\/p>\n<p>&nbsp;<\/p>\n<p><strong>11. Aprovaci\u00f3 deixar sense efectes el Registre de Parelles de Fet de l\u2019Ajuntament de la Bisbal del Pened\u00e8s<\/strong><\/p>\n<p>L\u2019Ajuntament de la Bisbal compta amb un Registre de parelles de fet des del 2007.<\/p>\n<p>Aquest 2017 la Generalitat ha aprovat el Reglament del Registre de parelles estables de Catalunya, depenent del Departament de Just\u00edcia i no dels Ajuntaments.<\/p>\n<p>\u00c9s un registre \u00fanic i, per tant, deixa de tenir efecte els Registres que tenien els ajuntaments pr\u00e8viament al 2017.<\/p>\n<p>El registre que ten\u00edem deixa de tenir efecte per noves parelles inscrites, que s\u2019han d\u2019adre\u00e7ar al nou Registre de parelles estables de Catalunya.<\/p>\n<p>S\u2019aprova per unanimitat.<\/p>\n<p>&nbsp;<\/p>\n<p><strong>12. Aprovaci\u00f3 verificaci\u00f3 del text Ref\u00f3s de modificaci\u00f3 NN.SS de planejament en s\u00f2l urb\u00e0 per al canvi de qualificaci\u00f3 urban\u00edstica de les antigues cases dels mestres de la Bisbal del Pened\u00e8s<\/strong><\/p>\n<p>L\u2019any passat l\u2019Ajuntament va iniciar els tr\u00e0mits per convertir les cases dels mestres en habitatges socials.<\/p>\n<p>Aquest proc\u00e9s va comen\u00e7ar per la desafectaci\u00f3 dels equipaments per part del Departament d\u2019Ensenyament de la Generalitat. Una vegada fet aquest pas l\u2019Ajuntament s\u2019ha adre\u00e7at a la Comissi\u00f3 Territorial d\u2019Urbanisme per sol\u00b7licitar un canvi de qualificaci\u00f3 urban\u00edstica de les cases dels mestres.<\/p>\n<p>Aquestes dues cases estan inscrites com a equipaments municipals i se sol\u00b7licita una modificaci\u00f3 amb la finalitat que siguin considerades \u00a0habitatges.<\/p>\n<p>Aquest canvi suposa una modificaci\u00f3 puntual de les Normes Subsidi\u00e0ries del planejament del municipi pel canvi d\u2019\u00fas. Aquesta modificaci\u00f3 ha estat enviada a la Comissi\u00f3 Territorial d\u2019Urbanisme del Camp de Tarragona que, el 15\/06\/17, va aprovar definitivament \u00a0la modificaci\u00f3 puntual de normes. Tot i aix\u00f2, va sol\u00b7licitar l\u2019aprovaci\u00f3 d\u2019un text ref\u00f3s d\u2019aquesta modificaci\u00f3 puntual.<\/p>\n<p>En aquest Ple proposem aprovar aquest test ref\u00f3s i enviar-lo a publicar al DOGC.<\/p>\n<p>Una vegada estigui publicat, s\u2019enviar\u00e0 a la Comissi\u00f3 Territorial d\u2019Urbanisme perqu\u00e8 hi doni el vistiplau.<\/p>\n<p>Posteriorment ja es podr\u00e0 aprovar la mem\u00f2ria de rehabilitaci\u00f3 dels habitatges i iniciar les obres amb la partida pressupost\u00e0ria vigent.<\/p>\n<p>S\u2019aprova per unanimitat.<\/p>\n<p>&nbsp;<\/p>\n<p><strong>13. Aprovaci\u00f3 de l\u2019expedient de delimitaci\u00f3 del terme municipal de la Bisbal del Pened\u00e8s i nomenament dels membres de la comissi\u00f3 municipal de delimitaci\u00f3<\/strong><\/p>\n<p>La Direcci\u00f3 General d\u2019Administraci\u00f3 Local del Departament de Governaci\u00f3, Administracions P\u00fabliques i Habitatge de la Generalitat de Catalunya, elabora el Mapa Municipal de Catalunya i s\u2019iniciaran expedients de delimitaci\u00f3 dels termes municipals.<\/p>\n<p>En aquesta proposta es porta a votaci\u00f3 aprovar l\u2019expedient de delimitaci\u00f3 del terme de la Bisbal del Pened\u00e8s amb els municipis lim\u00edtrofs.<\/p>\n<p>I tamb\u00e9 s\u2019aprova qui formar\u00e0 part de la Comissi\u00f3 que ha de representar l\u2019Ajuntament en les operacions de delimitaci\u00f3 del terme municipal:<\/p>\n<p>L\u2019alcaldessa Agn\u00e8s Ferr\u00e9, els regidors Maguy Antol\u00edn i Pere Saumoy, l\u2019arquitecte municipal Ramon Munt\u00e9 i el secretari municipal Manel Pahissa.<\/p>\n<p>Vots a favor: PDeCat (5) i PSC (1)<\/p>\n<p>Abstencions: ERC (4)<\/p>\n<p>S\u2019aprova per majoria<\/p>\n<p>&nbsp;<\/p>\n<p><strong>14. Aprovaci\u00f3 modificaci\u00f3 de cr\u00e8dit del pressupost 3\/2017 (Cr\u00e8dit extraordinari)<\/strong><\/p>\n<p><span style=\"text-decoration: underline;\">S\u2019incrementen les seg\u00fcents partides amb un total de 220.317,50\u20ac:<\/span><\/p>\n<p>Punt verd: 25.940,92\u20ac<\/p>\n<p>Amortitzacions inversions punt verd: 157.514,61\u20ac<\/p>\n<p>Modificaci\u00f3 instal\u00b7lacions EDAR Esplai: 1.326,51\u20ac<\/p>\n<p>Millores Dip\u00f2sit Can Gordei: 18.000\u20ac<\/p>\n<p>Adequaci\u00f3 a normativa del Centre de Dia: 10.000\u20ac<\/p>\n<p>Interessos execuci\u00f3 sent\u00e8ncia judicial arquitecte: 7.535,46\u20ac<\/p>\n<p><span style=\"text-decoration: underline;\">Aquests 220.317,50\u20ac surten de:<\/span><\/p>\n<p>-Rebaixa de 11.326,51\u20ac de:<\/p>\n<p>Rehabilitaci\u00f3 habitatges: 10.000\u20ac<\/p>\n<p>Maquin\u00e0ria esportiva: 1.673,49\u20ac<\/p>\n<p>-Majors ingressos pressupostaris de 208.990,99\u20ac:<\/p>\n<p>-Millores recollida de residus: 51.476,38\u20ac<\/p>\n<p>ICIO (Impost sobre Construccions, Instal\u00b7lacions i Obres): 157.514,61\u20ac<\/p>\n<p>S\u2019aprova per unanimitat.<\/p>\n<p>&nbsp;<\/p>\n<p><strong>15.<\/strong><strong> Precs i preguntes<\/strong><\/p>\n<p>&nbsp;<\/p>\n","protected":false},"excerpt":{"rendered":"<p>RESUM DELS PUNTS TRACTATS A L\u2019ORDRE DEL DIA DEL PLE ORDINARI DE L\u2019AJUNTAMENT DE LA BISBAL DEL PENED\u00c8S EL 18 DE SETEMBRE DE 2017 &nbsp; Nota: A la sessi\u00f3 plen\u00e0ria &hellip; <a href=\"https:\/\/bisbalpenedes.com\/web\/2017\/09\/19\/acords-del-ple-ordinari-celebrat-el-18-de-setembre-a-les-19h\/\" class=\"more-link\">Read More<\/a><\/p>\n","protected":false},"author":4,"featured_media":3172,"comment_status":"closed","ping_status":"closed","sticky":false,"template":"","format":"standard","meta":[],"categories":[4],"tags":[533,249,814],"_links":{"self":[{"href":"https:\/\/bisbalpenedes.com\/web\/wp-json\/wp\/v2\/posts\/3171"}],"collection":[{"href":"https:\/\/bisbalpenedes.com\/web\/wp-json\/wp\/v2\/posts"}],"about":[{"href":"https:\/\/bisbalpenedes.com\/web\/wp-json\/wp\/v2\/types\/post"}],"author":[{"embeddable":true,"href":"https:\/\/bisbalpenedes.com\/web\/wp-json\/wp\/v2\/users\/4"}],"replies":[{"embeddable":true,"href":"https:\/\/bisbalpenedes.com\/web\/wp-json\/wp\/v2\/comments?post=3171"}],"version-history":[{"count":5,"href":"https:\/\/bisbalpenedes.com\/web\/wp-json\/wp\/v2\/posts\/3171\/revisions"}],"predecessor-version":[{"id":3184,"href":"https:\/\/bisbalpenedes.com\/web\/wp-json\/wp\/v2\/posts\/3171\/revisions\/3184"}],"wp:featuredmedia":[{"embeddable":true,"href":"https:\/\/bisbalpenedes.com\/web\/wp-json\/wp\/v2\/media\/3172"}],"wp:attachment":[{"href":"https:\/\/bisbalpenedes.com\/web\/wp-json\/wp\/v2\/media?parent=3171"}],"wp:term":[{"taxonomy":"category","embeddable":true,"href":"https:\/\/bisbalpenedes.com\/web\/wp-json\/wp\/v2\/categories?post=3171"},{"taxonomy":"post_tag","embeddable":true,"href":"https:\/\/bisbalpenedes.com\/web\/wp-json\/wp\/v2\/tags?post=3171"}],"curies":[{"name":"wp","href":"https:\/\/api.w.org\/{rel}","templated":true}]}}