{"id":31705,"date":"2024-09-13T16:00:00","date_gmt":"2024-09-13T14:00:00","guid":{"rendered":"https:\/\/bisbalpenedes.com\/web\/?p=31705"},"modified":"2024-09-13T12:35:08","modified_gmt":"2024-09-13T10:35:08","slug":"la-junta-de-govern-del-proper-dilluns-16-de-setembre-conte-una-proposta-amb-competencia-delegada-del-ple","status":"publish","type":"post","link":"https:\/\/bisbalpenedes.com\/web\/2024\/09\/13\/la-junta-de-govern-del-proper-dilluns-16-de-setembre-conte-una-proposta-amb-competencia-delegada-del-ple\/","title":{"rendered":"La Junta de govern del proper dilluns 16 de setembre cont\u00e9 una proposta amb compet\u00e8ncia delegada del Ple"},"content":{"rendered":"\n<p>El pr\u00f2xim dilluns 16 de setembre se celebrar\u00e0 una Junta de Govern local que cont\u00e9 una proposta que \u00e9s compet\u00e8ncia del Ple delegada a la Junta, segons l&#8217;acord plenari del 6 de juliol de 2023. \u00c9s la seg\u00fcent:<br><\/p>\n\n\n\n<ul><li>Modificaci\u00f3 del contracte de les obres de la fassina<br><\/li><\/ul>\n\n\n\n<p>Les Sessions de la Junta de Govern Local no s\u00f3n p\u00fabliques, per\u00f2 quan actua en compet\u00e8ncies delegades del Ple, la sessi\u00f3 se sotmet als mateixos requisits de publicitat de les Sessions del Ple, que s\u00f3n p\u00fabliques. Aix\u00ed ho va declarar la STS 161\/2013, de 26 de setembre. Per aquest motiu, a les 13.15h s\u2019obriran les portes de la sala de plens perqu\u00e8 hi pugui assistir p\u00fablic i aquest punt de l\u2019ordre del dia es gravar\u00e0 per, posteriorment, publicar el v\u00eddeo per garantir la publicitat d\u2019aquest punt.<\/p>\n\n\n\n<hr class=\"wp-block-separator has-alpha-channel-opacity\"\/>\n\n\n\n<p>El pr\u00f3ximo lunes 16 de septiembre se celebrar\u00e1 una Junta de Gobierno local que contiene una propuesta que es competencia del Pleno delegada a la Junta, seg\u00fan el acuerdo plenario del 6 de julio de 2023. Es la siguiente:<\/p>\n\n\n\n<ul><li>Modificaci\u00f3n del contrato de las obras de la&nbsp;<em>fassina<\/em><\/li><\/ul>\n\n\n\n<p>Las Sesiones de la Junta de Gobierno Local no son p\u00fablicas, pero cuando act\u00faa en competencias delegadas del Pleno, la sesi\u00f3n se somete a los mismos requisitos de publicidad de las Sesiones del Pleno, que son p\u00fablicas. As\u00ed lo declar\u00f3 la STS 161\/2013, de 26 de septiembre. Por este motivo, a las 13.15h se abrir\u00e1n las puertas de la sala de plenos para que pueda asistir p\u00fablico y este punto del orden del d\u00eda se grabar\u00e1 para, posteriormente, publicar el video y garantizar as\u00ed la publicidad de este punto.<\/p>\n","protected":false},"excerpt":{"rendered":"<p>El pr\u00f2xim dilluns 16 de setembre se celebrar\u00e0 una Junta de Govern local que cont\u00e9 una proposta que \u00e9s compet\u00e8ncia del Ple delegada a la Junta, segons l&#8217;acord plenari del &hellip; <a href=\"https:\/\/bisbalpenedes.com\/web\/2024\/09\/13\/la-junta-de-govern-del-proper-dilluns-16-de-setembre-conte-una-proposta-amb-competencia-delegada-del-ple\/\" class=\"more-link\">Read More<\/a><\/p>\n","protected":false},"author":4,"featured_media":31706,"comment_status":"closed","ping_status":"closed","sticky":false,"template":"","format":"standard","meta":[],"categories":[3085,8],"tags":[686,777,393,3504],"_links":{"self":[{"href":"https:\/\/bisbalpenedes.com\/web\/wp-json\/wp\/v2\/posts\/31705"}],"collection":[{"href":"https:\/\/bisbalpenedes.com\/web\/wp-json\/wp\/v2\/posts"}],"about":[{"href":"https:\/\/bisbalpenedes.com\/web\/wp-json\/wp\/v2\/types\/post"}],"author":[{"embeddable":true,"href":"https:\/\/bisbalpenedes.com\/web\/wp-json\/wp\/v2\/users\/4"}],"replies":[{"embeddable":true,"href":"https:\/\/bisbalpenedes.com\/web\/wp-json\/wp\/v2\/comments?post=31705"}],"version-history":[{"count":1,"href":"https:\/\/bisbalpenedes.com\/web\/wp-json\/wp\/v2\/posts\/31705\/revisions"}],"predecessor-version":[{"id":31707,"href":"https:\/\/bisbalpenedes.com\/web\/wp-json\/wp\/v2\/posts\/31705\/revisions\/31707"}],"wp:featuredmedia":[{"embeddable":true,"href":"https:\/\/bisbalpenedes.com\/web\/wp-json\/wp\/v2\/media\/31706"}],"wp:attachment":[{"href":"https:\/\/bisbalpenedes.com\/web\/wp-json\/wp\/v2\/media?parent=31705"}],"wp:term":[{"taxonomy":"category","embeddable":true,"href":"https:\/\/bisbalpenedes.com\/web\/wp-json\/wp\/v2\/categories?post=31705"},{"taxonomy":"post_tag","embeddable":true,"href":"https:\/\/bisbalpenedes.com\/web\/wp-json\/wp\/v2\/tags?post=31705"}],"curies":[{"name":"wp","href":"https:\/\/api.w.org\/{rel}","templated":true}]}}