{"id":3166,"date":"2017-09-19T01:54:13","date_gmt":"2017-09-18T19:54:13","guid":{"rendered":"http:\/\/bisbalpenedes.com\/web\/?p=3166"},"modified":"2017-09-19T02:04:21","modified_gmt":"2017-09-18T20:04:21","slug":"aquest-diumenge-es-projectara-incerta-gloria-al-cmc","status":"publish","type":"post","link":"https:\/\/bisbalpenedes.com\/web\/2017\/09\/19\/aquest-diumenge-es-projectara-incerta-gloria-al-cmc\/","title":{"rendered":"Aquest diumenge es projectar\u00e0 &#8216;Incerta gl\u00f2ria&#8217; al CMC"},"content":{"rendered":"<p><a href=\"http:\/\/bisbalpenedes.com\/web\/wp-content\/uploads\/2017\/09\/A3_INCERTA_GLORIA_LA_BISBAL_PENEDES.jpg\"><img loading=\"lazy\" class=\"aligncenter size-large wp-image-3167\" title=\"A3_INCERTA_GLORIA_LA_BISBAL_PENEDES\" src=\"http:\/\/bisbalpenedes.com\/web\/wp-content\/uploads\/2017\/09\/A3_INCERTA_GLORIA_LA_BISBAL_PENEDES-723x1024.jpg\" alt=\"\" width=\"630\" height=\"892\" srcset=\"https:\/\/bisbalpenedes.com\/web\/wp-content\/uploads\/2017\/09\/A3_INCERTA_GLORIA_LA_BISBAL_PENEDES-723x1024.jpg 723w, https:\/\/bisbalpenedes.com\/web\/wp-content\/uploads\/2017\/09\/A3_INCERTA_GLORIA_LA_BISBAL_PENEDES-600x849.jpg 600w, https:\/\/bisbalpenedes.com\/web\/wp-content\/uploads\/2017\/09\/A3_INCERTA_GLORIA_LA_BISBAL_PENEDES-212x300.jpg 212w, https:\/\/bisbalpenedes.com\/web\/wp-content\/uploads\/2017\/09\/A3_INCERTA_GLORIA_LA_BISBAL_PENEDES.jpg 1169w\" sizes=\"(max-width: 630px) 100vw, 630px\" \/><\/a><a href=\"http:\/\/bisbalpenedes.com\/web\/wp-content\/uploads\/2017\/09\/A3_INCERTA_GLORIA_LA_BISBAL_PENEDES.jpg\"><br \/>\n<\/a><\/p>\n<p>L&#8217;auditori Salb\u00e0 del CMC acollir\u00e0 el proper diumenge 24 de setembre, a les 19h, la projecci\u00f3 de la pel\u00b7l\u00edcula &#8220;Incerta Gl\u00f2ria&#8221;, un drama hist\u00f2ric del director Agust\u00ed Villaronga.<\/p>\n<div>\n<h4><span style=\"text-decoration: underline;\">FITXA\u00a0T\u00c8CNICA<\/span><\/h4>\n<\/div>\n<div>\n<p>\u00a0Direcci\u00f3:\u00a0<strong>Agusti\u0301 Villaronga<\/strong><\/p>\n<p>Gui\u00f3:\u00a0<strong>Coral Cruz i Agusti\u0301 Villaronga<\/strong><\/p>\n<p>M\u00fasica:\u00a0<strong>Marcus JGR<\/strong><\/p>\n<p>Estrena:<strong>\u00a0Mar\u00e7 de 2017<\/strong><\/p>\n<p>Durada:\u00a0<strong>116\u00a0min.<\/strong><\/p>\n<p>G\u00e8nere:\u00a0<strong>Drama hist\u00f2ric<\/strong><\/p>\n<p>Versi\u00f3:\u00a0<strong>Original en catal\u00e0<\/strong><\/p>\n<p>Int\u00e8rprets:<\/p>\n<p><strong>Marcel Borra\u0300s, Nu\u0301ria Prims, Oriol Pla, Bruna Cusi\u0301, Luisa Gavasa, Terele Pa\u0301vez, Fernando Esteso, Juan Diego<\/strong><\/p>\n<p>&nbsp;<\/p>\n<div>\n<h4><span style=\"text-decoration: underline;\">SINOPSI<\/span><\/h4>\n<\/div>\n<div>\n<p>El front d\u2019Arago\u0301, 1937. Llui\u0301s (Marcel Borra\u0300s), un jove ofcial republica\u0300 destinat a un lloc temporalment inactiu, coneix una enigma\u0300tica vi\u0301dua de la qual s\u2019enamora, la Carlana (Nu\u0301ria Prims), que aconsegueix entabanar-lo perque\u0300 falsifiqui un document que la converteix en la senyora de la comarca.<\/p>\n<p>El millor amic del Llui\u0301s, el Solera\u0300s (Oriol Pla), un oficial degradat, descobreix el frau i, a canvi de no delatar-lo, li exigeix que allunyi dels bombardejos de Barcelona el seu fill i la seva dona, de qui ell esta\u0300 secretament enamorat.<br \/>\nQuan la Trini (Bruna Cusi\u0301) arriba al poble no triga a descobrir la trai\u0308cio\u0301 del Llui\u0301s i s\u2019estableix entre ells dos un \u201cestat de guerra\u201d que fara\u0300 trontollar tots els seus fonaments morals.<\/p>\n<p><strong>Una pel\u00b7li\u0301cula on el rerefons d\u2019una guerra fa aforar les passions humanes amb tota la seva intensitat.<\/strong><\/p>\n<p><iframe loading=\"lazy\" src=\"https:\/\/www.youtube.com\/embed\/8ir402XbgJY\" frameborder=\"0\" width=\"560\" height=\"315\"><\/iframe><\/p>\n<\/div>\n<\/div>\n<p>Com a la primavera, el preu general de l\u2019entrada ser\u00e0 de 4,5\u20ac i un preu redu\u00eft de 3\u20ac presentant el carnet de la Biblioteca Municipal de La Bisbal.<\/p>\n<p>Quant a la recaptaci\u00f3, aquesta es destinar\u00e0 a l\u2019entitat del poble que s\u2019encarregui de gestionar la taquilla en cadascuna de les projeccions.<\/p>\n<p>Les properes projeccions previstes s\u00f3n les seg\u00fcents:<\/p>\n<p>29 d\u2019octubre: \u201cEstiu 1993\u201d, una com\u00e8dia dram\u00e0tica de la directora Carla Sim\u00f3n<\/p>\n<p>26 de novembre: \u201cBrava\u201d, un drama de la directora Roser Aguilar<\/p>\n<p>17 de desembre: pel\u00b7l\u00edcula a determinar<\/p>\n","protected":false},"excerpt":{"rendered":"<p>L&#8217;auditori Salb\u00e0 del CMC acollir\u00e0 el proper diumenge 24 de setembre, a les 19h, la projecci\u00f3 de la pel\u00b7l\u00edcula &#8220;Incerta Gl\u00f2ria&#8221;, un drama hist\u00f2ric del director Agust\u00ed Villaronga. FITXA\u00a0T\u00c8CNICA \u00a0Direcci\u00f3:\u00a0Agusti\u0301 &hellip; <a href=\"https:\/\/bisbalpenedes.com\/web\/2017\/09\/19\/aquest-diumenge-es-projectara-incerta-gloria-al-cmc\/\" class=\"more-link\">Read More<\/a><\/p>\n","protected":false},"author":4,"featured_media":3167,"comment_status":"closed","ping_status":"closed","sticky":false,"template":"","format":"standard","meta":[],"categories":[8],"tags":[758,755,308,813,307,226,311,771],"_links":{"self":[{"href":"https:\/\/bisbalpenedes.com\/web\/wp-json\/wp\/v2\/posts\/3166"}],"collection":[{"href":"https:\/\/bisbalpenedes.com\/web\/wp-json\/wp\/v2\/posts"}],"about":[{"href":"https:\/\/bisbalpenedes.com\/web\/wp-json\/wp\/v2\/types\/post"}],"author":[{"embeddable":true,"href":"https:\/\/bisbalpenedes.com\/web\/wp-json\/wp\/v2\/users\/4"}],"replies":[{"embeddable":true,"href":"https:\/\/bisbalpenedes.com\/web\/wp-json\/wp\/v2\/comments?post=3166"}],"version-history":[{"count":3,"href":"https:\/\/bisbalpenedes.com\/web\/wp-json\/wp\/v2\/posts\/3166\/revisions"}],"predecessor-version":[{"id":3169,"href":"https:\/\/bisbalpenedes.com\/web\/wp-json\/wp\/v2\/posts\/3166\/revisions\/3169"}],"wp:featuredmedia":[{"embeddable":true,"href":"https:\/\/bisbalpenedes.com\/web\/wp-json\/wp\/v2\/media\/3167"}],"wp:attachment":[{"href":"https:\/\/bisbalpenedes.com\/web\/wp-json\/wp\/v2\/media?parent=3166"}],"wp:term":[{"taxonomy":"category","embeddable":true,"href":"https:\/\/bisbalpenedes.com\/web\/wp-json\/wp\/v2\/categories?post=3166"},{"taxonomy":"post_tag","embeddable":true,"href":"https:\/\/bisbalpenedes.com\/web\/wp-json\/wp\/v2\/tags?post=3166"}],"curies":[{"name":"wp","href":"https:\/\/api.w.org\/{rel}","templated":true}]}}