{"id":31646,"date":"2024-09-06T13:49:58","date_gmt":"2024-09-06T11:49:58","guid":{"rendered":"https:\/\/bisbalpenedes.com\/web\/?p=31646"},"modified":"2024-09-06T13:51:20","modified_gmt":"2024-09-06T11:51:20","slug":"t-16-la-targeta-per-viatger-en-bus-de-forma-gratuita-per-als-menors-de-16-anys","status":"publish","type":"post","link":"https:\/\/bisbalpenedes.com\/web\/2024\/09\/06\/t-16-la-targeta-per-viatger-en-bus-de-forma-gratuita-per-als-menors-de-16-anys\/","title":{"rendered":"T-16: la targeta per viatjar en bus de forma gratu\u00efta per als menors de 16 anys"},"content":{"rendered":"\n<p><strong>Inclou el transport gratu\u00eft en bus per anar a l\u2019Institut Coster de la Torre, a la zona escolar del Vendrell i per moure\u2019t per la zona 2.4 del sistema tarifari integrat del Camp de Tarragona<\/strong><\/p>\n\n\n\n<p>La T-16 \u00e9s un t\u00edtol de transport que permet que els infants i joves d\u2019entre 4 i 16 anys (ambd\u00f3s inclosos) puguin fer un nombre il\u00b7limitat de despla\u00e7aments a la zona tarif\u00e0ria en qu\u00e8 resideixen, en tots els modes de transport integrats. La targeta \u00e9s v\u00e0lida per a la zona tarif\u00e0ria del municipi de resid\u00e8ncia i la renovaci\u00f3 es fa anualment i no suposa un cost per a l\u2019usuari. Podeu consultar les zones de mobilitat en aquest enlla\u00e7: <a href=\"https:\/\/www.atmcamptarragona.cat\/zones-de-mobilitat\/\">https:\/\/www.atmcamptarragona.cat\/zones-de-mobilitat\/<\/a><\/p>\n\n\n\n<p>La targeta T-16 \u00e9s una iniciativa del Consorci del Transport P\u00fablic del Camp de Tarragona (ATM Camp de Tarragona), que est\u00e0 integrat per la Generalitat de Catalunya, diversos ajuntaments i comarques, entre les quals hi ha la del Baix Pened\u00e8s.<\/p>\n\n\n\n<p>Per sol\u00b7licitar la T-16 \u00e9s necessari que presenteu:<\/p>\n\n\n\n<ul><li>DNI\/NIE de la persona menor<\/li><li>DNI\/NIE del pare\/mare\/tutor o tutora<\/li><li>Certificat d\u2019empadronament<\/li><\/ul>\n\n\n\n<p>La sol\u00b7licitud de la targeta es fa de forma telem\u00e0tica a <a href=\"https:\/\/www.atmcamptarragona.cat\/formulari-sol%C2%B7licitud-t-16\/\">https:\/\/www.atmcamptarragona.cat\/formulari-sol%C2%B7licitud-t-16\/<\/a> i es pot recollir en qualsevol de les seg\u00fcents ubicacions, una vegada rebuda la confirmaci\u00f3 de l\u2019ATM Camp de Tarragona:<\/p>\n\n\n\n<ul><li>Centre d\u2019Atenci\u00f3 i Informaci\u00f3 de l\u2019estaci\u00f3 d\u2019autobusos (Pla\u00e7a Imperial Tarraco &#8211; Tarragona)<\/li><li>Oficina de l\u2019EMT de Tarragona (carrer Josepa Massan\u00e9s, 14 &#8211; Tarragona)<\/li><li>Casa Gasset (carrer Anselm Clav\u00e9, 1 &#8211; Tarragona)<\/li><li>Consell Comarcal de la Conca de Barber\u00e0 (Montblanc)<\/li><\/ul>\n\n\n\n<p>*Si el\/la menor ja disposa d\u2019una targeta T-12, pot conservar-la fins que caduqui.<\/p>\n\n\n\n<p><strong>PREU REDU\u00cfT PER ALS BISBALENCS QUE VAN A LA ZONA ESCOLAR DEL VENDRELL<\/strong><\/p>\n\n\n\n<p>A iniciativa de les regidories d\u2019Ensenyament i Mobilitat, aquelles persones que utilitzin el bus urb\u00e0 per anar a la zona escolar del Vendrell es podran beneficiar de les tarifes aprovades per al bus urb\u00e0, en lloc de pagar la tarifa de bus comarcal. Els preus, en aquest cas, seran els seg\u00fcents:<\/p>\n\n\n\n<ul><li>Tiquet senzill: 1\u20ac<\/li><li>50 viatges: 25\u20ac<\/li><li>10 viatges: 6\u20ac<\/li><\/ul>\n\n\n\n<p>El tiquet i els abonaments del bus urb\u00e0 s\u2019adquireixen directament al bus, demanant-li a la conductora o el conductor.<\/p>\n\n\n\n<hr class=\"wp-block-separator has-alpha-channel-opacity\"\/>\n\n\n\n<h2><strong>T-16: la tarjeta para viajar en bus de forma gratuita para los menores de 16 a\u00f1os<\/strong><\/h2>\n\n\n\n<p><strong>Incluye el transporte gratuito en bus para ir al Instituto Coster de la Torre, a la zona escolar de El Vendrell y para moverte por la zona 2.4 del sistema tarifario integrado del Camp de Tarragona<\/strong><\/p>\n\n\n\n<p>La T-16 es un t\u00edtulo de transporte que permite que los ni\u00f1os y j\u00f3venes de entre 4 y 16 a\u00f1os (ambos incluidos) puedan hacer un n\u00famero ilimitado de desplazamientos en la zona tarifaria en la que residen, en todos los modos de transporte integrados. La tarjeta es v\u00e1lida para la zona tarifaria del municipio de residencia y la renovaci\u00f3n se hace anualmente y no supone un coste para el usuario. Pueden consultar las zonas de movilidad en este enlace: <a href=\"https:\/\/www.atmcamptarragona.cat\/zones-de-mobilitat\/\">https:\/\/www.atmcamptarragona.cat\/zones-de-mobilitat\/<\/a><\/p>\n\n\n\n<p>La tarjeta T-16 es una iniciativa del Consorci del Transport P\u00fablico del Camp de Tarragona (ATM Camp de Tarragona), que est\u00e1 integrado por la Generalitat de Catalunya, varios ayuntamientos y comarcas, entre las cuales est\u00e1 la del Baix Pened\u00e8s.<\/p>\n\n\n\n<p>Para solicitar la T-16 es necesario que presenten:<\/p>\n\n\n\n<ul><li>DNI\/NIE de la persona menor<\/li><li>DNI\/NIE del padre\/madre\/tutor o tutora<\/li><li>Certificado de empadronamiento<\/li><\/ul>\n\n\n\n<p>La solicitud de la tarjeta se hace de forma telem\u00e1tica en <a href=\"https:\/\/www.atmcamptarragona.cat\/formulari-sol%C2%B7licitud-t-16\/\">https:\/\/www.atmcamptarragona.cat\/formulari-sol%C2%B7licitud-t-16\/<\/a> y se puede recoger en cualquiera de las siguientes ubicaciones, una vez recibida la confirmaci\u00f3n del ATM Camp de Tarragona:<\/p>\n\n\n\n<ul><li>Centro de Atenci\u00f3n e Informaci\u00f3n de la estaci\u00f3n de autobuses (Plaza Imperial Tarraco &#8211; Tarragona)<\/li><li>Oficina de la EMT de Tarragona (calle Josepa Massan\u00e9s, 14 &#8211; Tarragona)<\/li><li>Casa Gasset (calle Anselm Clav\u00e9, 1 &#8211; Tarragona)<\/li><li>Consell Comarcal de la Conca de Barber\u00e0 (Montblanc)<\/li><\/ul>\n\n\n\n<p>*Si el\/la menor ya dispone de una tarjeta T-12, puede conservarla hasta que caduque.<\/p>\n\n\n\n<p><strong>PRECIO REDUCIDO PARA LOS HABITANTES DE LA BISBAL QUE VAN A LA ZONA ESCOLAR DE EL VENDRELL<\/strong><\/p>\n\n\n\n<p>Por iniciativa de las concejal\u00edas de Educaci\u00f3n y Movilidad, aquellas personas que utilicen el bus urbano para ir a la zona escolar de El Vendrell se podr\u00e1n beneficiar de las tarifas aprobadas para el bus urbano, en lugar de pagar la tarifa de bus comarcal. Los precios, en este caso, ser\u00e1n los siguientes:<\/p>\n\n\n\n<p>\u00b7 Billete sencillo: 1\u20ac<\/p>\n\n\n\n<p>\u00b7 50 viajes: 25\u20ac<\/p>\n\n\n\n<p>\u00b7 10 viajes: 6\u20ac<\/p>\n\n\n\n<p>El billete y los abonos del bus urbano se adquieren directamente en el bus, pidi\u00e9ndoselo a la conductora o el conductor.<\/p>\n","protected":false},"excerpt":{"rendered":"<p>Inclou el transport gratu\u00eft en bus per anar a l\u2019Institut Coster de la Torre, a la zona escolar del Vendrell i per moure\u2019t per la zona 2.4 del sistema tarifari &hellip; <a href=\"https:\/\/bisbalpenedes.com\/web\/2024\/09\/06\/t-16-la-targeta-per-viatger-en-bus-de-forma-gratuita-per-als-menors-de-16-anys\/\" class=\"more-link\">Read More<\/a><\/p>\n","protected":false},"author":4,"featured_media":31647,"comment_status":"closed","ping_status":"closed","sticky":false,"template":"","format":"standard","meta":[],"categories":[3456,3859,8],"tags":[821,391,862,6827,393,539,825],"_links":{"self":[{"href":"https:\/\/bisbalpenedes.com\/web\/wp-json\/wp\/v2\/posts\/31646"}],"collection":[{"href":"https:\/\/bisbalpenedes.com\/web\/wp-json\/wp\/v2\/posts"}],"about":[{"href":"https:\/\/bisbalpenedes.com\/web\/wp-json\/wp\/v2\/types\/post"}],"author":[{"embeddable":true,"href":"https:\/\/bisbalpenedes.com\/web\/wp-json\/wp\/v2\/users\/4"}],"replies":[{"embeddable":true,"href":"https:\/\/bisbalpenedes.com\/web\/wp-json\/wp\/v2\/comments?post=31646"}],"version-history":[{"count":2,"href":"https:\/\/bisbalpenedes.com\/web\/wp-json\/wp\/v2\/posts\/31646\/revisions"}],"predecessor-version":[{"id":31649,"href":"https:\/\/bisbalpenedes.com\/web\/wp-json\/wp\/v2\/posts\/31646\/revisions\/31649"}],"wp:featuredmedia":[{"embeddable":true,"href":"https:\/\/bisbalpenedes.com\/web\/wp-json\/wp\/v2\/media\/31647"}],"wp:attachment":[{"href":"https:\/\/bisbalpenedes.com\/web\/wp-json\/wp\/v2\/media?parent=31646"}],"wp:term":[{"taxonomy":"category","embeddable":true,"href":"https:\/\/bisbalpenedes.com\/web\/wp-json\/wp\/v2\/categories?post=31646"},{"taxonomy":"post_tag","embeddable":true,"href":"https:\/\/bisbalpenedes.com\/web\/wp-json\/wp\/v2\/tags?post=31646"}],"curies":[{"name":"wp","href":"https:\/\/api.w.org\/{rel}","templated":true}]}}