{"id":31642,"date":"2024-09-05T18:28:05","date_gmt":"2024-09-05T16:28:05","guid":{"rendered":"https:\/\/bisbalpenedes.com\/web\/?p=31642"},"modified":"2024-09-05T18:29:24","modified_gmt":"2024-09-05T16:29:24","slug":"relacio-definitiva-daspirants-admesos-i-exclosos-al-proces-selectiu","status":"publish","type":"post","link":"https:\/\/bisbalpenedes.com\/web\/2024\/09\/05\/relacio-definitiva-daspirants-admesos-i-exclosos-al-proces-selectiu\/","title":{"rendered":"S&#8217;ha publicat la relaci\u00f3 definitiva d&#8217;aspirants admesos i exclosos en el proc\u00e9s selectiu, mitjan\u00e7ant concurs-oposici\u00f3 per a la provisi\u00f3 d&#8217;una pla\u00e7a de t\u00e8cnic\/a d&#8217;Educaci\u00f3 Infantil"},"content":{"rendered":"\n<p>S&#8217;ha publicat la Relaci\u00f3 definitiva d\u2019aspirants admesos i exclosos al proc\u00e9s selectiu, mitjan\u00e7ant concurs-oposici\u00f3, per a la provisi\u00f3 d\u2019una pla\u00e7a de t\u00e8cnic\/a d\u2019Educaci\u00f3 Infantil, subgrup C1, en r\u00e8gim laboral fix.<\/p>\n\n\n\n<p>El dimecres 18 de setembre, a les 9h, es far\u00e0 la prova pr\u00e8via de coneixements de llengua catalana al CMC. Aquesta prova l\u2019han de fer les persones aspirants que no han acreditat estar en possessi\u00f3 del certificat de coneixements de llengua catalana del nivell C1 (sufici\u00e8ncia).<\/p>\n\n\n\n<p>El dijous 19 de setembre, a les 9h, es far\u00e0 la prova de coneixements te\u00f2rics i pr\u00e0ctics i la valoraci\u00f3 dels m\u00e8rits al\u00b7legats i acreditats documentalment per les persones aspirants.<\/p>\n\n\n\n<p>\u2139Podeu consultar la informaci\u00f3 al Tauler d\u2019anuncis:<br><a href=\"https:\/\/bisbalpenedes.eadministracio.cat\/info.1\">https:\/\/bisbalpenedes.eadministracio.cat\/info.1<\/a><\/p>\n\n\n\n<hr class=\"wp-block-separator has-alpha-channel-opacity\"\/>\n\n\n\n<p><strong>CASTELLANO |<\/strong> Se ha publicado la Relaci\u00f3n definitiva de aspirantes admitidos y excluidos en el proceso selectivo, mediante concurso-oposici\u00f3n, para la provisi\u00f3n de una plaza de t\u00e9cnico\/a de Educaci\u00f3n Infantil, subgrupo C1, en r\u00e9gimen laboral fijo.<\/p>\n\n\n\n<p>El mi\u00e9rcoles 18 de septiembre, a las 9h, se realizar\u00e1 la prueba previa de conocimientos de lengua catalana en el CMC. Esta prueba deben hacerla las personas aspirantes que no han acreditado estar en posesi\u00f3n del certificado de conocimientos de lengua catalana del nivel C1 (suficiencia).<\/p>\n\n\n\n<p>El jueves 19 de septiembre, a las 9h, se realizar\u00e1 la prueba de conocimientos te\u00f3ricos y pr\u00e1cticos y la valoraci\u00f3n de los m\u00e9ritos alegados y acreditados documentalmente por las personas aspirantes.<\/p>\n\n\n\n<p>Pod\u00e9is consultar la informaci\u00f3n en el Tabl\u00f3n de anuncios:<br><a href=\"https:\/\/bisbalpenedes.eadministracio.cat\/info.1\">https:\/\/bisbalpenedes.eadministracio.cat\/info.1<\/a><\/p>\n\n\n\n<p><\/p>\n","protected":false},"excerpt":{"rendered":"<p>S&#8217;ha publicat la Relaci\u00f3 definitiva d\u2019aspirants admesos i exclosos al proc\u00e9s selectiu, mitjan\u00e7ant concurs-oposici\u00f3, per a la provisi\u00f3 d\u2019una pla\u00e7a de t\u00e8cnic\/a d\u2019Educaci\u00f3 Infantil, subgrup C1, en r\u00e8gim laboral fix. &hellip; <a href=\"https:\/\/bisbalpenedes.com\/web\/2024\/09\/05\/relacio-definitiva-daspirants-admesos-i-exclosos-al-proces-selectiu\/\" class=\"more-link\">Read More<\/a><\/p>\n","protected":false},"author":4,"featured_media":31401,"comment_status":"closed","ping_status":"closed","sticky":false,"template":"","format":"standard","meta":[],"categories":[3456,8],"tags":[862,393],"_links":{"self":[{"href":"https:\/\/bisbalpenedes.com\/web\/wp-json\/wp\/v2\/posts\/31642"}],"collection":[{"href":"https:\/\/bisbalpenedes.com\/web\/wp-json\/wp\/v2\/posts"}],"about":[{"href":"https:\/\/bisbalpenedes.com\/web\/wp-json\/wp\/v2\/types\/post"}],"author":[{"embeddable":true,"href":"https:\/\/bisbalpenedes.com\/web\/wp-json\/wp\/v2\/users\/4"}],"replies":[{"embeddable":true,"href":"https:\/\/bisbalpenedes.com\/web\/wp-json\/wp\/v2\/comments?post=31642"}],"version-history":[{"count":2,"href":"https:\/\/bisbalpenedes.com\/web\/wp-json\/wp\/v2\/posts\/31642\/revisions"}],"predecessor-version":[{"id":31644,"href":"https:\/\/bisbalpenedes.com\/web\/wp-json\/wp\/v2\/posts\/31642\/revisions\/31644"}],"wp:featuredmedia":[{"embeddable":true,"href":"https:\/\/bisbalpenedes.com\/web\/wp-json\/wp\/v2\/media\/31401"}],"wp:attachment":[{"href":"https:\/\/bisbalpenedes.com\/web\/wp-json\/wp\/v2\/media?parent=31642"}],"wp:term":[{"taxonomy":"category","embeddable":true,"href":"https:\/\/bisbalpenedes.com\/web\/wp-json\/wp\/v2\/categories?post=31642"},{"taxonomy":"post_tag","embeddable":true,"href":"https:\/\/bisbalpenedes.com\/web\/wp-json\/wp\/v2\/tags?post=31642"}],"curies":[{"name":"wp","href":"https:\/\/api.w.org\/{rel}","templated":true}]}}