{"id":31639,"date":"2024-09-05T18:02:26","date_gmt":"2024-09-05T16:02:26","guid":{"rendered":"https:\/\/bisbalpenedes.com\/web\/?p=31639"},"modified":"2024-09-05T18:02:26","modified_gmt":"2024-09-05T16:02:26","slug":"aquest-dimecres-shan-entregat-2-premis-del-concurs-de-fotografies-dinstagram","status":"publish","type":"post","link":"https:\/\/bisbalpenedes.com\/web\/2024\/09\/05\/aquest-dimecres-shan-entregat-2-premis-del-concurs-de-fotografies-dinstagram\/","title":{"rendered":"Aquest dimecres s&#8217;han entregat 2 premis del Concurs de Fotografies d&#8217;Instagram"},"content":{"rendered":"\n<p>Ahir l\u2019alcaldessa Agn\u00e8s Ferr\u00e9 i la regidora de Cultura, Judith Vidal, van entregar els seg\u00fcents premis del concurs de fotografia d&#8217;Instagram de la Festa Major 2024.<\/p>\n\n\n\n<ul><li><strong>3r premi: Isabel Perales<\/strong><\/li><\/ul>\n\n\n\n<p>         Premi: C\u00e0mera Fujifilm mini 12 65 i una ampolla de vi de Cellers Domenys<\/p>\n\n\n\n<ul><li><strong>Premi Diver a la fotografia m\u00e9s divertida: Josep Losada<\/strong><\/li><\/ul>\n\n\n\n<p>         Premi: Lot de productes bisbalencs i un bloc d&#8217;entrades per a la piscina<br><br>Enhorabona als premiats!\u00a0Properament entregarem el 1r i 2n premi, ja que ahir els guanyadors guardons no van poder assistir.<br>Agra\u00efm enormement la tasca del Jurat: Robert Vall\u00e8s, Jordina Mir\u00f3, Salvador Catal\u00e0, S\u00f2nia Ferrer i Judith Vidal. I un gran agra\u00efment a totes les persones que han participat, omplint Instagram de fotografies sobre la nostra festa major!<\/p>\n\n\n\n<hr class=\"wp-block-separator has-alpha-channel-opacity\"\/>\n\n\n\n<p><strong>CASTELLANO |<\/strong>\u00a0Ayer la alcaldesa Agn\u00e8s Ferr\u00e9 y la concejala de Cultura, Judith Vidal, entregaron los siguientes premios del concurso de fotograf\u00eda de Instagram de la Festa Major 2024.<\/p>\n\n\n\n<ul><li><strong>3er premio: Isabel Perales<\/strong><\/li><\/ul>\n\n\n\n<p>         Premio: C\u00e1mara Fujifilm mini 12 65 y una botella de vino de Cellers Domenys<\/p>\n\n\n\n<ul><li><strong>Premio Diver a la fotograf\u00eda m\u00e1s divertida: Josep Losada<\/strong><\/li><\/ul>\n\n\n\n<p>         Premio: Lote de productos bisbalenses y un bloque de entradas para la piscina<br><br>\u00a1Enhorabuena a los premiados! Pr\u00f3ximamente entregaremos el 1\u00ba y 2\u00ba premio, ya que ayer los ganadores no pudieron asistir.<br>Agradecemos enormemente la labor del Jurado: Robert Vall\u00e8s, Jordina Mir\u00f3, Salvador Catal\u00e0, S\u00f2nia Ferrer y Judith Vidal. \u00a1Y un gran agradecimiento a todas las personas que han participado, llenando Instagram de fotograf\u00edas sobre nuestra fiesta mayor!<\/p>\n","protected":false},"excerpt":{"rendered":"<p>Ahir l\u2019alcaldessa Agn\u00e8s Ferr\u00e9 i la regidora de Cultura, Judith Vidal, van entregar els seg\u00fcents premis del concurs de fotografia d&#8217;Instagram de la Festa Major 2024. 3r premi: Isabel Perales &hellip; <a href=\"https:\/\/bisbalpenedes.com\/web\/2024\/09\/05\/aquest-dimecres-shan-entregat-2-premis-del-concurs-de-fotografies-dinstagram\/\" class=\"more-link\">Read More<\/a><\/p>\n","protected":false},"author":4,"featured_media":31640,"comment_status":"closed","ping_status":"closed","sticky":false,"template":"","format":"standard","meta":[],"categories":[13,4668,8],"tags":[4694,141,393,178],"_links":{"self":[{"href":"https:\/\/bisbalpenedes.com\/web\/wp-json\/wp\/v2\/posts\/31639"}],"collection":[{"href":"https:\/\/bisbalpenedes.com\/web\/wp-json\/wp\/v2\/posts"}],"about":[{"href":"https:\/\/bisbalpenedes.com\/web\/wp-json\/wp\/v2\/types\/post"}],"author":[{"embeddable":true,"href":"https:\/\/bisbalpenedes.com\/web\/wp-json\/wp\/v2\/users\/4"}],"replies":[{"embeddable":true,"href":"https:\/\/bisbalpenedes.com\/web\/wp-json\/wp\/v2\/comments?post=31639"}],"version-history":[{"count":1,"href":"https:\/\/bisbalpenedes.com\/web\/wp-json\/wp\/v2\/posts\/31639\/revisions"}],"predecessor-version":[{"id":31641,"href":"https:\/\/bisbalpenedes.com\/web\/wp-json\/wp\/v2\/posts\/31639\/revisions\/31641"}],"wp:featuredmedia":[{"embeddable":true,"href":"https:\/\/bisbalpenedes.com\/web\/wp-json\/wp\/v2\/media\/31640"}],"wp:attachment":[{"href":"https:\/\/bisbalpenedes.com\/web\/wp-json\/wp\/v2\/media?parent=31639"}],"wp:term":[{"taxonomy":"category","embeddable":true,"href":"https:\/\/bisbalpenedes.com\/web\/wp-json\/wp\/v2\/categories?post=31639"},{"taxonomy":"post_tag","embeddable":true,"href":"https:\/\/bisbalpenedes.com\/web\/wp-json\/wp\/v2\/tags?post=31639"}],"curies":[{"name":"wp","href":"https:\/\/api.w.org\/{rel}","templated":true}]}}