{"id":31618,"date":"2024-09-04T12:16:16","date_gmt":"2024-09-04T10:16:16","guid":{"rendered":"https:\/\/bisbalpenedes.com\/web\/?p=31618"},"modified":"2024-09-04T12:18:46","modified_gmt":"2024-09-04T10:18:46","slug":"sobre-el-termini-per-presentar-sollicituds-a-la-borsa-de-treball-dauxiliars-administratius-ves-per-a-lajuntament-de-la-bisbal-del-penedes","status":"publish","type":"post","link":"https:\/\/bisbalpenedes.com\/web\/2024\/09\/04\/sobre-el-termini-per-presentar-sollicituds-a-la-borsa-de-treball-dauxiliars-administratius-ves-per-a-lajuntament-de-la-bisbal-del-penedes\/","title":{"rendered":"<strong>S\u2019obre el termini per presentar sol\u00b7licituds a la borsa de treball d\u2019auxiliars administratius\/ves per a l\u2019Ajuntament de la Bisbal del Pened\u00e8s<\/strong>"},"content":{"rendered":"\n<p>Del 4 al 18 de setembre, ambd\u00f3s inclosos, es poden presentar sol\u00b7licituds a la borsa de treball d\u2019auxiliars administratius\/ves per a l\u2019Ajuntament de la Bisbal del Pened\u00e8s.<\/p>\n\n\n\n<p>Caracter\u00edstiques de la borsa de treball:<\/p>\n\n\n\n<ul><li>Denominaci\u00f3: auxiliar administratiu\/va.<\/li><li>Escala i subescala: administraci\u00f3 general i auxiliar.<\/li><li>Durada de la Borsa: 2 anys<\/li><li>Lloc de treball amb previsi\u00f3 de ser adscrit: auxiliar administratiu\/va.<\/li><li>Grup: C2.<\/li><li>Sistema selectiu: concurs- oposici\u00f3<\/li><li>Funcions generals: s\u00f3n les establertes a la normativa per a l\u2019escala d\u2019administraci\u00f3 general, subescala auxiliar: suport administratiu en tasques preparat\u00f2ries o derivades de la gesti\u00f3 administrativa, comprovaci\u00f3 de documentaci\u00f3, tasques de tr\u00e0mit, col\u00b7laboraci\u00f3 i redacci\u00f3, suport ofim\u00e0tic, equip d\u2019oficines, inform\u00e0tica b\u00e0sica i c\u00e0lcul, informaci\u00f3 i despatx al p\u00fablic.<\/li><li>Les tasques concretes a desenvolupar estaran vinculades a l\u2019\u00e0mbit al qual es destini i estaran relacionades, en qualsevol cas, amb les seg\u00fcents: suport administratiu en la gesti\u00f3 administrativa general de l\u2019Ajuntament i en els processos administratius propis de la unitat a la qual s\u2019adscrigui la pla\u00e7a, incloent el suport en el registre, tramitaci\u00f3 i gesti\u00f3 d\u2019expedients, aix\u00ed com en la recepci\u00f3 i registre de documentaci\u00f3.<\/li><li>Jornada: jornada ordin\u00e0ria del servei ( 37,5 hores setmanals)<\/li><\/ul>\n\n\n\n<p>Enlla\u00e7 a les bases publicades al DOGC el 3 de setembre: <a href=\"https:\/\/dogc.gencat.cat\/ca\/document-del-dogc\/?documentId=993762\">https:\/\/dogc.gencat.cat\/ca\/document-del-dogc\/?documentId=993762<\/a><\/p>\n\n\n\n<p>La borsa de treball d\u2019auxiliars administratius\/ves que t\u00e9 l\u2019Ajuntament de la Bisbal del Pened\u00e8s en l\u2019actualitat es va constituir el 2022 i, a hores d\u2019ara, est\u00e0 esgotada. Es tracta d\u2019una borsa de treball d\u2019auxiliars administratius\/ves, per cobrir vacants temporals o per atendre necessitats urgents.<\/p>\n\n\n\n<hr class=\"wp-block-separator has-alpha-channel-opacity\"\/>\n\n\n\n<h2><strong>Se abre el plazo para presentar solicitudes a la bolsa de trabajo de auxiliares administrativos\/as para el Ajuntament de La Bisbal del Pened\u00e8s<\/strong><\/h2>\n\n\n\n<p>Del 4 al 18 de septiembre, ambos incluidos, se pueden presentar solicitudes a la bolsa de trabajo de auxiliares administrativos\/as para el Ajuntament de La Bisbal del Pened\u00e8s.<\/p>\n\n\n\n<p>Caracter\u00edsticas de la bolsa de trabajo:<\/p>\n\n\n\n<ul><li>Denominaci\u00f3n: auxiliar administrativo\/a.<\/li><li>Escala y subescala: administraci\u00f3n general y auxiliar.<\/li><li>Duraci\u00f3n de la Bolsa: 2 a\u00f1os<\/li><li>Puesto de trabajo con previsi\u00f3n de ser adscrito: auxiliar administrativo\/a.<\/li><li>Grupo: C2.<\/li><li>Sistema selectivo: concurso-oposici\u00f3nFunciones generales: son las establecidas en la normativa para la escala de administraci\u00f3n general, subescala auxiliar: apoyo administrativo en tareas preparatorias o derivadas de la gesti\u00f3n administrativa, comprobaci\u00f3n de documentaci\u00f3n, tareas de tr\u00e1mite, colaboraci\u00f3n y redacci\u00f3n, soporte ofim\u00e1tico, equipo de oficinas, inform\u00e1tica b\u00e1sica y c\u00e1lculo, informaci\u00f3n y despacho al p\u00fablico.<\/li><li>Las tareas concretas a desarrollar estar\u00e1n vinculadas al \u00e1mbito al que se destine y estar\u00e1n relacionadas, en cualquier caso, con las siguientes: apoyo administrativo en la gesti\u00f3n administrativa general del Ajuntament y en los procesos administrativos propios de la unidad a la que se adscriba la plaza, incluyendo el apoyo en el registro, tramitaci\u00f3n y gesti\u00f3n de expedientes, as\u00ed como en la recepci\u00f3n y registro de documentaci\u00f3n.<\/li><li>Jornada: jornada ordinaria del servicio (37,5 horas semanales)<\/li><\/ul>\n\n\n\n<p>Enlace a las bases publicadas en el DOGC el 3 de septiembre: <a href=\"https:\/\/dogc.gencat.cat\/ca\/document-del-dogc\/?documentId=993762\">https:\/\/dogc.gencat.cat\/ca\/document-del-dogc\/?documentId=993762<\/a><\/p>\n\n\n\n<p>La bolsa de trabajo de auxiliares administrativos\/as que tiene el Ajuntament de La Bisbal del Pened\u00e8s en la actualidad se constituy\u00f3 en 2022 y, a d\u00eda de hoy, est\u00e1 agotada. Se trata de una bolsa de trabajo de auxiliares administrativos\/as, para cubrir vacantes temporales o para atender necesidades urgentes.<\/p>\n","protected":false},"excerpt":{"rendered":"<p>Del 4 al 18 de setembre, ambd\u00f3s inclosos, es poden presentar sol\u00b7licituds a la borsa de treball d\u2019auxiliars administratius\/ves per a l\u2019Ajuntament de la Bisbal del Pened\u00e8s. Caracter\u00edstiques de la &hellip; <a href=\"https:\/\/bisbalpenedes.com\/web\/2024\/09\/04\/sobre-el-termini-per-presentar-sollicituds-a-la-borsa-de-treball-dauxiliars-administratius-ves-per-a-lajuntament-de-la-bisbal-del-penedes\/\" class=\"more-link\">Read More<\/a><\/p>\n","protected":false},"author":4,"featured_media":31619,"comment_status":"closed","ping_status":"closed","sticky":false,"template":"","format":"standard","meta":[],"categories":[2402,2057,8],"tags":[6825,459,393],"_links":{"self":[{"href":"https:\/\/bisbalpenedes.com\/web\/wp-json\/wp\/v2\/posts\/31618"}],"collection":[{"href":"https:\/\/bisbalpenedes.com\/web\/wp-json\/wp\/v2\/posts"}],"about":[{"href":"https:\/\/bisbalpenedes.com\/web\/wp-json\/wp\/v2\/types\/post"}],"author":[{"embeddable":true,"href":"https:\/\/bisbalpenedes.com\/web\/wp-json\/wp\/v2\/users\/4"}],"replies":[{"embeddable":true,"href":"https:\/\/bisbalpenedes.com\/web\/wp-json\/wp\/v2\/comments?post=31618"}],"version-history":[{"count":1,"href":"https:\/\/bisbalpenedes.com\/web\/wp-json\/wp\/v2\/posts\/31618\/revisions"}],"predecessor-version":[{"id":31620,"href":"https:\/\/bisbalpenedes.com\/web\/wp-json\/wp\/v2\/posts\/31618\/revisions\/31620"}],"wp:featuredmedia":[{"embeddable":true,"href":"https:\/\/bisbalpenedes.com\/web\/wp-json\/wp\/v2\/media\/31619"}],"wp:attachment":[{"href":"https:\/\/bisbalpenedes.com\/web\/wp-json\/wp\/v2\/media?parent=31618"}],"wp:term":[{"taxonomy":"category","embeddable":true,"href":"https:\/\/bisbalpenedes.com\/web\/wp-json\/wp\/v2\/categories?post=31618"},{"taxonomy":"post_tag","embeddable":true,"href":"https:\/\/bisbalpenedes.com\/web\/wp-json\/wp\/v2\/tags?post=31618"}],"curies":[{"name":"wp","href":"https:\/\/api.w.org\/{rel}","templated":true}]}}