{"id":31611,"date":"2024-09-03T14:12:10","date_gmt":"2024-09-03T12:12:10","guid":{"rendered":"https:\/\/bisbalpenedes.com\/web\/?p=31611"},"modified":"2024-09-03T14:12:10","modified_gmt":"2024-09-03T12:12:10","slug":"avis-per-intensitat-i-acumulacio-de-pluja-dimarts-3-i-dimecres-4-de-setembre","status":"publish","type":"post","link":"https:\/\/bisbalpenedes.com\/web\/2024\/09\/03\/avis-per-intensitat-i-acumulacio-de-pluja-dimarts-3-i-dimecres-4-de-setembre\/","title":{"rendered":"Av\u00eds per intensitat i acumulaci\u00f3 de pluja: dimarts 3 i dimecres 4 de setembre"},"content":{"rendered":"\n<p>El Servei Meteorol\u00f2gic de Catalunya ha publicat avisos per intensitat i acumulaci\u00f3 de pluja per avui dimarts i dem\u00e0 dimecres.<\/p>\n\n\n\n<p>Els x\u00e0fecs aniran acompanyats de tempesta.<\/p>\n\n\n\n<p><strong>Alerta INUNCAT activada<\/strong><\/p>\n\n\n\n<p>Us aconsellem que seguiu les recomanacions de Protecci\u00f3 Civil que us adjuntem<br>Per a informaci\u00f3 actualitzada sobre la previsi\u00f3, accediu a: <strong><a href=\"https:\/\/www.meteo.cat\/prediccio\/general\">https:\/\/www.meteo.cat\/prediccio\/general<\/a><\/strong><\/p>\n\n\n\n<hr class=\"wp-block-separator has-alpha-channel-opacity\"\/>\n\n\n\n<p>El Servei Meteorol\u00f2gic de Catalunya ha publicado avisos por intensidad y acumulaci\u00f3n de lluvia para hoy martes y ma\u00f1ana mi\u00e9rcoles.<\/p>\n\n\n\n<p>Los chubascosir\u00e1n acompa\u00f1ados de tormenta. Extremad las precauciones.<\/p>\n\n\n\n<p><strong>Alerta INUNCAT activada<\/strong><\/p>\n\n\n\n<p>Os aconsejamos que sig\u00e1is las indicaciones de Protecci\u00f3 Civil que os adjuntamos.<br>Para informaci\u00f3n actualizada sobre la previsi\u00f3n, acceded a:<\/p>\n\n\n\n<p><a href=\"https:\/\/www.meteo.cat\/prediccio\/general\">https:\/\/www.meteo.cat\/prediccio\/general<\/a><\/p>\n\n\n\n<figure class=\"wp-block-image size-full\"><img loading=\"lazy\" width=\"728\" height=\"960\" src=\"https:\/\/bisbalpenedes.com\/web\/wp-content\/uploads\/2023\/08\/PLUGES-FORTES.jpg\" alt=\"\" class=\"wp-image-27319\" srcset=\"https:\/\/bisbalpenedes.com\/web\/wp-content\/uploads\/2023\/08\/PLUGES-FORTES.jpg 728w, https:\/\/bisbalpenedes.com\/web\/wp-content\/uploads\/2023\/08\/PLUGES-FORTES-228x300.jpg 228w, https:\/\/bisbalpenedes.com\/web\/wp-content\/uploads\/2023\/08\/PLUGES-FORTES-600x791.jpg 600w\" sizes=\"(max-width: 728px) 100vw, 728px\" \/><\/figure>\n","protected":false},"excerpt":{"rendered":"<p>El Servei Meteorol\u00f2gic de Catalunya ha publicat avisos per intensitat i acumulaci\u00f3 de pluja per avui dimarts i dem\u00e0 dimecres. Els x\u00e0fecs aniran acompanyats de tempesta. Alerta INUNCAT activada Us &hellip; <a href=\"https:\/\/bisbalpenedes.com\/web\/2024\/09\/03\/avis-per-intensitat-i-acumulacio-de-pluja-dimarts-3-i-dimecres-4-de-setembre\/\" class=\"more-link\">Read More<\/a><\/p>\n","protected":false},"author":4,"featured_media":31612,"comment_status":"closed","ping_status":"closed","sticky":false,"template":"","format":"standard","meta":[],"categories":[1628,2543,8],"tags":[4613,459,393,2050,1188,2474,2920],"_links":{"self":[{"href":"https:\/\/bisbalpenedes.com\/web\/wp-json\/wp\/v2\/posts\/31611"}],"collection":[{"href":"https:\/\/bisbalpenedes.com\/web\/wp-json\/wp\/v2\/posts"}],"about":[{"href":"https:\/\/bisbalpenedes.com\/web\/wp-json\/wp\/v2\/types\/post"}],"author":[{"embeddable":true,"href":"https:\/\/bisbalpenedes.com\/web\/wp-json\/wp\/v2\/users\/4"}],"replies":[{"embeddable":true,"href":"https:\/\/bisbalpenedes.com\/web\/wp-json\/wp\/v2\/comments?post=31611"}],"version-history":[{"count":1,"href":"https:\/\/bisbalpenedes.com\/web\/wp-json\/wp\/v2\/posts\/31611\/revisions"}],"predecessor-version":[{"id":31613,"href":"https:\/\/bisbalpenedes.com\/web\/wp-json\/wp\/v2\/posts\/31611\/revisions\/31613"}],"wp:featuredmedia":[{"embeddable":true,"href":"https:\/\/bisbalpenedes.com\/web\/wp-json\/wp\/v2\/media\/31612"}],"wp:attachment":[{"href":"https:\/\/bisbalpenedes.com\/web\/wp-json\/wp\/v2\/media?parent=31611"}],"wp:term":[{"taxonomy":"category","embeddable":true,"href":"https:\/\/bisbalpenedes.com\/web\/wp-json\/wp\/v2\/categories?post=31611"},{"taxonomy":"post_tag","embeddable":true,"href":"https:\/\/bisbalpenedes.com\/web\/wp-json\/wp\/v2\/tags?post=31611"}],"curies":[{"name":"wp","href":"https:\/\/api.w.org\/{rel}","templated":true}]}}