{"id":31597,"date":"2024-09-01T21:46:52","date_gmt":"2024-09-01T19:46:52","guid":{"rendered":"https:\/\/bisbalpenedes.com\/web\/?p=31597"},"modified":"2024-09-01T21:46:52","modified_gmt":"2024-09-01T19:46:52","slug":"resultats-provisionals-de-la-consulta-popular-no-referendaria-sobre-les-planes-del-vent","status":"publish","type":"post","link":"https:\/\/bisbalpenedes.com\/web\/2024\/09\/01\/resultats-provisionals-de-la-consulta-popular-no-referendaria-sobre-les-planes-del-vent\/","title":{"rendered":"Resultats provisionals de la consulta popular no referend\u00e0ria sobre les Planes del Vent"},"content":{"rendered":"\n<p>Informem dels resultats provisionals de la Consulta Popular No Referend\u00e0ria sobre les Planes del Vent.<\/p>\n\n\n\n<p>Agra\u00efm la participaci\u00f3 dels bisbalencs i de les bisbalenques.<\/p>\n\n\n\n<p>Ha estat un bon exercici de democr\u00e0cia.<\/p>\n\n\n\n<hr class=\"wp-block-separator has-alpha-channel-opacity\"\/>\n\n\n\n<p>Informamos de los resultados provisionales de la Consulta Popular No Referendaria sobre les Planes del Vent.<\/p>\n\n\n\n<p>Agradecemos la participaci\u00f3n de los bisbalencs.<\/p>\n\n\n\n<p>Ha sido un buen ejercicio de democracia.<\/p>\n","protected":false},"excerpt":{"rendered":"<p>Informem dels resultats provisionals de la Consulta Popular No Referend\u00e0ria sobre les Planes del Vent. Agra\u00efm la participaci\u00f3 dels bisbalencs i de les bisbalenques. Ha estat un bon exercici de &hellip; <a href=\"https:\/\/bisbalpenedes.com\/web\/2024\/09\/01\/resultats-provisionals-de-la-consulta-popular-no-referendaria-sobre-les-planes-del-vent\/\" class=\"more-link\">Read More<\/a><\/p>\n","protected":false},"author":4,"featured_media":31598,"comment_status":"closed","ping_status":"closed","sticky":false,"template":"","format":"standard","meta":[],"categories":[8],"tags":[459,6753,6824,393,6311],"_links":{"self":[{"href":"https:\/\/bisbalpenedes.com\/web\/wp-json\/wp\/v2\/posts\/31597"}],"collection":[{"href":"https:\/\/bisbalpenedes.com\/web\/wp-json\/wp\/v2\/posts"}],"about":[{"href":"https:\/\/bisbalpenedes.com\/web\/wp-json\/wp\/v2\/types\/post"}],"author":[{"embeddable":true,"href":"https:\/\/bisbalpenedes.com\/web\/wp-json\/wp\/v2\/users\/4"}],"replies":[{"embeddable":true,"href":"https:\/\/bisbalpenedes.com\/web\/wp-json\/wp\/v2\/comments?post=31597"}],"version-history":[{"count":1,"href":"https:\/\/bisbalpenedes.com\/web\/wp-json\/wp\/v2\/posts\/31597\/revisions"}],"predecessor-version":[{"id":31599,"href":"https:\/\/bisbalpenedes.com\/web\/wp-json\/wp\/v2\/posts\/31597\/revisions\/31599"}],"wp:featuredmedia":[{"embeddable":true,"href":"https:\/\/bisbalpenedes.com\/web\/wp-json\/wp\/v2\/media\/31598"}],"wp:attachment":[{"href":"https:\/\/bisbalpenedes.com\/web\/wp-json\/wp\/v2\/media?parent=31597"}],"wp:term":[{"taxonomy":"category","embeddable":true,"href":"https:\/\/bisbalpenedes.com\/web\/wp-json\/wp\/v2\/categories?post=31597"},{"taxonomy":"post_tag","embeddable":true,"href":"https:\/\/bisbalpenedes.com\/web\/wp-json\/wp\/v2\/tags?post=31597"}],"curies":[{"name":"wp","href":"https:\/\/api.w.org\/{rel}","templated":true}]}}