{"id":31591,"date":"2024-09-01T10:58:15","date_gmt":"2024-09-01T08:58:15","guid":{"rendered":"https:\/\/bisbalpenedes.com\/web\/?p=31591"},"modified":"2024-09-01T11:07:08","modified_gmt":"2024-09-01T09:07:08","slug":"lajuntament-de-la-bisbal-destina-mes-de-9-000e-a-millorar-laula-de-robotica","status":"publish","type":"post","link":"https:\/\/bisbalpenedes.com\/web\/2024\/09\/01\/lajuntament-de-la-bisbal-destina-mes-de-9-000e-a-millorar-laula-de-robotica\/","title":{"rendered":"L&#8217;Ajuntament de la Bisbal destina m\u00e9s de 9.000\u20ac a millorar l&#8217;aula de rob\u00f2tica"},"content":{"rendered":"\n<p>L&#8217;alcaldessa Agn\u00e8s Ferre i el regidor d&#8217;Educaci\u00f3, Daniel Caballero, han visitat les reformes d&#8217;adequaci\u00f3 de l&#8217;aula de rob\u00f2tica juntament amb la directora Agn\u00e8s Sol\u00e9 i el professor Roman Vela.<\/p>\n\n\n\n<p>S&#8217;han fet les seg\u00fcents millores:<\/p>\n\n\n\n<ul><li>Retirada d&#8217;envans&nbsp;<\/li><\/ul>\n\n\n\n<ul><li>Pintura<\/li><\/ul>\n\n\n\n<ul><li>Renovaci\u00f3 del sistema el\u00e8ctric<\/li><\/ul>\n\n\n\n<ul><li>Instal\u00b7laci\u00f3 de calefacci\u00f3 i aire condicionat<\/li><\/ul>\n\n\n\n<p>Els treballs han suposat una inversi\u00f3 de 9.199,33\u20ac (IVA incl\u00f2s) que ha assumit l&#8217;ajuntament, amb l&#8217;objectiu que els alumnes del municipi puguin gaudir d&#8217;una educaci\u00f3 innovadora i de qualitat en espais adaptats per a aix\u00f2.<\/p>\n\n\n\n<hr class=\"wp-block-separator has-alpha-channel-opacity\"\/>\n\n\n\n<p>La alcaldesa Agn\u00e8s Ferre y el concejal de Educaci\u00f3n, Daniel Caballero, han visitado las reformas de adecuaci\u00f3n del aula de rob\u00f3toca junto a la directora Agn\u00e8s Sol\u00e9 y el profesor Roman Vela.<\/p>\n\n\n\n<p>Se han realizado las siguientes mejoras:<\/p>\n\n\n\n<ul><li>Retirada de paredes interiores<\/li><\/ul>\n\n\n\n<ul><li>Pintura<\/li><\/ul>\n\n\n\n<ul><li>Renovaci\u00f3n del sistema el\u00e9ctrico<\/li><\/ul>\n\n\n\n<ul><li>Instalaci\u00f3n de calefacci\u00f3n y aire acondicionado<\/li><\/ul>\n\n\n\n<p>Los trabajos han supuesto una inversi\u00f3n de 9.199,33\u20ac (IVA incluido) que ha asumido el ayuntamiento, con el objetivo que los alumnos del municipio puedan disfrutar de una educaci\u00f3n innovadora y de calidad en espacios adaptados para ello.<\/p>\n","protected":false},"excerpt":{"rendered":"<p>L&#8217;alcaldessa Agn\u00e8s Ferre i el regidor d&#8217;Educaci\u00f3, Daniel Caballero, han visitat les reformes d&#8217;adequaci\u00f3 de l&#8217;aula de rob\u00f2tica juntament amb la directora Agn\u00e8s Sol\u00e9 i el professor Roman Vela. S&#8217;han &hellip; <a href=\"https:\/\/bisbalpenedes.com\/web\/2024\/09\/01\/lajuntament-de-la-bisbal-destina-mes-de-9-000e-a-millorar-laula-de-robotica\/\" class=\"more-link\">Read More<\/a><\/p>\n","protected":false},"author":4,"featured_media":31594,"comment_status":"closed","ping_status":"closed","sticky":false,"template":"","format":"standard","meta":[],"categories":[3456,8],"tags":[337,393,4621],"_links":{"self":[{"href":"https:\/\/bisbalpenedes.com\/web\/wp-json\/wp\/v2\/posts\/31591"}],"collection":[{"href":"https:\/\/bisbalpenedes.com\/web\/wp-json\/wp\/v2\/posts"}],"about":[{"href":"https:\/\/bisbalpenedes.com\/web\/wp-json\/wp\/v2\/types\/post"}],"author":[{"embeddable":true,"href":"https:\/\/bisbalpenedes.com\/web\/wp-json\/wp\/v2\/users\/4"}],"replies":[{"embeddable":true,"href":"https:\/\/bisbalpenedes.com\/web\/wp-json\/wp\/v2\/comments?post=31591"}],"version-history":[{"count":2,"href":"https:\/\/bisbalpenedes.com\/web\/wp-json\/wp\/v2\/posts\/31591\/revisions"}],"predecessor-version":[{"id":31595,"href":"https:\/\/bisbalpenedes.com\/web\/wp-json\/wp\/v2\/posts\/31591\/revisions\/31595"}],"wp:featuredmedia":[{"embeddable":true,"href":"https:\/\/bisbalpenedes.com\/web\/wp-json\/wp\/v2\/media\/31594"}],"wp:attachment":[{"href":"https:\/\/bisbalpenedes.com\/web\/wp-json\/wp\/v2\/media?parent=31591"}],"wp:term":[{"taxonomy":"category","embeddable":true,"href":"https:\/\/bisbalpenedes.com\/web\/wp-json\/wp\/v2\/categories?post=31591"},{"taxonomy":"post_tag","embeddable":true,"href":"https:\/\/bisbalpenedes.com\/web\/wp-json\/wp\/v2\/tags?post=31591"}],"curies":[{"name":"wp","href":"https:\/\/api.w.org\/{rel}","templated":true}]}}