{"id":31575,"date":"2024-08-31T09:29:30","date_gmt":"2024-08-31T07:29:30","guid":{"rendered":"https:\/\/bisbalpenedes.com\/web\/?p=31575"},"modified":"2024-08-31T09:29:30","modified_gmt":"2024-08-31T07:29:30","slug":"saprova-la-compra-de-gronxadors-i-nous-elements-per-a-parcs-infantils-del-municipi","status":"publish","type":"post","link":"https:\/\/bisbalpenedes.com\/web\/2024\/08\/31\/saprova-la-compra-de-gronxadors-i-nous-elements-per-a-parcs-infantils-del-municipi\/","title":{"rendered":"<strong>S\u2019aprova la compra de gronxadors i nous elements per a parcs infantils del municipi<\/strong>"},"content":{"rendered":"\n<p>L\u2019Ajuntament de la Bisbal del Pened\u00e8s, a trav\u00e9s de la Regidoria de Via P\u00fablica, vol fer millores en diversos parcs infantils. Per aquest motiu, el Ple extraordinari del 13 d\u2019agost va aprovar una partida de 38.700\u20ac per a la compra de gronxadors i nous elements per als parcs infantils del municipi.<\/p>\n\n\n\n<p>Concretament:<\/p>\n\n\n\n<ul><li>Es canviaran diferents gronxadors del parc de Can Gordei<\/li><li>S\u2019instal\u00b7laran nous elements per als infants al parc de la extra del Priorat, ja que hi havia un parc infantil molt petit<\/li><li>Es col\u00b7locaran m\u00e9s elements a la pla\u00e7a Pau Casals, ja que el parc infantil d\u2019aquesta zona \u00e9s gran per\u00f2 compta amb pocs elements per als menuts<\/li><li>S\u2019instal\u00b7lar\u00e0 un gronxador nou al parc infantil de F\u00e0tima<\/li><\/ul>\n\n\n\n<hr class=\"wp-block-separator has-alpha-channel-opacity\"\/>\n\n\n\n<p><strong>Se aprueba la compra de columpios y nuevos elementos para parques infantiles del municipio<\/strong><\/p>\n\n\n\n<p>El Ajuntament de la Bisbal del Pened\u00e8s, a trav\u00e9s de la Concejal\u00eda de V\u00eda P\u00fablica, quiere realizar mejoras en varios parques infantiles. Por este motivo, el Pleno extraordinario del 13 de agosto aprob\u00f3 una partida de 38.700\u20ac para la compra de columpios y nuevos elementos para los parques infantiles del municipio.<\/p>\n\n\n\n<p>Concretamente:<\/p>\n\n\n\n<ul><li>Se cambiar\u00e1n diferentes columpios del parque de Can Gordei<\/li><li>Se instalar\u00e1n nuevos elementos para los ni\u00f1os en el parque de la extra del Priorat, ya que hab\u00eda un parque infantil muy peque\u00f1o<\/li><li>Se colocar\u00e1n m\u00e1s elementos en la plaza Pau Casals, ya que el parque infantil de esta zona es grande pero cuenta con pocos elementos para los peque\u00f1os<\/li><li>Se instalar\u00e1 un columpio nuevo en el parque infantil de F\u00e1tima<\/li><\/ul>\n","protected":false},"excerpt":{"rendered":"<p>L\u2019Ajuntament de la Bisbal del Pened\u00e8s, a trav\u00e9s de la Regidoria de Via P\u00fablica, vol fer millores en diversos parcs infantils. Per aquest motiu, el Ple extraordinari del 13 d\u2019agost &hellip; <a href=\"https:\/\/bisbalpenedes.com\/web\/2024\/08\/31\/saprova-la-compra-de-gronxadors-i-nous-elements-per-a-parcs-infantils-del-municipi\/\" class=\"more-link\">Read More<\/a><\/p>\n","protected":false},"author":4,"featured_media":31576,"comment_status":"closed","ping_status":"closed","sticky":false,"template":"","format":"standard","meta":[],"categories":[8,6393],"tags":[393,4355,3904,3749,520,1930],"_links":{"self":[{"href":"https:\/\/bisbalpenedes.com\/web\/wp-json\/wp\/v2\/posts\/31575"}],"collection":[{"href":"https:\/\/bisbalpenedes.com\/web\/wp-json\/wp\/v2\/posts"}],"about":[{"href":"https:\/\/bisbalpenedes.com\/web\/wp-json\/wp\/v2\/types\/post"}],"author":[{"embeddable":true,"href":"https:\/\/bisbalpenedes.com\/web\/wp-json\/wp\/v2\/users\/4"}],"replies":[{"embeddable":true,"href":"https:\/\/bisbalpenedes.com\/web\/wp-json\/wp\/v2\/comments?post=31575"}],"version-history":[{"count":1,"href":"https:\/\/bisbalpenedes.com\/web\/wp-json\/wp\/v2\/posts\/31575\/revisions"}],"predecessor-version":[{"id":31577,"href":"https:\/\/bisbalpenedes.com\/web\/wp-json\/wp\/v2\/posts\/31575\/revisions\/31577"}],"wp:featuredmedia":[{"embeddable":true,"href":"https:\/\/bisbalpenedes.com\/web\/wp-json\/wp\/v2\/media\/31576"}],"wp:attachment":[{"href":"https:\/\/bisbalpenedes.com\/web\/wp-json\/wp\/v2\/media?parent=31575"}],"wp:term":[{"taxonomy":"category","embeddable":true,"href":"https:\/\/bisbalpenedes.com\/web\/wp-json\/wp\/v2\/categories?post=31575"},{"taxonomy":"post_tag","embeddable":true,"href":"https:\/\/bisbalpenedes.com\/web\/wp-json\/wp\/v2\/tags?post=31575"}],"curies":[{"name":"wp","href":"https:\/\/api.w.org\/{rel}","templated":true}]}}