{"id":31571,"date":"2024-08-31T09:04:25","date_gmt":"2024-08-31T07:04:25","guid":{"rendered":"https:\/\/bisbalpenedes.com\/web\/?p=31571"},"modified":"2024-08-31T09:04:25","modified_gmt":"2024-08-31T07:04:25","slug":"lajuntament-de-la-bisbal-del-penedes-adquirira-la-casa-de-la-placa-major-on-va-neixer-el-general-romagosa","status":"publish","type":"post","link":"https:\/\/bisbalpenedes.com\/web\/2024\/08\/31\/lajuntament-de-la-bisbal-del-penedes-adquirira-la-casa-de-la-placa-major-on-va-neixer-el-general-romagosa\/","title":{"rendered":"<strong>L\u2019Ajuntament de la Bisbal del Pened\u00e8s adquirir\u00e0 la casa de la pla\u00e7a Major on va n\u00e9ixer el General Romagosa<\/strong>"},"content":{"rendered":"\n<p>L\u2019Ajuntament de la Bisbal del Pened\u00e8s t\u00e9 previst adquirir la casa on va n\u00e9ixer el General Romagosa (Joan Romagosa i Pros) el 17 d\u2019octubre de 1791 i que, a m\u00e9s, durant el s. XIX i a l\u2019inici del s. XX va ser la seu d\u2019una f\u00e0brica d\u2019espardenyes on treballaven moltes dones de la Bisbal del Pened\u00e8s. Per aquest motiu, el Ple extraordinari del passat mes d\u2019agost va aprovar una partida pressupost\u00e0ria de 54.000\u20ac per destinar-los a la compra d\u2019aquest habitatge.<\/p>\n\n\n\n<p>L\u2019Ajuntament bisbalenc t\u00e9 previst preservar la fa\u00e7ana i renovar l\u2019interior per destinar-lo a usos culturals, com ara museu, escola de m\u00fasica i espais per a la mem\u00f2ria del General Romagosa i la f\u00e0brica d\u2019espardenyes. D\u2019aquesta manera, la pla\u00e7a Major acollir\u00e0 diversos equipaments culturals: aquest nou espai i el Centre Municipal de Cultura.<\/p>\n\n\n\n<hr class=\"wp-block-separator has-alpha-channel-opacity\"\/>\n\n\n\n<p><strong>El Ajuntament de La Bisbal del Pened\u00e8s adquirir\u00e1 la casa de la plaza MaJor donde naci\u00f3 el General Romagosa<\/strong><\/p>\n\n\n\n<p>El Ajuntament de La Bisbal del Pened\u00e8s tiene previsto adquirir la casa donde naci\u00f3 el General Romagosa (Joan Romagosa Pros) el 17 de octubre de 1791 y que, adem\u00e1s, durante el siglo XIX y a principios del siglo XX fue la sede de una f\u00e1brica de alpargatas donde trabajaban muchas mujeres de La Bisbal del Pened\u00e8s. Por este motivo, el Pleno extraordinario del pasado mes de agosto aprob\u00f3 una partida presupuestaria de 54.000\u20ac para destinarlos a la compra de esta vivienda.<\/p>\n\n\n\n<p>El Ajuntament de la Bisbal tiene previsto preservar la fachada y renovar el interior para destinarlo a usos culturales, como museo, escuela de m\u00fasica y espacios para la memoria del General Romagosa y la f\u00e1brica de alpargatas. De esta manera, la plaza Major acoger\u00e1 diversos equipamientos culturales: este nuevo espacio y el Centre Municipal de Cultura.<\/p>\n","protected":false},"excerpt":{"rendered":"<p>L\u2019Ajuntament de la Bisbal del Pened\u00e8s t\u00e9 previst adquirir la casa on va n\u00e9ixer el General Romagosa (Joan Romagosa i Pros) el 17 d\u2019octubre de 1791 i que, a m\u00e9s, &hellip; <a href=\"https:\/\/bisbalpenedes.com\/web\/2024\/08\/31\/lajuntament-de-la-bisbal-del-penedes-adquirira-la-casa-de-la-placa-major-on-va-neixer-el-general-romagosa\/\" class=\"more-link\">Read More<\/a><\/p>\n","protected":false},"author":4,"featured_media":31572,"comment_status":"closed","ping_status":"closed","sticky":false,"template":"","format":"standard","meta":[],"categories":[13,8],"tags":[459,6819,6818,393,1374],"_links":{"self":[{"href":"https:\/\/bisbalpenedes.com\/web\/wp-json\/wp\/v2\/posts\/31571"}],"collection":[{"href":"https:\/\/bisbalpenedes.com\/web\/wp-json\/wp\/v2\/posts"}],"about":[{"href":"https:\/\/bisbalpenedes.com\/web\/wp-json\/wp\/v2\/types\/post"}],"author":[{"embeddable":true,"href":"https:\/\/bisbalpenedes.com\/web\/wp-json\/wp\/v2\/users\/4"}],"replies":[{"embeddable":true,"href":"https:\/\/bisbalpenedes.com\/web\/wp-json\/wp\/v2\/comments?post=31571"}],"version-history":[{"count":1,"href":"https:\/\/bisbalpenedes.com\/web\/wp-json\/wp\/v2\/posts\/31571\/revisions"}],"predecessor-version":[{"id":31573,"href":"https:\/\/bisbalpenedes.com\/web\/wp-json\/wp\/v2\/posts\/31571\/revisions\/31573"}],"wp:featuredmedia":[{"embeddable":true,"href":"https:\/\/bisbalpenedes.com\/web\/wp-json\/wp\/v2\/media\/31572"}],"wp:attachment":[{"href":"https:\/\/bisbalpenedes.com\/web\/wp-json\/wp\/v2\/media?parent=31571"}],"wp:term":[{"taxonomy":"category","embeddable":true,"href":"https:\/\/bisbalpenedes.com\/web\/wp-json\/wp\/v2\/categories?post=31571"},{"taxonomy":"post_tag","embeddable":true,"href":"https:\/\/bisbalpenedes.com\/web\/wp-json\/wp\/v2\/tags?post=31571"}],"curies":[{"name":"wp","href":"https:\/\/api.w.org\/{rel}","templated":true}]}}