{"id":31564,"date":"2024-08-30T16:17:37","date_gmt":"2024-08-30T14:17:37","guid":{"rendered":"https:\/\/bisbalpenedes.com\/web\/?p=31564"},"modified":"2024-08-30T16:18:11","modified_gmt":"2024-08-30T14:18:11","slug":"la-junta-de-govern-del-passat-29-de-juliol-va-aprovar-tres-propostes-amb-competencia-del-ple-delegada-a-la-junta","status":"publish","type":"post","link":"https:\/\/bisbalpenedes.com\/web\/2024\/08\/30\/la-junta-de-govern-del-passat-29-de-juliol-va-aprovar-tres-propostes-amb-competencia-del-ple-delegada-a-la-junta\/","title":{"rendered":"<strong>La Junta de Govern del passat 29 de juliol va aprovar tres propostes amb compet\u00e8ncia del Ple delegada a la Junta<\/strong>"},"content":{"rendered":"\n<p>El dilluns 29 de juliol es va celebrar una Junta de govern que contenia tres propostes amb compet\u00e8ncia del Ple delegada a la Junta, segons l\u2019acord plenari del 6 de juliol de 2023.<\/p>\n\n\n\n<p>S\u00f3n els seg\u00fcents:<\/p>\n\n\n\n<ul><li>Certificaci\u00f3 n\u00famero 7 de les obres de millora de les infraestructures del barri de la Riba<\/li><li>Certificaci\u00f3 n\u00famero 7 de les obres de la fassina<\/li><li>Tercera modificaci\u00f3 del contracte d\u2019obres de la Riba<\/li><\/ul>\n\n\n\n<p>Les Sessions de la Junta de Govern Local no s\u00f3n p\u00fabliques, per\u00f2 quan actua en compet\u00e8ncies delegades del Ple, la Sessi\u00f3 se sotmet als mateixos requisits de publicitat de les Sessions del Ple, que s\u00f3n p\u00fabliques. Aix\u00ed ho va declarar la STS 161\/2013, de 26 de setembre.<\/p>\n\n\n\n<p>Per aquest motiu, a les 10:45h, es van obrir les portes de la sala de plens per tal que hi pogu\u00e9s assistir p\u00fablic i aquests punts de l\u2019ordre del dia es van gravar i, posteriorment, s\u2019ha penjat el v\u00eddeo a la seu electr\u00f2nica per garantir la seva publicitat: <a rel=\"noreferrer noopener\" href=\"https:\/\/actes.bisbalpenedes.com\/session\/sessionDetail\/8a8180888f9810530191373667b8002d\" target=\"_blank\">https:\/\/actes.bisbalpenedes.com\/session\/sessionDetail\/8a8180888f9810530191373667b8002d<\/a> <\/p>\n\n\n\n<hr class=\"wp-block-separator has-alpha-channel-opacity\"\/>\n\n\n\n<p><strong>La Junta de Gobierno de hoy lunes contiene tres propuestas con competencia del Pleno delegada a la Junta<\/strong><\/p>\n\n\n\n<p>Este lunes 29 de julio tendr\u00e1 lugar una Junta de Gobierno que contiene tres propuestas con competencia del Pleno delegada a la Junta, seg\u00fan el acuerdo plenario del 6 de julio de 2023.<\/p>\n\n\n\n<p>Son las siguientes:<\/p>\n\n\n\n<ul><li>Certificaci\u00f3n n\u00famero 7 de las obras de mejora de las infraestructuras del barrio de la Riba<\/li><li>Certificaci\u00f3n n\u00famero 7 de las obras de la \u2018fassina\u2019<\/li><li>Tercera modificaci\u00f3n del contrato de obras de la Riba<\/li><\/ul>\n\n\n\n<p>Las Sesiones de la Junta de Gobierno Local no son p\u00fablicas, pero cuando act\u00faa en competencias delegadas del Pleno, la Sesi\u00f3n se somete a los mismos requisitos de publicidad de las Sesiones del Pleno, que son p\u00fablicas. As\u00ed lo declar\u00f3 la STS 161\/2013, de 26 de septiembre.<\/p>\n\n\n\n<p>Por este motivo, a las 10:45h, se abrieron las puertas de la sala de plenos para que pudiese asistir p\u00fablico y estos puntos del orden del d\u00eda se grabaron y posteriormente se ha colgado el v\u00eddeo en la sede electr\u00f3nica para garantizar su publicidad: <a rel=\"noreferrer noopener\" href=\"https:\/\/actes.bisbalpenedes.com\/session\/sessionDetail\/8a8180888f9810530191373667b8002d\" target=\"_blank\">https:\/\/actes.bisbalpenedes.com\/session\/sessionDetail\/8a8180888f9810530191373667b8002d<\/a><\/p>\n","protected":false},"excerpt":{"rendered":"<p>El dilluns 29 de juliol es va celebrar una Junta de govern que contenia tres propostes amb compet\u00e8ncia del Ple delegada a la Junta, segons l\u2019acord plenari del 6 de &hellip; <a href=\"https:\/\/bisbalpenedes.com\/web\/2024\/08\/30\/la-junta-de-govern-del-passat-29-de-juliol-va-aprovar-tres-propostes-amb-competencia-del-ple-delegada-a-la-junta\/\" class=\"more-link\">Read More<\/a><\/p>\n","protected":false},"author":4,"featured_media":31565,"comment_status":"closed","ping_status":"closed","sticky":false,"template":"","format":"standard","meta":[],"categories":[3085,8],"tags":[459,686,393,21,139],"_links":{"self":[{"href":"https:\/\/bisbalpenedes.com\/web\/wp-json\/wp\/v2\/posts\/31564"}],"collection":[{"href":"https:\/\/bisbalpenedes.com\/web\/wp-json\/wp\/v2\/posts"}],"about":[{"href":"https:\/\/bisbalpenedes.com\/web\/wp-json\/wp\/v2\/types\/post"}],"author":[{"embeddable":true,"href":"https:\/\/bisbalpenedes.com\/web\/wp-json\/wp\/v2\/users\/4"}],"replies":[{"embeddable":true,"href":"https:\/\/bisbalpenedes.com\/web\/wp-json\/wp\/v2\/comments?post=31564"}],"version-history":[{"count":3,"href":"https:\/\/bisbalpenedes.com\/web\/wp-json\/wp\/v2\/posts\/31564\/revisions"}],"predecessor-version":[{"id":31568,"href":"https:\/\/bisbalpenedes.com\/web\/wp-json\/wp\/v2\/posts\/31564\/revisions\/31568"}],"wp:featuredmedia":[{"embeddable":true,"href":"https:\/\/bisbalpenedes.com\/web\/wp-json\/wp\/v2\/media\/31565"}],"wp:attachment":[{"href":"https:\/\/bisbalpenedes.com\/web\/wp-json\/wp\/v2\/media?parent=31564"}],"wp:term":[{"taxonomy":"category","embeddable":true,"href":"https:\/\/bisbalpenedes.com\/web\/wp-json\/wp\/v2\/categories?post=31564"},{"taxonomy":"post_tag","embeddable":true,"href":"https:\/\/bisbalpenedes.com\/web\/wp-json\/wp\/v2\/tags?post=31564"}],"curies":[{"name":"wp","href":"https:\/\/api.w.org\/{rel}","templated":true}]}}