{"id":31553,"date":"2024-08-29T17:14:10","date_gmt":"2024-08-29T15:14:10","guid":{"rendered":"https:\/\/bisbalpenedes.com\/web\/?p=31553"},"modified":"2024-08-29T17:14:10","modified_gmt":"2024-08-29T15:14:10","slug":"lajuntament-adjudica-provisionalment-els-treballs-de-noves-franges-forestals-de-la-pineda-de-santa-cristina-i-manteniment-de-les-existents-a-lesplai-i-can-gordei","status":"publish","type":"post","link":"https:\/\/bisbalpenedes.com\/web\/2024\/08\/29\/lajuntament-adjudica-provisionalment-els-treballs-de-noves-franges-forestals-de-la-pineda-de-santa-cristina-i-manteniment-de-les-existents-a-lesplai-i-can-gordei\/","title":{"rendered":"L&#8217;Ajuntament adjudica provisionalment els treballs de noves franges forestals de la Pineda de Santa Cristina i manteniment de les existents a l\u2019Esplai i Can Gordei"},"content":{"rendered":"\n<p>La Junta de Govern Local de l&#8217;Ajuntament ha aprovat l&#8217;adjudicaci\u00f3 provisional dels treballs per a la creaci\u00f3 de noves franges forestals a la Pineda de Santa Cristina i el manteniment de les ja existents a l&#8217;Esplai i Can Gordei. Aquesta decisi\u00f3, presa en la sessi\u00f3 del 23 d&#8217;agost, representa un aven\u00e7 significatiu en la protecci\u00f3 contra incendis forestals de les urbanitzacions del municipi.<\/p>\n\n\n\n<p>Despr\u00e9s d&#8217;un proc\u00e9s de licitaci\u00f3 iniciat el mes de juny, l&#8217;Ajuntament ha dut a terme una avaluaci\u00f3 exhaustiva de les propostes rebudes. Com a resultat:<\/p>\n\n\n\n<ul><li>S&#8217;han excl\u00f2s tres empreses per no justificar adequadament les seves ofertes anormalment baixes.<\/li><\/ul>\n\n\n\n<ul><li>S&#8217;han acceptat les justificacions de preus de tres empreses.<\/li><\/ul>\n\n\n\n<ul><li>S&#8217;han classificat correctament disset propostes.<\/li><\/ul>\n\n\n\n<p>L&#8217;empresa Treballs Forestals Presegue SL ha obtingut la puntuaci\u00f3 m\u00e9s alta i se li ha adjudicat provisionalment el contracte, pendent de la presentaci\u00f3 de la documentaci\u00f3 requerida.<\/p>\n\n\n\n<p><strong>Detalls dels treballs a realitzar<\/strong><\/p>\n\n\n\n<p>A la Pineda de Santa Cristina es crearan dues noves franges forestals:<\/p>\n\n\n\n<p>1. Una de 2,16 hect\u00e0rees a la zona de l&#8217;ermita, als carrers Garrotxa i Empord\u00e0<\/p>\n\n\n\n<p>2. Una altra de 5,91 hect\u00e0rees que cobrir\u00e0 els carrers Segarra, Solson\u00e8s, Anoia, Vall\u00e8s, Baix Ebre i Alt Camp.<\/p>\n\n\n\n<p>Els treballs inclouran:<\/p>\n\n\n\n<ul><li>Alliberament de vegetaci\u00f3 seca en una franja de 25 metres d&#8217;amplada.<\/li><li>Reducci\u00f3 de la densitat de l&#8217;arbrat i estassada del sotabosc.<\/li><li>Tala d&#8217;arbres en mal estat i aclarida dels restants segons la normativa.<\/li><li>Poda inferior d&#8217;arbres i arbustos alts.<\/li><li>Estassada i trituraci\u00f3 del sotabosc.<\/li><\/ul>\n\n\n\n<p>A m\u00e9s, es mantindran les franges existents a l&#8217;Esplai (7,52 hect\u00e0rees) i a Can Gordei (6,8 hect\u00e0rees).<\/p>\n\n\n\n<p>Cal recordar que, L\u2019article 4 de la Llei 5\/2003 de mesures de prevenci\u00f3 dels incendis forestals en les urbanitzacions sense continu\u00eftat immediata amb la trama urbana, estableix que la obligaci\u00f3 de fer i mantenir les franges forestals correspon a la comunitat de propietaris o entitat urban\u00edstica corresponent. Si no s\u2019han fet, l\u2019obligaci\u00f3 passa als propietaris. Si els propietaris no fan i no mantenen les franges forestals, \u00e9s el municipi qui ho ha de fer.<\/p>\n\n\n\n<p>L&#8217;inici dels treballs est\u00e0 previst tan aviat com es completi el proc\u00e9s d&#8217;adjudicaci\u00f3 definitiva.<\/p>\n\n\n\n<hr class=\"wp-block-separator has-alpha-channel-opacity\"\/>\n\n\n\n<p><strong>El Ajuntament adjudica provisionalmente los trabajos de nuevas franjas forestales de la Pineda de Santa Cristina y mantenimiento de las existentes en l&#8217;Esplai y Can Gordei<\/strong><\/p>\n\n\n\n<p>La Junta de Gobierno Local del Ajuntament ha aprobado la adjudicaci\u00f3n provisional de los trabajos para la creaci\u00f3n de nuevas franjas forestales en la Pineda de Santa Cristina y el mantenimiento de las ya existentes en l&#8217;Esplai y Can Gordei. Esta decisi\u00f3n, tomada en la sesi\u00f3n del 23 de agosto, representa un avance significativo en la protecci\u00f3n contra incendios forestales de las urbanizaciones del municipio.<\/p>\n\n\n\n<p>Tras un proceso de licitaci\u00f3n iniciado en el mes de junio, el Ajuntament ha llevado a cabo una evaluaci\u00f3n exhaustiva de las propuestas recibidas. Como resultado:<\/p>\n\n\n\n<ul><li>Se han excluido tres empresas por no justificar adecuadamente sus ofertas anormalmente bajas.<\/li><\/ul>\n\n\n\n<ul><li>Se han aceptado las justificaciones de precios de tres empresas.<\/li><\/ul>\n\n\n\n<ul><li>Se han clasificado correctamente diecisiete propuestas.<\/li><\/ul>\n\n\n\n<p>La empresa Treballs Forestals Presegue SL ha obtenido la puntuaci\u00f3n m\u00e1s alta y se le ha adjudicado provisionalmente el contrato, pendiente de la presentaci\u00f3n de la documentaci\u00f3n requerida.<\/p>\n\n\n\n<p><strong>Detalles de los trabajos a realizar<\/strong><\/p>\n\n\n\n<p>En la Pineda de Santa Cristina se crear\u00e1n dos nuevas franjas forestales:<\/p>\n\n\n\n<p>1. Una de 2,16 hect\u00e1reas en la zona de la ermita, en las calles Garrotxa y Empord\u00e0<\/p>\n\n\n\n<p>2. Otra de 5,91 hect\u00e1reas que cubrir\u00e1 las calles Segarra, Solson\u00e8s, Anoia, Vall\u00e8s, Baix Ebre y Alt Camp.<\/p>\n\n\n\n<p>Los trabajos incluir\u00e1n:<\/p>\n\n\n\n<ul><li>Liberaci\u00f3n de vegetaci\u00f3n seca en una franja de 25 metros de ancho.<\/li><li>Reducci\u00f3n de la densidad del arbolado y desbroce del sotobosque.<\/li><li>Tala de \u00e1rboles en mal estado y aclareo de los restantes seg\u00fan la normativa.<\/li><li>Poda inferior de \u00e1rboles y arbustos altos.<\/li><li>Desbroce y trituraci\u00f3n del sotobosque.<\/li><\/ul>\n\n\n\n<p>Adem\u00e1s, se mantendr\u00e1n las franjas existentes en L&#8217;Esplai (7,52 hect\u00e1reas) y en Can Gordei (6,8 hect\u00e1reas).<\/p>\n\n\n\n<p>Cabe recordar que el art\u00edculo 4 de la Ley 5\/2003 de medidas de prevenci\u00f3n de los incendios forestales en las urbanizaciones sin continuidad inmediata con la trama urbana, establece que la obligaci\u00f3n de hacer y mantener las franjas forestales corresponde a la comunidad de propietarios o entidad urban\u00edstica correspondiente. Si no se han hecho, la obligaci\u00f3n pasa a los propietarios. Si los propietarios no hacen y no mantienen las franjas forestales, es el municipio quien debe hacerlo.<\/p>\n\n\n\n<p>El inicio de los trabajos est\u00e1 previsto tan pronto como se complete el proceso de adjudicaci\u00f3n&nbsp;definitiva.<\/p>\n","protected":false},"excerpt":{"rendered":"<p>La Junta de Govern Local de l&#8217;Ajuntament ha aprovat l&#8217;adjudicaci\u00f3 provisional dels treballs per a la creaci\u00f3 de noves franges forestals a la Pineda de Santa Cristina i el manteniment &hellip; <a href=\"https:\/\/bisbalpenedes.com\/web\/2024\/08\/29\/lajuntament-adjudica-provisionalment-els-treballs-de-noves-franges-forestals-de-la-pineda-de-santa-cristina-i-manteniment-de-les-existents-a-lesplai-i-can-gordei\/\" class=\"more-link\">Read More<\/a><\/p>\n","protected":false},"author":4,"featured_media":31554,"comment_status":"closed","ping_status":"closed","sticky":false,"template":"","format":"standard","meta":[],"categories":[4287,32,8],"tags":[459,198,5020,393,4148,1374],"_links":{"self":[{"href":"https:\/\/bisbalpenedes.com\/web\/wp-json\/wp\/v2\/posts\/31553"}],"collection":[{"href":"https:\/\/bisbalpenedes.com\/web\/wp-json\/wp\/v2\/posts"}],"about":[{"href":"https:\/\/bisbalpenedes.com\/web\/wp-json\/wp\/v2\/types\/post"}],"author":[{"embeddable":true,"href":"https:\/\/bisbalpenedes.com\/web\/wp-json\/wp\/v2\/users\/4"}],"replies":[{"embeddable":true,"href":"https:\/\/bisbalpenedes.com\/web\/wp-json\/wp\/v2\/comments?post=31553"}],"version-history":[{"count":1,"href":"https:\/\/bisbalpenedes.com\/web\/wp-json\/wp\/v2\/posts\/31553\/revisions"}],"predecessor-version":[{"id":31555,"href":"https:\/\/bisbalpenedes.com\/web\/wp-json\/wp\/v2\/posts\/31553\/revisions\/31555"}],"wp:featuredmedia":[{"embeddable":true,"href":"https:\/\/bisbalpenedes.com\/web\/wp-json\/wp\/v2\/media\/31554"}],"wp:attachment":[{"href":"https:\/\/bisbalpenedes.com\/web\/wp-json\/wp\/v2\/media?parent=31553"}],"wp:term":[{"taxonomy":"category","embeddable":true,"href":"https:\/\/bisbalpenedes.com\/web\/wp-json\/wp\/v2\/categories?post=31553"},{"taxonomy":"post_tag","embeddable":true,"href":"https:\/\/bisbalpenedes.com\/web\/wp-json\/wp\/v2\/tags?post=31553"}],"curies":[{"name":"wp","href":"https:\/\/api.w.org\/{rel}","templated":true}]}}