{"id":31542,"date":"2024-08-28T19:08:50","date_gmt":"2024-08-28T17:08:50","guid":{"rendered":"https:\/\/bisbalpenedes.com\/web\/?p=31542"},"modified":"2024-08-28T19:09:16","modified_gmt":"2024-08-28T17:09:16","slug":"entrega-de-premis-al-merit-escolar-explicacio-de-les-pintures-de-la-facana-concert-aperitiu","status":"publish","type":"post","link":"https:\/\/bisbalpenedes.com\/web\/2024\/08\/28\/entrega-de-premis-al-merit-escolar-explicacio-de-les-pintures-de-la-facana-concert-aperitiu\/","title":{"rendered":"Entrega de premis al m\u00e8rit escolar + explicaci\u00f3 de les pintures de la fa\u00e7ana de l&#8217;escola centen\u00e0ria + concert + aperitiu"},"content":{"rendered":"\n<p>Premis al M\u00e8rit Escolar &#8211; Curs 2023\/24<\/p>\n\n\n\n<p>Divendres 30 d&#8217;agost a les 19:00h al C. Balmes<\/p>\n\n\n\n<p>Programa:<\/p>\n\n\n\n<p>1. Explicaci\u00f3 de les pintures de la fa\u00e7ana de l&#8217;escola centen\u00e0ria a c\u00e0rrec de Jordi Ferran.<\/p>\n\n\n\n<p>2. Entrega dels premis per l&#8217;alcaldessa, Agn\u00e8s Ferr\u00e9 i el regidor d&#8217;Ensenyament, Daniel Caballero, acompanyats pels directors de l&#8217;Escola Ull de Vent i l&#8217;IES Coster de la Torre.<\/p>\n\n\n\n<p>3. Actuaci\u00f3 musical de Javi i Laura.<\/p>\n\n\n\n<p>4. Finalitzarem l&#8217;acte amb un aperitiu a peu dret.<\/p>\n\n\n\n<hr class=\"wp-block-separator has-alpha-channel-opacity\"\/>\n\n\n\n<p>Premios al M\u00e9rito Escolar &#8211; Curso 2023\/24<\/p>\n\n\n\n<p>Viernes 30 de agosto a las 19:00h en C. Balmes<\/p>\n\n\n\n<p>Programa:<\/p>\n\n\n\n<p>1. Explicaci\u00f3n de las pinturas de la fachada de la escuela centenaria a cargo de Jordi Ferran.<\/p>\n\n\n\n<p>2. Entrega de los premios por la alcaldesa, Agn\u00e8s Ferr\u00e9 y el concejal de Educaci\u00f3n, Daniel Caballero, acompa\u00f1ados por los directores de la Escola Ull de Vent y el IES Coster de la Torre.<\/p>\n\n\n\n<p>3. Actuaci\u00f3n musical de Javi y Laura.<\/p>\n\n\n\n<p>4. Finalizaremos el acto con un aperitivo de pie.<\/p>\n","protected":false},"excerpt":{"rendered":"<p>Premis al M\u00e8rit Escolar &#8211; Curs 2023\/24 Divendres 30 d&#8217;agost a les 19:00h al C. Balmes Programa: 1. Explicaci\u00f3 de les pintures de la fa\u00e7ana de l&#8217;escola centen\u00e0ria a c\u00e0rrec &hellip; <a href=\"https:\/\/bisbalpenedes.com\/web\/2024\/08\/28\/entrega-de-premis-al-merit-escolar-explicacio-de-les-pintures-de-la-facana-concert-aperitiu\/\" class=\"more-link\">Read More<\/a><\/p>\n","protected":false},"author":4,"featured_media":31543,"comment_status":"closed","ping_status":"closed","sticky":false,"template":"","format":"standard","meta":[],"categories":[3456,8],"tags":[459,393,2078,1374],"_links":{"self":[{"href":"https:\/\/bisbalpenedes.com\/web\/wp-json\/wp\/v2\/posts\/31542"}],"collection":[{"href":"https:\/\/bisbalpenedes.com\/web\/wp-json\/wp\/v2\/posts"}],"about":[{"href":"https:\/\/bisbalpenedes.com\/web\/wp-json\/wp\/v2\/types\/post"}],"author":[{"embeddable":true,"href":"https:\/\/bisbalpenedes.com\/web\/wp-json\/wp\/v2\/users\/4"}],"replies":[{"embeddable":true,"href":"https:\/\/bisbalpenedes.com\/web\/wp-json\/wp\/v2\/comments?post=31542"}],"version-history":[{"count":2,"href":"https:\/\/bisbalpenedes.com\/web\/wp-json\/wp\/v2\/posts\/31542\/revisions"}],"predecessor-version":[{"id":31545,"href":"https:\/\/bisbalpenedes.com\/web\/wp-json\/wp\/v2\/posts\/31542\/revisions\/31545"}],"wp:featuredmedia":[{"embeddable":true,"href":"https:\/\/bisbalpenedes.com\/web\/wp-json\/wp\/v2\/media\/31543"}],"wp:attachment":[{"href":"https:\/\/bisbalpenedes.com\/web\/wp-json\/wp\/v2\/media?parent=31542"}],"wp:term":[{"taxonomy":"category","embeddable":true,"href":"https:\/\/bisbalpenedes.com\/web\/wp-json\/wp\/v2\/categories?post=31542"},{"taxonomy":"post_tag","embeddable":true,"href":"https:\/\/bisbalpenedes.com\/web\/wp-json\/wp\/v2\/tags?post=31542"}],"curies":[{"name":"wp","href":"https:\/\/api.w.org\/{rel}","templated":true}]}}