{"id":31538,"date":"2024-08-28T13:38:47","date_gmt":"2024-08-28T11:38:47","guid":{"rendered":"https:\/\/bisbalpenedes.com\/web\/?p=31538"},"modified":"2024-08-28T13:49:29","modified_gmt":"2024-08-28T11:49:29","slug":"saprova-definitivament-el-projecte-basic-i-dexecucio-i-lestudi-basic-de-seguretat-i-salut-per-a-les-obres-de-construccio-dun-aparcament-public-al-barri-de-la-riba","status":"publish","type":"post","link":"https:\/\/bisbalpenedes.com\/web\/2024\/08\/28\/saprova-definitivament-el-projecte-basic-i-dexecucio-i-lestudi-basic-de-seguretat-i-salut-per-a-les-obres-de-construccio-dun-aparcament-public-al-barri-de-la-riba\/","title":{"rendered":"<strong>S\u2019aprova definitivament el projecte b\u00e0sic i d\u2019execuci\u00f3 i l\u2019estudi b\u00e0sic de seguretat i salut per a les obres de construcci\u00f3 d\u2019un aparcament p\u00fablic al barri de la Riba<\/strong>"},"content":{"rendered":"\n<p>L&#8217;Ajuntament de la Bisbal del Pened\u00e8s ha aprovat definitivament el projecte per a la construcci\u00f3 d&#8217;un nou aparcament p\u00fablic al barri de la Riba, una iniciativa que busca resoldre els problemes d&#8217;estacionament en aquesta zona densament poblada del municipi.<\/p>\n\n\n\n<p>El projecte, que compta amb un pressupost de 130.661,98\u20ac (IVA incl\u00f2s), ha estat redactat per l&#8217;arquitecte Ignasi Forcada Martorell i preveu la creaci\u00f3 de 58 places d&#8217;aparcament, incloent dues places adaptades, en una superf\u00edcie total de 1.632,60m\u00b2. Despr\u00e9s de la seva aprovaci\u00f3 inicial el passat mes d&#8217;abril, el projecte ha superat el per\u00edode d&#8217;exposici\u00f3 p\u00fablica de 30 dies sense rebre cap al\u00b7legaci\u00f3, fet que ha perm\u00e8s la seva aprovaci\u00f3 definitiva.<\/p>\n\n\n\n<p>L&#8217;equip de govern municipal ha destacat la necessitat d&#8217;aquest nou equipament, tenint en compte la densitat d&#8217;habitatges de la zona, la pres\u00e8ncia d&#8217;establiments de restauraci\u00f3 i d&#8217;una resid\u00e8ncia per a gent gran, aix\u00ed com les dificultats d&#8217;aparcament en els carrers estrets del barri. A m\u00e9s, l&#8217;augment en l&#8217;\u00fas del vehicle privat i la quantitat de cotxes per domicili han posat de manifest la manca de places d&#8217;aparcament a la zona.<\/p>\n\n\n\n<p>Un dels aspectes m\u00e9s destacats del projecte \u00e9s la seva aposta per la sostenibilitat i la integraci\u00f3 paisatg\u00edstica. L&#8217;Ajuntament ha expressat la seva voluntat que l&#8217;aparcament s&#8217;adapti a l&#8217;entorn amb la m\u00ednima petjada ecol\u00f2gica possible. Per aconseguir-ho, s&#8217;utilitzaran materials propis de la zona, com el saul\u00f3, la pedra i l&#8217;arbrat aut\u00f2cton. El paviment de la zona d&#8217;estacionament ser\u00e0 de saul\u00f3, un material natural, transpirable i permeable que respecta visualment el paisatge i no s&#8217;escalfa amb les altes temperatures estiuenques. Per a la zona de circulaci\u00f3 de vehicles, s&#8217;emprar\u00e0 un tipus especial de saul\u00f3 m\u00e9s adequat per al tr\u00e0nsit rodat. La vorera estar\u00e0 pavimentada amb panot, mantenint la coher\u00e8ncia amb la resta del barri de la Riba. La separaci\u00f3 amb les parcel\u00b7les agr\u00edcoles ve\u00efnes es realitzar\u00e0 mitjan\u00e7ant gabions de pedra seca, i totes les places d&#8217;aparcament comptaran amb elements f\u00edsics delimitadors per evitar que els vehicles se situ\u00efn fora de les places assignades. Pel que fa a la il\u00b7luminaci\u00f3, l&#8217;aparcament disposar\u00e0 de 6 fanals amb llumeneres alimentades amb energia fotovoltaica i activades per detectors de pres\u00e8ncia, una mesura que contribuir\u00e0 a reduir la contaminaci\u00f3 lum\u00ednica.<\/p>\n\n\n\n<p>Amb l&#8217;aprovaci\u00f3 definitiva del projecte, l&#8217;Ajuntament ja est\u00e0 preparant la licitaci\u00f3 de les obres, que es preveu que comencin un cop finalitzin els treballs de millora d&#8217;infraestructures actualment en curs al barri de la Riba.<\/p>\n\n\n\n<hr class=\"wp-block-separator has-alpha-channel-opacity\"\/>\n\n\n\n<h2><strong>Se aprueba definitivamente el proyecto b\u00e1sico y de ejecuci\u00f3n y el estudio b\u00e1sico de seguridad y salud para las obras de construcci\u00f3n de un aparcamiento p\u00fablico en el barrio de la Riba<\/strong><\/h2>\n\n\n\n<p>El Ajuntament de la Bisbal del Pened\u00e8s ha aprobado definitivamente el proyecto para la construcci\u00f3n de un nuevo aparcamiento p\u00fablico en el barrio de la Riba, una iniciativa que busca resolver los problemas de estacionamiento en esta zona densamente poblada del municipio.<\/p>\n\n\n\n<p>El proyecto, que cuenta con un presupuesto de 130.661,98\u20ac (IVA incluido), ha sido redactado por el arquitecto Ignasi Forcada Martorell y prev\u00e9 la creaci\u00f3n de 58 plazas de aparcamiento, incluyendo dos plazas adaptadas, en una superficie total de 1.632,60m\u00b2. Tras su aprobaci\u00f3n inicial el pasado mes de abril, el proyecto ha superado el per\u00edodo de exposici\u00f3n p\u00fablica de 30 d\u00edas sin recibir ninguna alegaci\u00f3n, lo que ha permitido su aprobaci\u00f3n definitiva.<\/p>\n\n\n\n<p>El equipo de gobierno municipal ha destacado la necesidad de este nuevo equipamiento, teniendo en cuenta la densidad de viviendas de la zona, la presencia de establecimientos de restauraci\u00f3n y de una residencia para personas mayores, as\u00ed como las dificultades de aparcamiento en las calles estrechas del barrio. Adem\u00e1s, el aumento en el uso del veh\u00edculo privado y la cantidad de coches por domicilio han puesto de manifiesto la falta de plazas de aparcamiento en la zona.<\/p>\n\n\n\n<p>Uno de los aspectos m\u00e1s destacados del proyecto es su apuesta por la sostenibilidad y la integraci\u00f3n paisaj\u00edstica. El Ajuntament ha expresado su voluntad de que el aparcamiento se adapte al entorno con la m\u00ednima huella ecol\u00f3gica posible. Para lograrlo, se utilizar\u00e1n materiales propios de la zona, como el sabl\u00f3n (arena de granito), la piedra y el arbolado aut\u00f3ctono. El pavimento de la zona de estacionamiento ser\u00e1 de sabl\u00f3n un material natural, transpirable y permeable que respeta visualmente el paisaje y no se calienta con las altas temperaturas veraniegas. Para la zona de circulaci\u00f3n de veh\u00edculos, se emplear\u00e1 un tipo especial de sabl\u00f3n m\u00e1s adecuado para el tr\u00e1fico rodado. La acera estar\u00e1 pavimentada con baldosas, manteniendo la coherencia con el resto del barrio de la Riba. La separaci\u00f3n con las parcelas agr\u00edcolas vecinas se realizar\u00e1 mediante gaviones de piedra seca, y todas las plazas de aparcamiento contar\u00e1n con elementos f\u00edsicos delimitadores para evitar que los veh\u00edculos se sit\u00faen fuera de las plazas asignadas. En cuanto a la iluminaci\u00f3n, el aparcamiento dispondr\u00e1 de 6 farolas con luminarias alimentadas con energ\u00eda fotovoltaica y activadas por detectores de presencia, una medida que contribuir\u00e1 a reducir la contaminaci\u00f3n lum\u00ednica.<\/p>\n\n\n\n<p>Con la aprobaci\u00f3n definitiva del proyecto, el Ajuntament ya est\u00e1 preparando la licitaci\u00f3n de las obras, que se prev\u00e9 que comiencen una vez finalicen los trabajos de mejora de infraestructuras actualmente en curso en el barrio de la Riba.<\/p>\n","protected":false},"excerpt":{"rendered":"<p>L&#8217;Ajuntament de la Bisbal del Pened\u00e8s ha aprovat definitivament el projecte per a la construcci\u00f3 d&#8217;un nou aparcament p\u00fablic al barri de la Riba, una iniciativa que busca resoldre els &hellip; <a href=\"https:\/\/bisbalpenedes.com\/web\/2024\/08\/28\/saprova-definitivament-el-projecte-basic-i-dexecucio-i-lestudi-basic-de-seguretat-i-salut-per-a-les-obres-de-construccio-dun-aparcament-public-al-barri-de-la-riba\/\" class=\"more-link\">Read More<\/a><\/p>\n","protected":false},"author":4,"featured_media":31541,"comment_status":"closed","ping_status":"closed","sticky":false,"template":"","format":"standard","meta":[],"categories":[8],"tags":[330,459,393,1337,1374],"_links":{"self":[{"href":"https:\/\/bisbalpenedes.com\/web\/wp-json\/wp\/v2\/posts\/31538"}],"collection":[{"href":"https:\/\/bisbalpenedes.com\/web\/wp-json\/wp\/v2\/posts"}],"about":[{"href":"https:\/\/bisbalpenedes.com\/web\/wp-json\/wp\/v2\/types\/post"}],"author":[{"embeddable":true,"href":"https:\/\/bisbalpenedes.com\/web\/wp-json\/wp\/v2\/users\/4"}],"replies":[{"embeddable":true,"href":"https:\/\/bisbalpenedes.com\/web\/wp-json\/wp\/v2\/comments?post=31538"}],"version-history":[{"count":1,"href":"https:\/\/bisbalpenedes.com\/web\/wp-json\/wp\/v2\/posts\/31538\/revisions"}],"predecessor-version":[{"id":31539,"href":"https:\/\/bisbalpenedes.com\/web\/wp-json\/wp\/v2\/posts\/31538\/revisions\/31539"}],"wp:featuredmedia":[{"embeddable":true,"href":"https:\/\/bisbalpenedes.com\/web\/wp-json\/wp\/v2\/media\/31541"}],"wp:attachment":[{"href":"https:\/\/bisbalpenedes.com\/web\/wp-json\/wp\/v2\/media?parent=31538"}],"wp:term":[{"taxonomy":"category","embeddable":true,"href":"https:\/\/bisbalpenedes.com\/web\/wp-json\/wp\/v2\/categories?post=31538"},{"taxonomy":"post_tag","embeddable":true,"href":"https:\/\/bisbalpenedes.com\/web\/wp-json\/wp\/v2\/tags?post=31538"}],"curies":[{"name":"wp","href":"https:\/\/api.w.org\/{rel}","templated":true}]}}