{"id":31530,"date":"2024-08-27T19:38:16","date_gmt":"2024-08-27T17:38:16","guid":{"rendered":"https:\/\/bisbalpenedes.com\/web\/?p=31530"},"modified":"2024-08-27T19:39:58","modified_gmt":"2024-08-27T17:39:58","slug":"el-12-dagost-es-va-nomenar-la-comissio-de-seguiment-per-la-consulta-popular-no-referendaria-a-iniciativa-ciutadana-del-diumenge-1-de-setembre","status":"publish","type":"post","link":"https:\/\/bisbalpenedes.com\/web\/2024\/08\/27\/el-12-dagost-es-va-nomenar-la-comissio-de-seguiment-per-la-consulta-popular-no-referendaria-a-iniciativa-ciutadana-del-diumenge-1-de-setembre\/","title":{"rendered":"El 12 d\u2019agost es va nomenar la Comissi\u00f3 de seguiment per a la consulta popular no referend\u00e0ria a iniciativa ciutadana del diumenge 1 de setembre"},"content":{"rendered":"\n<p>La Comissi\u00f3 de Seguiment \u00e9s l&#8217;\u00f2rgan que s&#8217;encarrega de vetllar que el proc\u00e9s participatiu s&#8217;ajusti a les regles espec\u00edfiques de la convocat\u00f2ria. Per aix\u00f2 actua amb plena autonomia i independ\u00e8ncia en l&#8217;exercici de les seves funcions.<\/p>\n\n\n\n<p>Funcions de la Comissi\u00f3 de seguiment:<\/p>\n\n\n\n<ul><li>assignar els espais i material municipal a les organitzacions i formacions pol\u00edtiques i regidors i regidores interessades que ho sol\u00b7liciten<\/li><li>revisar i resoldre les reclamacions d&#8217;inclusi\u00f3 o exclusi\u00f3 al cens<\/li><li>recollir i resoldre les incid\u00e8ncies del dia de la consulta<\/li><li>recollir revisar i custodiar les actes i documentaci\u00f3 del dia de la consulta<\/li><li>realitzar el recompte definitiu<\/li><li>enviar a la Comissi\u00f3 de Control de la Generalitat, l\u2019acta del recompte definitiu<\/li><\/ul>\n\n\n\n<p>Mitjan\u00e7ant el Decret d\u2019alcaldia del 12 d\u2019agost, es van nomenar els seg\u00fcents membres de la comissi\u00f3 de seguiment de la consulta popular no referend\u00e0ria a iniciativa ciutadana sobre el projecte de la nova zona industrial Les Planes del Vent:<\/p>\n\n\n\n<ul><li>Teresa Arbiol Vidal, Secret\u00e0ria de la Corporaci\u00f3, qui la presidir\u00e0.<\/li><li>Elisabet Figueras Tuset, Interventora Municipal.<\/li><li>Teresa M. Turdiu Armenteros, Jutgessa de Pau.<\/li><li>Salvador Catal\u00e0 Nieto, Tresorer Municipal.<\/li><li>Isabel Ma\u00f1e Mercader, Administrativa.<\/li><\/ul>\n\n\n\n<hr class=\"wp-block-separator has-alpha-channel-opacity\"\/>\n\n\n\n<h2><strong>El 12 de agosto se nombr\u00f3 la Comisi\u00f3n de seguimiento para la consulta popular no referendaria por iniciativa ciudadana del domingo 1 de septiembre<\/strong><\/h2>\n\n\n\n<p>La Comisi\u00f3n de Seguimiento es el \u00f3rgano que se encarga de velar por que el proceso participativo se ajuste a las reglas espec\u00edficas de la convocatoria. Por ello act\u00faa con plena autonom\u00eda e independencia en el ejercicio de sus funciones.<\/p>\n\n\n\n<ul><li>Funciones de la Comisi\u00f3n de seguimiento:<\/li><li>Asignar los espacios y material municipal a las organizaciones y formaciones pol\u00edticas y concejales y concejalas interesadas que lo soliciten<\/li><li>Revisar y resolver las reclamaciones de inclusi\u00f3n o exclusi\u00f3n en el censo<\/li><li>Recoger y resolver las incidencias del d\u00eda de la consulta<\/li><li>Recoger, revisar y custodiar las actas y documentaci\u00f3n del d\u00eda de la consulta<\/li><li>Realizar el recuento definitivo<\/li><li>Enviar a la Comisi\u00f3n de Control de la Generalitat el acta del recuento definitivo<\/li><\/ul>\n\n\n\n<p>Mediante el Decreto de alcald\u00eda del 12 de agosto, se nombraron los siguientes miembros de la comisi\u00f3n de seguimiento de la consulta popular no referendaria por iniciativa ciudadana sobre el proyecto de la nueva zona industrial Les Planes del Vent:<\/p>\n\n\n\n<ul><li>Teresa Arbiol Vidal, Secretaria de la Corporaci\u00f3n, quien la presidir\u00e1.<\/li><li>Elisabet Figueras Tuset, Interventora Municipal.<\/li><li>Teresa M. Turdiu Armenteros, Jueza de Paz.<\/li><li>Salvador Catal\u00e0 Nieto, Tesorero Municipal.<\/li><li>Isabel Ma\u00f1e Mercader, Administrativa.<\/li><\/ul>\n","protected":false},"excerpt":{"rendered":"<p>La Comissi\u00f3 de Seguiment \u00e9s l&#8217;\u00f2rgan que s&#8217;encarrega de vetllar que el proc\u00e9s participatiu s&#8217;ajusti a les regles espec\u00edfiques de la convocat\u00f2ria. Per aix\u00f2 actua amb plena autonomia i independ\u00e8ncia &hellip; <a href=\"https:\/\/bisbalpenedes.com\/web\/2024\/08\/27\/el-12-dagost-es-va-nomenar-la-comissio-de-seguiment-per-la-consulta-popular-no-referendaria-a-iniciativa-ciutadana-del-diumenge-1-de-setembre\/\" class=\"more-link\">Read More<\/a><\/p>\n","protected":false},"author":4,"featured_media":12172,"comment_status":"closed","ping_status":"closed","sticky":false,"template":"","format":"standard","meta":[],"categories":[8],"tags":[6816,2308,122,393,6311],"_links":{"self":[{"href":"https:\/\/bisbalpenedes.com\/web\/wp-json\/wp\/v2\/posts\/31530"}],"collection":[{"href":"https:\/\/bisbalpenedes.com\/web\/wp-json\/wp\/v2\/posts"}],"about":[{"href":"https:\/\/bisbalpenedes.com\/web\/wp-json\/wp\/v2\/types\/post"}],"author":[{"embeddable":true,"href":"https:\/\/bisbalpenedes.com\/web\/wp-json\/wp\/v2\/users\/4"}],"replies":[{"embeddable":true,"href":"https:\/\/bisbalpenedes.com\/web\/wp-json\/wp\/v2\/comments?post=31530"}],"version-history":[{"count":3,"href":"https:\/\/bisbalpenedes.com\/web\/wp-json\/wp\/v2\/posts\/31530\/revisions"}],"predecessor-version":[{"id":31533,"href":"https:\/\/bisbalpenedes.com\/web\/wp-json\/wp\/v2\/posts\/31530\/revisions\/31533"}],"wp:featuredmedia":[{"embeddable":true,"href":"https:\/\/bisbalpenedes.com\/web\/wp-json\/wp\/v2\/media\/12172"}],"wp:attachment":[{"href":"https:\/\/bisbalpenedes.com\/web\/wp-json\/wp\/v2\/media?parent=31530"}],"wp:term":[{"taxonomy":"category","embeddable":true,"href":"https:\/\/bisbalpenedes.com\/web\/wp-json\/wp\/v2\/categories?post=31530"},{"taxonomy":"post_tag","embeddable":true,"href":"https:\/\/bisbalpenedes.com\/web\/wp-json\/wp\/v2\/tags?post=31530"}],"curies":[{"name":"wp","href":"https:\/\/api.w.org\/{rel}","templated":true}]}}