{"id":31525,"date":"2024-08-27T19:24:24","date_gmt":"2024-08-27T17:24:24","guid":{"rendered":"https:\/\/bisbalpenedes.com\/web\/?p=31525"},"modified":"2024-08-27T19:25:01","modified_gmt":"2024-08-27T17:25:01","slug":"la-bisbal-del-penedes-sera-la-nova-seu-de-lagrupacio-de-secretaries-dels-jutjats-de-pau","status":"publish","type":"post","link":"https:\/\/bisbalpenedes.com\/web\/2024\/08\/27\/la-bisbal-del-penedes-sera-la-nova-seu-de-lagrupacio-de-secretaries-dels-jutjats-de-pau\/","title":{"rendered":"La Bisbal del Pened\u00e8s ser\u00e0 la nova seu de l&#8217;agrupaci\u00f3 de secretaries dels Jutjats de Pau n\u00famero 30"},"content":{"rendered":"\n<p>El Ple extraordinari del 13 d\u2019agost va aprovar, per unanimitat, la nova composici\u00f3 de l&#8217;agrupaci\u00f3 de secretaries dels Jutjats de Pau, designant La Bisbal del Pened\u00e8s com a nova seu.<\/p>\n\n\n\n<p>El Ple va aprovar la mem\u00f2ria de l&#8217;Agrupaci\u00f3 de Secretaries de Jutjats de Pau n\u00famero 30, que inclou els ajuntaments de la Bisbal del Pened\u00e8s, Bellvei i Santa Oliva. Tamb\u00e9 es va acordar sol\u00b7licitar al Departament de Just\u00edcia aquesta modificaci\u00f3 i el canvi de seu a favor de La Bisbal del Pened\u00e8s.<\/p>\n\n\n\n<p>La nova seu estar\u00e0 ubicada a la planta baixa de l&#8217;Hotel d&#8217;Entitats i comptar\u00e0 amb una plantilla d&#8217;un\/a secretari\/\u00e0ria de gesti\u00f3 processal i un\/a auxiliar judicial.<\/p>\n\n\n\n<p>Aquest canvi es produeix despr\u00e9s que Cunit, l&#8217;anterior seu, sol\u00b7licit\u00e9s formar la seva pr\u00f2pia agrupaci\u00f3 degut a l&#8217;augment de poblaci\u00f3. L&#8217;agrupaci\u00f3 original, creada el 1998, inclo\u00efa Cunit, Bellvei, la Bisbal del Pened\u00e8s i Santa Oliva.<\/p>\n\n\n\n<p>L&#8217;alcaldessa Agn\u00e8s Ferr\u00e9 ha destacat que <em>&#8220;tenir aquesta seu a la Bisbal suposar\u00e0 oferir m\u00e9s i millor servei per als bisbalencs i les bisbalenques&#8221;.<\/em><\/p>\n\n\n\n<hr class=\"wp-block-separator has-alpha-channel-opacity\"\/>\n\n\n\n<h2><strong>La Bisbal del Pened\u00e8s ser\u00e1 la nueva sede de la agrupaci\u00f3n de secretar\u00edas de los Juzgados de Paz<\/strong><\/h2>\n\n\n\n<p>El Pleno extraordinario del 13 da agosto aprob\u00f3, &nbsp;por unanimidad, la nueva composici\u00f3n de la agrupaci\u00f3n de secretar\u00edas de los Juzgados de Paz, designando a La Bisbal del Pened\u00e8s como nueva sede.<\/p>\n\n\n\n<p>El Pleno aprob\u00f3 la memoria de la Agrupaci\u00f3n de Secretar\u00edas de Juzgados de Paz n\u00famero 30, que incluye los ayuntamientos de La Bisbal del Pened\u00e8s, Bellvei y Santa Oliva. Tambi\u00e9n se acord\u00f3 solicitar al Departamento de Justicia esta modificaci\u00f3n y el cambio de sede a favor de La Bisbal del Pened\u00e8s.<\/p>\n\n\n\n<p>La nueva sede estar\u00e1 ubicada en la planta baja del Hotel de Entidades y contar\u00e1 con una plantilla de un\/a secretario\/a de gesti\u00f3n procesal y un\/a auxiliar judicial.<\/p>\n\n\n\n<p>Este cambio se produce despu\u00e9s de que Cunit, la anterior sede, solicitara formar su propia agrupaci\u00f3n debido al aumento de poblaci\u00f3n. La agrupaci\u00f3n original, creada en 1998, inclu\u00eda Cunit, Bellvei, La Bisbal del Pened\u00e8s y Santa Oliva.<\/p>\n\n\n\n<p>La alcaldesa Agn\u00e8s Ferr\u00e9 ha destacado que <em>&#8220;tener esta sede en La Bisbal supondr\u00e1 ofrecer m\u00e1s y mejor servicio para los ciudadanos y ciudadanas de La Bisbal&#8221;.<\/em><\/p>\n","protected":false},"excerpt":{"rendered":"<p>El Ple extraordinari del 13 d\u2019agost va aprovar, per unanimitat, la nova composici\u00f3 de l&#8217;agrupaci\u00f3 de secretaries dels Jutjats de Pau, designant La Bisbal del Pened\u00e8s com a nova seu. &hellip; <a href=\"https:\/\/bisbalpenedes.com\/web\/2024\/08\/27\/la-bisbal-del-penedes-sera-la-nova-seu-de-lagrupacio-de-secretaries-dels-jutjats-de-pau\/\" class=\"more-link\">Read More<\/a><\/p>\n","protected":false},"author":4,"featured_media":31526,"comment_status":"closed","ping_status":"closed","sticky":false,"template":"","format":"standard","meta":[],"categories":[8,2250],"tags":[6815,3440,393,1071,423,6814,624],"_links":{"self":[{"href":"https:\/\/bisbalpenedes.com\/web\/wp-json\/wp\/v2\/posts\/31525"}],"collection":[{"href":"https:\/\/bisbalpenedes.com\/web\/wp-json\/wp\/v2\/posts"}],"about":[{"href":"https:\/\/bisbalpenedes.com\/web\/wp-json\/wp\/v2\/types\/post"}],"author":[{"embeddable":true,"href":"https:\/\/bisbalpenedes.com\/web\/wp-json\/wp\/v2\/users\/4"}],"replies":[{"embeddable":true,"href":"https:\/\/bisbalpenedes.com\/web\/wp-json\/wp\/v2\/comments?post=31525"}],"version-history":[{"count":2,"href":"https:\/\/bisbalpenedes.com\/web\/wp-json\/wp\/v2\/posts\/31525\/revisions"}],"predecessor-version":[{"id":31528,"href":"https:\/\/bisbalpenedes.com\/web\/wp-json\/wp\/v2\/posts\/31525\/revisions\/31528"}],"wp:featuredmedia":[{"embeddable":true,"href":"https:\/\/bisbalpenedes.com\/web\/wp-json\/wp\/v2\/media\/31526"}],"wp:attachment":[{"href":"https:\/\/bisbalpenedes.com\/web\/wp-json\/wp\/v2\/media?parent=31525"}],"wp:term":[{"taxonomy":"category","embeddable":true,"href":"https:\/\/bisbalpenedes.com\/web\/wp-json\/wp\/v2\/categories?post=31525"},{"taxonomy":"post_tag","embeddable":true,"href":"https:\/\/bisbalpenedes.com\/web\/wp-json\/wp\/v2\/tags?post=31525"}],"curies":[{"name":"wp","href":"https:\/\/api.w.org\/{rel}","templated":true}]}}