{"id":31520,"date":"2024-08-27T14:59:23","date_gmt":"2024-08-27T12:59:23","guid":{"rendered":"https:\/\/bisbalpenedes.com\/web\/?p=31520"},"modified":"2024-08-27T15:21:18","modified_gmt":"2024-08-27T13:21:18","slug":"nous-horaris-del-bus-a-partir-del-setembre","status":"publish","type":"post","link":"https:\/\/bisbalpenedes.com\/web\/2024\/08\/27\/nous-horaris-del-bus-a-partir-del-setembre\/","title":{"rendered":"Nous horaris del servei de bus urb\u00e0 i al Vendrell"},"content":{"rendered":"\n<p>L\u2019Ajuntament de La Bisbal del Pened\u00e8s ha estat treballant en una important ampliaci\u00f3 del servei d\u2019autob\u00fas urb\u00e0 que entrar\u00e0 en vigor el setembre de 2024. Aquesta millora inclou un augment significatiu de les freq\u00fc\u00e8ncies, especialment en horari de tarda, i la creaci\u00f3 d\u2019una nova l\u00ednia que connectar\u00e0 el municipi amb la zona escolar del Vendrell.<\/p>\n\n\n\n<p>La nova l\u00ednia escolar beneficiar\u00e0 els estudiants de cicles formatius i batxillerat art\u00edstic que han de despla\u00e7ar-se al Vendrell. Aquesta iniciativa sorgeix com a resposta a una necessitat llargament identificada per l\u2019equip de govern municipal, ja que l\u2019alumnat que fa batxillerat art\u00edstic o cicles formatius al Vendrell, fins ara no comptava amb transport p\u00fablic per anar i tornar de les classes.<\/p>\n\n\n\n<p>Entre les principals novetats del servei destaquen:<\/p>\n\n\n\n<ul><li>Increment general de freq\u00fc\u00e8ncies en totes les l\u00ednies, especialment en l\u2019horari de tarda.<\/li><li>Nova l\u00ednia d\u2019anada i tornada a la zona escolar del Vendrell, amb parades al nucli urb\u00e0, La Pineda de Santa Cristina, Can Gordei i La Miralba.<\/li><li>Ampliaci\u00f3 del servei fins a les 20:50h en algunes l\u00ednies.<\/li><\/ul>\n\n\n\n<p>Aquesta millora del transport p\u00fablic suposa una inversi\u00f3 anual de 123.355,56\u20ac, assumida \u00edntegrament per l\u2019Ajuntament de la Bisbal del Pened\u00e8s. Per al per\u00edode de setembre a desembre de 2024, el cost ser\u00e0 de 41.118,52\u20ac.<\/p>\n\n\n\n<p>Trobareu els nous horaris a l&#8217;enlla\u00e7: <a href=\"https:\/\/bisbalpenedes.com\/web\/transport-urba\/\" target=\"_blank\" rel=\"noreferrer noopener\">https:\/\/bisbalpenedes.com\/web\/transport-urba\/<\/a> <\/p>\n\n\n\n<hr class=\"wp-block-separator has-alpha-channel-opacity\"\/>\n\n\n\n<h2><strong>La Bisbal del Pened\u00e8s potencia el servicio de bus urbano a partir de septiembre<\/strong><\/h2>\n\n\n\n<p>El Ajuntament de La Bisbal del Pened\u00e8s ha estado trabajando en una importante ampliaci\u00f3n del servicio de autob\u00fas urbano que entrar\u00e1 en vigor en septiembre de 2024. Esta mejora incluye un aumento significativo de las frecuencias, especialmente en horario de tarde, y la creaci\u00f3n de una nueva l\u00ednea que conectar\u00e1 el municipio con la zona escolar de El Vendrell.<\/p>\n\n\n\n<p>La nueva l\u00ednea escolar beneficiar\u00e1 a los estudiantes de ciclos formativos y bachillerato art\u00edstico que deben desplazarse a El Vendrell. Esta iniciativa surge como respuesta a una necesidad largamente identificada por el equipo de gobierno municipal, ya que el alumnado que cursa bachillerato art\u00edstico o ciclos formativos en El Vendrell, hasta ahora no contaba con transporte p\u00fablico para ir y volver de las clases.<\/p>\n\n\n\n<p>Entre las principales novedades del servicio destacan:<\/p>\n\n\n\n<ul><li>Incremento general de frecuencias en todas las l\u00edneas, especialmente en el horario de tarde.<\/li><li>Nueva l\u00ednea de ida y vuelta a la zona escolar de El Vendrell, con paradas en el n\u00facleo urbano, La Pineda de Santa Cristina, Can Gordei y La Miralba.<\/li><li>Ampliaci\u00f3n del servicio hasta las 20:50h en algunas l\u00edneas.<\/li><\/ul>\n\n\n\n<p>Esta mejora del transporte p\u00fablico supone una inversi\u00f3n anual de 123.355,56\u20ac, asumida \u00edntegramente por el Ajuntament de la Bisbal del Pened\u00e8s. Para el per\u00edodo de septiembre a diciembre de 2024, el coste ser\u00e1 de 41.118,52\u20ac.<\/p>\n\n\n\n<p>Encontrar\u00e9is los nuevos horarios en el enlace: <a href=\"https:\/\/bisbalpenedes.com\/web\/transport-urba\/\" target=\"_blank\" rel=\"noreferrer noopener\">https:\/\/bisbalpenedes.com\/web\/transport-urba\/<\/a><\/p>\n","protected":false},"excerpt":{"rendered":"<p>L\u2019Ajuntament de La Bisbal del Pened\u00e8s ha estat treballant en una important ampliaci\u00f3 del servei d\u2019autob\u00fas urb\u00e0 que entrar\u00e0 en vigor el setembre de 2024. Aquesta millora inclou un augment &hellip; <a href=\"https:\/\/bisbalpenedes.com\/web\/2024\/08\/27\/nous-horaris-del-bus-a-partir-del-setembre\/\" class=\"more-link\">Read More<\/a><\/p>\n","protected":false},"author":4,"featured_media":31462,"comment_status":"closed","ping_status":"closed","sticky":false,"template":"","format":"standard","meta":[],"categories":[3859,8],"tags":[4470,821,393,1374,2084],"_links":{"self":[{"href":"https:\/\/bisbalpenedes.com\/web\/wp-json\/wp\/v2\/posts\/31520"}],"collection":[{"href":"https:\/\/bisbalpenedes.com\/web\/wp-json\/wp\/v2\/posts"}],"about":[{"href":"https:\/\/bisbalpenedes.com\/web\/wp-json\/wp\/v2\/types\/post"}],"author":[{"embeddable":true,"href":"https:\/\/bisbalpenedes.com\/web\/wp-json\/wp\/v2\/users\/4"}],"replies":[{"embeddable":true,"href":"https:\/\/bisbalpenedes.com\/web\/wp-json\/wp\/v2\/comments?post=31520"}],"version-history":[{"count":3,"href":"https:\/\/bisbalpenedes.com\/web\/wp-json\/wp\/v2\/posts\/31520\/revisions"}],"predecessor-version":[{"id":31523,"href":"https:\/\/bisbalpenedes.com\/web\/wp-json\/wp\/v2\/posts\/31520\/revisions\/31523"}],"wp:featuredmedia":[{"embeddable":true,"href":"https:\/\/bisbalpenedes.com\/web\/wp-json\/wp\/v2\/media\/31462"}],"wp:attachment":[{"href":"https:\/\/bisbalpenedes.com\/web\/wp-json\/wp\/v2\/media?parent=31520"}],"wp:term":[{"taxonomy":"category","embeddable":true,"href":"https:\/\/bisbalpenedes.com\/web\/wp-json\/wp\/v2\/categories?post=31520"},{"taxonomy":"post_tag","embeddable":true,"href":"https:\/\/bisbalpenedes.com\/web\/wp-json\/wp\/v2\/tags?post=31520"}],"curies":[{"name":"wp","href":"https:\/\/api.w.org\/{rel}","templated":true}]}}