{"id":31513,"date":"2024-08-26T15:25:51","date_gmt":"2024-08-26T13:25:51","guid":{"rendered":"https:\/\/bisbalpenedes.com\/web\/?p=31513"},"modified":"2024-08-26T15:26:53","modified_gmt":"2024-08-26T13:26:53","slug":"lajuntament-de-la-bisbal-del-penedes-aprova-lampliacio-del-transport-escolar-per-al-curs-2024-25","status":"publish","type":"post","link":"https:\/\/bisbalpenedes.com\/web\/2024\/08\/26\/lajuntament-de-la-bisbal-del-penedes-aprova-lampliacio-del-transport-escolar-per-al-curs-2024-25\/","title":{"rendered":"L&#8217;Ajuntament de la Bisbal del Pened\u00e8s ha aprovat l&#8217;ampliaci\u00f3 del transport escolar per al curs 2024\/25"},"content":{"rendered":"\n<p>El Ple de l&#8217;Ajuntament de la Bisbal del Pened\u00e8s, celebrat el 13 d&#8217;agost, va aprovar per unanimitat la modificaci\u00f3 del Conveni amb el Consell Comarcal del Baix Pened\u00e8s per ampliar una de les l\u00ednies de transport d&#8217;alumnes a l&#8217;escola Ull de Vent pel curs 2024\/25 per adaptar-lo a les necessitats creixents de la comunitat escolar i garantir l\u2019acc\u00e9s a l\u2019educaci\u00f3 de tots els infants del municipi.<\/p>\n\n\n\n<p>Aquesta decisi\u00f3 arriba despr\u00e9s que el Consell Comarcal detect\u00e9s que la l\u00ednia LP10, que dona servei a les urbanitzacions de La Pineda de Santa Cristina, L&#8217;Esplai, La Masieta, Can Gordei i la Miralba, tenia m\u00e9s sol\u00b7licituds que places disponibles per al proper curs escolar.<\/p>\n\n\n\n<p>La Regidoria d&#8217;Ensenyament ha treballat per solucionar aquesta situaci\u00f3, aconseguint ampliar la capacitat del vehicle de transport de 35 a 55 places. Gr\u00e0cies a aquesta mesura, tots els infants que han sol\u00b7licitat el servei de bus escolar podran gaudir-ne.<\/p>\n\n\n\n<p>L&#8217;Ajuntament assumir\u00e0 el cost addicional d&#8217;aquesta ampliaci\u00f3, que suposa una despesa de 905\u20ac pels mesos de setembre a desembre de 2024, i de 1.810\u20ac per a l&#8217;any 2025.<\/p>\n\n\n\n<p>Cal recordar que des d&#8217;octubre de 2022, el Consell Comarcal del Baix Pened\u00e8s gestiona el servei de transport escolar i els ajuts individuals de despla\u00e7ament, compet\u00e8ncies delegades per la Generalitat de Catalunya.<\/p>\n\n\n\n<hr class=\"wp-block-separator has-alpha-channel-opacity\"\/>\n\n\n\n<p><strong>El Ajuntament de la Bisbal del Pened\u00e8s aprueba la ampliaci\u00f3n del transporte escolar para el curso 2024\/25<\/strong><\/p>\n\n\n\n<p>El Pleno del Ajuntament de la Bisbal del Pened\u00e8s, celebrado el 13 de agosto, aprob\u00f3 por unanimidad la modificaci\u00f3n del Convenio con el Consell Comarcal del Baix Pened\u00e8s para ampliar una de las l\u00edneas de transporte de alumnos a la escuela Ull de Vent para el curso 2024\/25 para adaptarlo a las necesidades crecientes de la comunidad escolar i garantizar el acceso a la educaci\u00f3n de todos los ni\u00f1os y ni\u00f1as del municipio.<\/p>\n\n\n\n<p>Esta decisi\u00f3n llega despu\u00e9s de que el Consell Comarcal detectara que la l\u00ednea LP10, que da servicio a las urbanizaciones de La Pineda de Santa Cristina, L&#8217;Esplai, La Masieta, Can Gordei y la Miralba, ten\u00eda m\u00e1s solicitudes que plazas disponibles para el pr\u00f3ximo curso escolar.<\/p>\n\n\n\n<p>La concejal\u00eda de educaci\u00f3n ha trabajado para solucionar esta situaci\u00f3n, consiguiendo ampliar la capacidad del veh\u00edculo de transporte de 35 a 55 plazas. Gracias a esta medida, todos los ni\u00f1os que han solicitado el servicio de bus escolar podr\u00e1n disfrutar de \u00e9l.<\/p>\n\n\n\n<p>El Ajuntament asumir\u00e1 el coste adicional de esta ampliaci\u00f3n, que supone un gasto de 905\u20ac para los meses de septiembre a diciembre de 2024, y de 1.810\u20ac para el a\u00f1o 2025.<\/p>\n\n\n\n<p>Cabe recordar que desde octubre de 2022, el Consell Comarcal del Baix Pened\u00e8s gestiona el servicio de transporte escolar y las ayudas individuales de desplazamiento, competencias delegadas por la Generalitat de Catalunya.<\/p>\n\n\n\n<p>Esta iniciativa demuestra el compromiso del Ajuntament de la Bisbal del Pened\u00e8s para garantizar el acceso a la educaci\u00f3n de todos los ni\u00f1os del municipio, adapt\u00e1ndose a las necesidades crecientes de la comunidad escolar.<\/p>\n","protected":false},"excerpt":{"rendered":"<p>El Ple de l&#8217;Ajuntament de la Bisbal del Pened\u00e8s, celebrat el 13 d&#8217;agost, va aprovar per unanimitat la modificaci\u00f3 del Conveni amb el Consell Comarcal del Baix Pened\u00e8s per ampliar &hellip; <a href=\"https:\/\/bisbalpenedes.com\/web\/2024\/08\/26\/lajuntament-de-la-bisbal-del-penedes-aprova-lampliacio-del-transport-escolar-per-al-curs-2024-25\/\" class=\"more-link\">Read More<\/a><\/p>\n","protected":false},"author":4,"featured_media":31514,"comment_status":"closed","ping_status":"closed","sticky":false,"template":"","format":"standard","meta":[],"categories":[8],"tags":[],"_links":{"self":[{"href":"https:\/\/bisbalpenedes.com\/web\/wp-json\/wp\/v2\/posts\/31513"}],"collection":[{"href":"https:\/\/bisbalpenedes.com\/web\/wp-json\/wp\/v2\/posts"}],"about":[{"href":"https:\/\/bisbalpenedes.com\/web\/wp-json\/wp\/v2\/types\/post"}],"author":[{"embeddable":true,"href":"https:\/\/bisbalpenedes.com\/web\/wp-json\/wp\/v2\/users\/4"}],"replies":[{"embeddable":true,"href":"https:\/\/bisbalpenedes.com\/web\/wp-json\/wp\/v2\/comments?post=31513"}],"version-history":[{"count":2,"href":"https:\/\/bisbalpenedes.com\/web\/wp-json\/wp\/v2\/posts\/31513\/revisions"}],"predecessor-version":[{"id":31516,"href":"https:\/\/bisbalpenedes.com\/web\/wp-json\/wp\/v2\/posts\/31513\/revisions\/31516"}],"wp:featuredmedia":[{"embeddable":true,"href":"https:\/\/bisbalpenedes.com\/web\/wp-json\/wp\/v2\/media\/31514"}],"wp:attachment":[{"href":"https:\/\/bisbalpenedes.com\/web\/wp-json\/wp\/v2\/media?parent=31513"}],"wp:term":[{"taxonomy":"category","embeddable":true,"href":"https:\/\/bisbalpenedes.com\/web\/wp-json\/wp\/v2\/categories?post=31513"},{"taxonomy":"post_tag","embeddable":true,"href":"https:\/\/bisbalpenedes.com\/web\/wp-json\/wp\/v2\/tags?post=31513"}],"curies":[{"name":"wp","href":"https:\/\/api.w.org\/{rel}","templated":true}]}}