{"id":31510,"date":"2024-08-26T12:44:34","date_gmt":"2024-08-26T10:44:34","guid":{"rendered":"https:\/\/bisbalpenedes.com\/web\/?p=31510"},"modified":"2024-08-26T12:44:34","modified_gmt":"2024-08-26T10:44:34","slug":"el-proper-diumenge-1-de-setembre-tindra-lloc-la-consulta-popular-no-referendaria-sobre-les-planes-del-vent","status":"publish","type":"post","link":"https:\/\/bisbalpenedes.com\/web\/2024\/08\/26\/el-proper-diumenge-1-de-setembre-tindra-lloc-la-consulta-popular-no-referendaria-sobre-les-planes-del-vent\/","title":{"rendered":"El proper diumenge 1 de setembre tindr\u00e0 lloc la Consulta popular no referend\u00e0ria sobre Les Planes del Vent"},"content":{"rendered":"\n<h3><strong>Ser\u00e0 una consulta no vinculant, en la qual podran votar<\/strong>&nbsp;<strong>els habitants del Nucli i de la Miralba el pr\u00f2xim diumenge 1 de setembre entre les 9:00 i les 20:00 a l\u2019edifici de l\u2019Ajuntament de la Bisbal del Pened\u00e8s<\/strong><\/h3>\n\n\n\n<p>Les votacions tindran lloc&nbsp;<strong>diumenge 1 de setembre a la planta baixa de l\u2019Ajuntament (carrer Major, 21), entre les 9:00 i les 20:00 hores<\/strong>. Estan convocats a les urnes els ciutadans i les ciutadanes&nbsp;<strong>majors de 16 anys, empadronats al nucli de la Bisbal i a la Miralba<\/strong>&nbsp;abans de dimecres 17 de juliol de 2024.<\/p>\n\n\n\n<p>La pregunta que es formula a la ciutadania \u00e9s:&nbsp;<em><strong>Est\u00e0 d\u2019acord amb el canvi de classificaci\u00f3 dels terrenys agraris de la zona dels Masos per la construcci\u00f3 d\u2019un nou pol\u00edgon log\u00edstico-industrial a la Bisbal del Pened\u00e8s?<\/strong><\/em><\/p>\n\n\n\n<hr class=\"wp-block-separator has-alpha-channel-opacity\"\/>\n\n\n\n<h3><strong>Ser\u00e1 una consulta no vinculante, en la que podr\u00e1n votar los habitantes del N\u00facleo y de la Miralba el pr\u00f3ximo domingo 1 de septiembre entre las 9:00 y las 20:00 en el edificio del Ayuntamiento de La Bisbal del Pened\u00e8s<\/strong><\/h3>\n\n\n\n<p>Las votaciones tendr\u00e1n lugar el&nbsp;<strong>domingo 1 de septiembre en la planta baja del Ayuntamiento (calle Major, 21), entre las 9:00 y las 20:00 horas<\/strong>. Est\u00e1n convocados a las urnas los ciudadanos y las ciudadanas&nbsp;<strong>mayores de 16 a\u00f1os, empadronados en el n\u00facleo de La Bisbal y en la Miralba<\/strong>&nbsp;antes del mi\u00e9rcoles 17 de julio de 2024.<\/p>\n\n\n\n<p>La pregunta que se formula a la ciudadan\u00eda es:&nbsp;<em><strong>\u00bfEst\u00e1 de acuerdo con el cambio de clasificaci\u00f3n de los terrenos agrarios de la zona de los Masos para la construcci\u00f3n de un nuevo pol\u00edgono log\u00edstico-industrial en La Bisbal del Pened\u00e8s?<\/strong><\/em><\/p>\n","protected":false},"excerpt":{"rendered":"<p>Ser\u00e0 una consulta no vinculant, en la qual podran votar&nbsp;els habitants del Nucli i de la Miralba el pr\u00f2xim diumenge 1 de setembre entre les 9:00 i les 20:00 a &hellip; <a href=\"https:\/\/bisbalpenedes.com\/web\/2024\/08\/26\/el-proper-diumenge-1-de-setembre-tindra-lloc-la-consulta-popular-no-referendaria-sobre-les-planes-del-vent\/\" class=\"more-link\">Read More<\/a><\/p>\n","protected":false},"author":4,"featured_media":31171,"comment_status":"closed","ping_status":"closed","sticky":false,"template":"","format":"standard","meta":[],"categories":[8],"tags":[459,6753,393,6311,6310],"_links":{"self":[{"href":"https:\/\/bisbalpenedes.com\/web\/wp-json\/wp\/v2\/posts\/31510"}],"collection":[{"href":"https:\/\/bisbalpenedes.com\/web\/wp-json\/wp\/v2\/posts"}],"about":[{"href":"https:\/\/bisbalpenedes.com\/web\/wp-json\/wp\/v2\/types\/post"}],"author":[{"embeddable":true,"href":"https:\/\/bisbalpenedes.com\/web\/wp-json\/wp\/v2\/users\/4"}],"replies":[{"embeddable":true,"href":"https:\/\/bisbalpenedes.com\/web\/wp-json\/wp\/v2\/comments?post=31510"}],"version-history":[{"count":1,"href":"https:\/\/bisbalpenedes.com\/web\/wp-json\/wp\/v2\/posts\/31510\/revisions"}],"predecessor-version":[{"id":31511,"href":"https:\/\/bisbalpenedes.com\/web\/wp-json\/wp\/v2\/posts\/31510\/revisions\/31511"}],"wp:featuredmedia":[{"embeddable":true,"href":"https:\/\/bisbalpenedes.com\/web\/wp-json\/wp\/v2\/media\/31171"}],"wp:attachment":[{"href":"https:\/\/bisbalpenedes.com\/web\/wp-json\/wp\/v2\/media?parent=31510"}],"wp:term":[{"taxonomy":"category","embeddable":true,"href":"https:\/\/bisbalpenedes.com\/web\/wp-json\/wp\/v2\/categories?post=31510"},{"taxonomy":"post_tag","embeddable":true,"href":"https:\/\/bisbalpenedes.com\/web\/wp-json\/wp\/v2\/tags?post=31510"}],"curies":[{"name":"wp","href":"https:\/\/api.w.org\/{rel}","templated":true}]}}