{"id":3151,"date":"2017-09-18T21:49:25","date_gmt":"2017-09-18T15:49:25","guid":{"rendered":"http:\/\/bisbalpenedes.com\/web\/?p=3151"},"modified":"2017-09-28T12:50:31","modified_gmt":"2017-09-28T06:50:31","slug":"el-dia-1-doctubre-tindra-loc-la-fira-2017-de-la-bisbal","status":"publish","type":"post","link":"https:\/\/bisbalpenedes.com\/web\/2017\/09\/18\/el-dia-1-doctubre-tindra-loc-la-fira-2017-de-la-bisbal\/","title":{"rendered":"Tot a punt per celebrar la Fira 2017 de La Bisbal"},"content":{"rendered":"<p><a href=\"http:\/\/bisbalpenedes.com\/web\/wp-content\/uploads\/2017\/09\/banner320_2fira17.jpg\"><img loading=\"lazy\" class=\"aligncenter size-full wp-image-3186\" src=\"http:\/\/bisbalpenedes.com\/web\/wp-content\/uploads\/2017\/09\/banner320_2fira17.jpg\" alt=\"banner320_2fira17\" width=\"300\" height=\"250\" \/><\/a><\/p>\n<p>El diumenge 1 d&#8217;octubre La Bisbal tornar\u00e0 a acollir la \u00a0fira d\u2019artesania, queviures i entitats bisbalenques que se celebra cada primer diumenge d\u2019octubre i que s\u2019ubica a la pla\u00e7a de l\u2019Esgl\u00e9sia i el seu voltant durant tot el dia.<\/p>\n<p>L\u2019Ajuntament convida a totes les entitats, botiguers i empresaris bisbalencs a posar parada i cal dir que cada any s\u2019animen m\u00e9s ve\u00efns a fer-ho. El 2016 la fira va comptar amb 12 parades entre degustaci\u00f3, vins i caves i paradetes d\u2019entitats bisbalenques, entre les quals hi havia la del Banc dels Aliments de La Bisbal, que \u00a0enguany tamb\u00e9 recollir\u00e0 aliments per a les fam\u00edlies a qu\u00e8 ajuda a tirar endavant.<\/p>\n<p>La fira comen\u00e7ar\u00e0 de bon mat\u00ed amb una trobada de puntaires que organitza l\u2019Associaci\u00f3 de Puntes de Coix\u00ed de La Bisbal i que, des de fa dos anys, compta amb la participaci\u00f3 de puntaires de tota Catalunya. A la tarda tamb\u00e9 tindr\u00e0 lloc una activitat infantil per als m\u00e9s menuts. Enguany tamb\u00e9 comptarem amb l&#8217;actuaci\u00f3 del Ball de Gitanes i del grup de Gegants de La Societat de La Bisbal \u00a0a les 12h del migdia de diumenge i, a m\u00e9s, el Ball de Diables i els Diablons de la Bisbal oferiran un correfoc el vespre abans de la fira, el dissabte 30 de setembre a les 20h. Aquest correfoc comptar\u00e0 tamb\u00e9 amb la participaci\u00f3 del Grup d&#8217;animaci\u00f3 pirot\u00e8cnica dels Diables Guaite&#8217;ls de Calafell i amb el Ball de Diables de Cambrils.<\/p>\n<p>La Fira de La Bisbal permet la participaci\u00f3 d\u2019artesans que arriben de diversos llocs del territori i els convida a venir. L\u2019any passat es va comptar amb un total de 18 parades d\u2019aquesta mena. Els artesans i paradistes que vulguin participar a la fira cal que omplin el document adjunt i el lliurin a l\u2019Ajuntament en el termini previst. Tamb\u00e9 caldr\u00e0 fer el pagament de la fian\u00e7a.<\/p>\n<p><a href=\"http:\/\/bisbalpenedes.com\/web\/wp-content\/uploads\/2017\/09\/FIANCA_FIRA_2017.docx\">FIANCA_FIRA_2017<\/a><\/p>\n<p><a href=\"http:\/\/bisbalpenedes.com\/web\/wp-content\/uploads\/2017\/09\/banner_tot-1.jpg\"><img loading=\"lazy\" class=\"aligncenter size-large wp-image-3188\" src=\"http:\/\/bisbalpenedes.com\/web\/wp-content\/uploads\/2017\/09\/banner_tot-1-724x1024.jpg\" alt=\"banner_tot\" width=\"630\" height=\"891\" srcset=\"https:\/\/bisbalpenedes.com\/web\/wp-content\/uploads\/2017\/09\/banner_tot-1-724x1024.jpg 724w, https:\/\/bisbalpenedes.com\/web\/wp-content\/uploads\/2017\/09\/banner_tot-1-600x849.jpg 600w, https:\/\/bisbalpenedes.com\/web\/wp-content\/uploads\/2017\/09\/banner_tot-1-212x300.jpg 212w, https:\/\/bisbalpenedes.com\/web\/wp-content\/uploads\/2017\/09\/banner_tot-1-768x1087.jpg 768w, https:\/\/bisbalpenedes.com\/web\/wp-content\/uploads\/2017\/09\/banner_tot-1.jpg 1169w\" sizes=\"(max-width: 630px) 100vw, 630px\" \/><\/a><\/p>\n<p>&nbsp;<\/p>\n","protected":false},"excerpt":{"rendered":"<p>El diumenge 1 d&#8217;octubre La Bisbal tornar\u00e0 a acollir la \u00a0fira d\u2019artesania, queviures i entitats bisbalenques que se celebra cada primer diumenge d\u2019octubre i que s\u2019ubica a la pla\u00e7a de &hellip; <a href=\"https:\/\/bisbalpenedes.com\/web\/2017\/09\/18\/el-dia-1-doctubre-tindra-loc-la-fira-2017-de-la-bisbal\/\" class=\"more-link\">Read More<\/a><\/p>\n","protected":false},"author":4,"featured_media":3186,"comment_status":"closed","ping_status":"closed","sticky":false,"template":"","format":"standard","meta":[],"categories":[13],"tags":[812,809,808,351,84,767,811,810],"_links":{"self":[{"href":"https:\/\/bisbalpenedes.com\/web\/wp-json\/wp\/v2\/posts\/3151"}],"collection":[{"href":"https:\/\/bisbalpenedes.com\/web\/wp-json\/wp\/v2\/posts"}],"about":[{"href":"https:\/\/bisbalpenedes.com\/web\/wp-json\/wp\/v2\/types\/post"}],"author":[{"embeddable":true,"href":"https:\/\/bisbalpenedes.com\/web\/wp-json\/wp\/v2\/users\/4"}],"replies":[{"embeddable":true,"href":"https:\/\/bisbalpenedes.com\/web\/wp-json\/wp\/v2\/comments?post=3151"}],"version-history":[{"count":13,"href":"https:\/\/bisbalpenedes.com\/web\/wp-json\/wp\/v2\/posts\/3151\/revisions"}],"predecessor-version":[{"id":3323,"href":"https:\/\/bisbalpenedes.com\/web\/wp-json\/wp\/v2\/posts\/3151\/revisions\/3323"}],"wp:featuredmedia":[{"embeddable":true,"href":"https:\/\/bisbalpenedes.com\/web\/wp-json\/wp\/v2\/media\/3186"}],"wp:attachment":[{"href":"https:\/\/bisbalpenedes.com\/web\/wp-json\/wp\/v2\/media?parent=3151"}],"wp:term":[{"taxonomy":"category","embeddable":true,"href":"https:\/\/bisbalpenedes.com\/web\/wp-json\/wp\/v2\/categories?post=3151"},{"taxonomy":"post_tag","embeddable":true,"href":"https:\/\/bisbalpenedes.com\/web\/wp-json\/wp\/v2\/tags?post=3151"}],"curies":[{"name":"wp","href":"https:\/\/api.w.org\/{rel}","templated":true}]}}