{"id":31486,"date":"2024-08-23T19:39:48","date_gmt":"2024-08-23T17:39:48","guid":{"rendered":"https:\/\/bisbalpenedes.com\/web\/?p=31486"},"modified":"2024-08-23T19:39:48","modified_gmt":"2024-08-23T17:39:48","slug":"saprova-la-creacio-duna-partida-de-20-207e-per-a-la-installacio-duna-nova-tanca-contra-el-vandalisme-a-la-pista-de-futbol-sala-del-carrer-dels-safaretjos","status":"publish","type":"post","link":"https:\/\/bisbalpenedes.com\/web\/2024\/08\/23\/saprova-la-creacio-duna-partida-de-20-207e-per-a-la-installacio-duna-nova-tanca-contra-el-vandalisme-a-la-pista-de-futbol-sala-del-carrer-dels-safaretjos\/","title":{"rendered":"<strong>S\u2019aprova la creaci\u00f3 d\u2019una partida de 20.207\u20ac per a la instal\u00b7laci\u00f3 d\u2019una nova tanca contra el vandalisme a la pista de futbol sala del carrer dels Safaretjos<\/strong>"},"content":{"rendered":"\n<p>Fa unes setmanes, algunes persones inc\u00edviques van arrencar part de la tanca de la pista de futbol sala de la zona de l\u2019skate, al carrer dels Safaretjos. Per aquest motiu, el dia 13 d\u2019agost es va elevar una modificaci\u00f3 de cr\u00e8dit al Ple que inclo\u00efa una partida de 20.207\u20ac per a la instal\u00b7laci\u00f3 d\u2019una nova tanca m\u00e9s segura i que no es pugui malmetre per accions vand\u00e0liques, amb l\u2019objectiu de garantir la seguretat de les persones joves que acostumen a anar jugar a futbol sala a aquesta pista.<\/p>\n\n\n\n<hr class=\"wp-block-separator has-alpha-channel-opacity\"\/>\n\n\n\n<p>Hace unas semanas, algunes personas inc\u00edvicas arrancaron parte de la valla de la pista de f\u00fatbol sala de la zona del skate, en la calle de los Safaretjos. Por este motivo, el d\u00eda 13 de agosto se elev\u00f3 una modificaci\u00f3n de Cr\u00e9dito al Pleno que inclu\u00eda una partida de 20.207\u20ac para la instalaci\u00f3n de una nueva valla m\u00e1s segura y que no se pueda romper por acciones vand\u00e1licas, con el objetivo de garantizar la Seguridad de las personas j\u00f3venes que acostumbran a ir a jugar a f\u00fatbol sala a esta pista.<\/p>\n","protected":false},"excerpt":{"rendered":"<p>Fa unes setmanes, algunes persones inc\u00edviques van arrencar part de la tanca de la pista de futbol sala de la zona de l\u2019skate, al carrer dels Safaretjos. Per aquest motiu, &hellip; <a href=\"https:\/\/bisbalpenedes.com\/web\/2024\/08\/23\/saprova-la-creacio-duna-partida-de-20-207e-per-a-la-installacio-duna-nova-tanca-contra-el-vandalisme-a-la-pista-de-futbol-sala-del-carrer-dels-safaretjos\/\" class=\"more-link\">Read More<\/a><\/p>\n","protected":false},"author":4,"featured_media":31489,"comment_status":"closed","ping_status":"closed","sticky":false,"template":"","format":"standard","meta":[],"categories":[19,8],"tags":[459,6812,659,393,1224,1652],"_links":{"self":[{"href":"https:\/\/bisbalpenedes.com\/web\/wp-json\/wp\/v2\/posts\/31486"}],"collection":[{"href":"https:\/\/bisbalpenedes.com\/web\/wp-json\/wp\/v2\/posts"}],"about":[{"href":"https:\/\/bisbalpenedes.com\/web\/wp-json\/wp\/v2\/types\/post"}],"author":[{"embeddable":true,"href":"https:\/\/bisbalpenedes.com\/web\/wp-json\/wp\/v2\/users\/4"}],"replies":[{"embeddable":true,"href":"https:\/\/bisbalpenedes.com\/web\/wp-json\/wp\/v2\/comments?post=31486"}],"version-history":[{"count":1,"href":"https:\/\/bisbalpenedes.com\/web\/wp-json\/wp\/v2\/posts\/31486\/revisions"}],"predecessor-version":[{"id":31490,"href":"https:\/\/bisbalpenedes.com\/web\/wp-json\/wp\/v2\/posts\/31486\/revisions\/31490"}],"wp:featuredmedia":[{"embeddable":true,"href":"https:\/\/bisbalpenedes.com\/web\/wp-json\/wp\/v2\/media\/31489"}],"wp:attachment":[{"href":"https:\/\/bisbalpenedes.com\/web\/wp-json\/wp\/v2\/media?parent=31486"}],"wp:term":[{"taxonomy":"category","embeddable":true,"href":"https:\/\/bisbalpenedes.com\/web\/wp-json\/wp\/v2\/categories?post=31486"},{"taxonomy":"post_tag","embeddable":true,"href":"https:\/\/bisbalpenedes.com\/web\/wp-json\/wp\/v2\/tags?post=31486"}],"curies":[{"name":"wp","href":"https:\/\/api.w.org\/{rel}","templated":true}]}}