{"id":31458,"date":"2024-08-23T13:16:41","date_gmt":"2024-08-23T11:16:41","guid":{"rendered":"https:\/\/bisbalpenedes.com\/web\/?p=31458"},"modified":"2024-08-23T13:16:41","modified_gmt":"2024-08-23T11:16:41","slug":"si-encara-no-el-teniu-podeu-adquirir-el-llibre-fotografies-de-fang-de-salvador-ferre-a-la-biblioteca-o-a-lajuntament","status":"publish","type":"post","link":"https:\/\/bisbalpenedes.com\/web\/2024\/08\/23\/si-encara-no-el-teniu-podeu-adquirir-el-llibre-fotografies-de-fang-de-salvador-ferre-a-la-biblioteca-o-a-lajuntament\/","title":{"rendered":"Si encara no el teniu, podeu adquirir el llibre &#8220;Fotografies de Fang&#8221; de Salvador Ferr\u00e9 a la Biblioteca o a l&#8217;Ajuntament"},"content":{"rendered":"\n<p>Nou llibre sobre la hist\u00f2ria castellera de la Bisbal!<\/p>\n\n\n\n<p>&#8220;Fotografies de fang&#8221; del Salvador Ferr\u00e9 ja est\u00e0 disponible, per 5\u20ac a:<\/p>\n\n\n\n<ul><li>Ajuntament (matins)<\/li><li>Biblioteca p\u00fablica de la Bisbal del Pened\u00e8s (tardes)<\/li><\/ul>\n\n\n\n<p>Presentat el 13 d&#8217;agost al Centre Municipal de Cultura, recull la hist\u00f2ria de les plaques castelleres a la Societat Cultural i Recreativa Bisbalenca, segons l&#8217;autor, &#8220;l&#8217;aut\u00e8ntic monument bisbalenc als castells&#8221; i un dels punts tur\u00edstics del municipi que real\u00e7a la traici\u00f3 i la identitat de la Bisbal.<\/p>\n\n\n\n<hr class=\"wp-block-separator has-alpha-channel-opacity\"\/>\n\n\n\n<p>\u00a1Nuevo libro sobre la historia castellera de la Bisbal!<\/p>\n\n\n\n<p>&#8220;Fotografies de fang&#8221; de Salvador Ferr\u00e9 ya est\u00e1 disponible, por 5\u20ac, en :<\/p>\n\n\n\n<ul><li>Ajuntament (ma\u00f1anas)<\/li><li>Biblioteca p\u00fablica de la Bisbal del Pened\u00e8s (tardes)<\/li><\/ul>\n\n\n\n<p>Presentado el 13 de agosto en el Centre Municipal de Cultura, recoge la historia de las placas castelleras en la Societat Cultural i Recreativa Bisbalenca, seg\u00fan el autor &#8220;el aut\u00e9ntico monumento bisbalenc a los castillos&#8221; y uno de los puntos tur\u00edsticos del municipio que realza la tradici\u00f3n y la identidad de la Bisbal.<\/p>\n","protected":false},"excerpt":{"rendered":"<p>Nou llibre sobre la hist\u00f2ria castellera de la Bisbal! &#8220;Fotografies de fang&#8221; del Salvador Ferr\u00e9 ja est\u00e0 disponible, per 5\u20ac a: Ajuntament (matins) Biblioteca p\u00fablica de la Bisbal del Pened\u00e8s &hellip; <a href=\"https:\/\/bisbalpenedes.com\/web\/2024\/08\/23\/si-encara-no-el-teniu-podeu-adquirir-el-llibre-fotografies-de-fang-de-salvador-ferre-a-la-biblioteca-o-a-lajuntament\/\" class=\"more-link\">Read More<\/a><\/p>\n","protected":false},"author":4,"featured_media":31459,"comment_status":"closed","ping_status":"closed","sticky":false,"template":"","format":"standard","meta":[],"categories":[2478,13,8],"tags":[377,6811,318,393,1374,375,4303],"_links":{"self":[{"href":"https:\/\/bisbalpenedes.com\/web\/wp-json\/wp\/v2\/posts\/31458"}],"collection":[{"href":"https:\/\/bisbalpenedes.com\/web\/wp-json\/wp\/v2\/posts"}],"about":[{"href":"https:\/\/bisbalpenedes.com\/web\/wp-json\/wp\/v2\/types\/post"}],"author":[{"embeddable":true,"href":"https:\/\/bisbalpenedes.com\/web\/wp-json\/wp\/v2\/users\/4"}],"replies":[{"embeddable":true,"href":"https:\/\/bisbalpenedes.com\/web\/wp-json\/wp\/v2\/comments?post=31458"}],"version-history":[{"count":1,"href":"https:\/\/bisbalpenedes.com\/web\/wp-json\/wp\/v2\/posts\/31458\/revisions"}],"predecessor-version":[{"id":31460,"href":"https:\/\/bisbalpenedes.com\/web\/wp-json\/wp\/v2\/posts\/31458\/revisions\/31460"}],"wp:featuredmedia":[{"embeddable":true,"href":"https:\/\/bisbalpenedes.com\/web\/wp-json\/wp\/v2\/media\/31459"}],"wp:attachment":[{"href":"https:\/\/bisbalpenedes.com\/web\/wp-json\/wp\/v2\/media?parent=31458"}],"wp:term":[{"taxonomy":"category","embeddable":true,"href":"https:\/\/bisbalpenedes.com\/web\/wp-json\/wp\/v2\/categories?post=31458"},{"taxonomy":"post_tag","embeddable":true,"href":"https:\/\/bisbalpenedes.com\/web\/wp-json\/wp\/v2\/tags?post=31458"}],"curies":[{"name":"wp","href":"https:\/\/api.w.org\/{rel}","templated":true}]}}