{"id":31444,"date":"2024-08-22T19:57:07","date_gmt":"2024-08-22T17:57:07","guid":{"rendered":"https:\/\/bisbalpenedes.com\/web\/?p=31444"},"modified":"2024-08-22T19:57:07","modified_gmt":"2024-08-22T17:57:07","slug":"lajuntament-de-la-bisbal-del-penedes-millora-la-gestio-del-pou-de-lesplai-i-les-depuradores-de-lesplai-i-les-planes-baixes","status":"publish","type":"post","link":"https:\/\/bisbalpenedes.com\/web\/2024\/08\/22\/lajuntament-de-la-bisbal-del-penedes-millora-la-gestio-del-pou-de-lesplai-i-les-depuradores-de-lesplai-i-les-planes-baixes\/","title":{"rendered":"<strong>L&#8217;Ajuntament de la Bisbal del Pened\u00e8s millora la gesti\u00f3 del pou de l&#8217;Esplai i les depuradores de l&#8217;Esplai i les Planes Baixes<\/strong>"},"content":{"rendered":"\n<p>El consistori bisbalenc ha aprovat per unanimitat diverses mesures per millorar la gesti\u00f3 de les infraestructures h\u00eddriques del municipi. Aquestes decisions, preses en el darrer ple municipal celebrat el 13 d\u2019agost, suposaran un pas endavant en l&#8217;efici\u00e8ncia i sostenibilitat del servei d&#8217;aigua i sanejament.<\/p>\n\n\n\n<p>En primer lloc, s&#8217;ha aprovat la incorporaci\u00f3 de l&#8217;EDAR (Estaci\u00f3 Depuradora d&#8217;Aig\u00fces Residuals) de l&#8217;Esplai al conveni de delegaci\u00f3 de compet\u00e8ncies a favor del Consell Comarcal del Baix Pened\u00e8s. Aquesta mesura permetr\u00e0 que el Consell Comarcal, reconegut per l&#8217;ACA com a gestor competent, s&#8217;encarregui del sanejament en alta d&#8217;aigua residual urbana. L&#8217;alcaldessa Agn\u00e8s Ferr\u00e9 ha destacat que aquest era un objectiu prioritari des del 2015, que ha requerit una inversi\u00f3 de m\u00e9s de 70.000\u20ac per adequar la depuradora a la normativa vigent. A partir del setembre, quan el Consell Comarcal aprovi l&#8217;acceptaci\u00f3, l&#8217;Ajuntament deixar\u00e0 d&#8217;assumir el manteniment i les inversions per actualitzacions normatives, que es finan\u00e7aran amb el c\u00e0non de l&#8217;ACA i les seves inversions aprovades.<\/p>\n\n\n\n<p>D&#8217;altra banda, s&#8217;ha aprovat incloure el pou de l&#8217;Esplai i l&#8217;EDAR de Les Planes Baixes al servei d&#8217;abastament d&#8217;aigua potable i clavegueram, sota la concessi\u00f3 d&#8217;Aqualia. El pou de l&#8217;Esplai, constru\u00eft entre 2018 i 2022 amb un cost de 91.360,47\u20ac (dels quals 52.628,77\u20ac van ser subvencionats per l&#8217;ACA), substitueix l&#8217;antic pou que s&#8217;havia assecat. Pel que fa a l&#8217;EDAR de Les Planes Baixes, forma part de la zona industrial recepcionada el 2016. La seva gesti\u00f3, que fins ara depenia de la Junta de conservaci\u00f3 de Les Planes Baixes, passar\u00e0 a mans de l&#8217;Ajuntament, que l&#8217;ha incl\u00f2s en la concessi\u00f3 a Aqualia per al seu manteniment i funcionament.<\/p>\n\n\n\n<hr class=\"wp-block-separator has-alpha-channel-opacity\"\/>\n\n\n\n<p><strong>CASTELLANO |<\/strong>&nbsp;<strong>L&#8217;Ajuntament de la Bisbal del Pened\u00e8s mejora la gesti\u00f3n del pozo de l&#8217;Esplai y las depuradoras de l&#8217;Esplai y les Planes Baixes<\/strong><\/p>\n\n\n\n<p>El consistorio bisbalenc ha aprobado por unanimidad varias medidas para mejorar la gesti\u00f3n de las infraestructuras h\u00eddricas del municipio. Estas decisiones, tomadas en el \u00faltimo pleno municipal celebrado el 13 de agosto, supondr\u00e1n un paso adelante en la eficiencia y sostenibilidad del servicio de agua y saneamiento.<\/p>\n\n\n\n<p>En primer lugar, se ha aprobado la incorporaci\u00f3n de la EDAR (Estaci\u00f3n Depuradora de Aguas Residuales) de el Esplai al convenio de delegaci\u00f3n de competencias a favor del Consell Comarcal del Baix Pened\u00e8s. Esta medida permitir\u00e1 que el Consell Comarcal, reconocido por la ACA como gestor competente, se encargue del saneamiento en alta de agua residual urbana. La alcaldesa Agn\u00e8s Ferr\u00e9 ha destacado que este era un objetivo prioritario desde 2015, que ha requerido una inversi\u00f3n de m\u00e1s de 70.000\u20ac para adecuar la depuradora a la normativa vigente. A partir de septiembre, cuando el Consell Comarcal apruebe la aceptaci\u00f3n, el Ajuntament dejar\u00e1 de asumir el mantenimiento y las inversiones por actualizaciones normativas, que se financiar\u00e1n con el canon de la ACA y sus inversiones aprobadas.<\/p>\n\n\n\n<p>Por otro lado, se ha aprobado incluir el pozo de l&#8217;Esplai y la EDAR de Les Planes Baixes en el servicio de abastecimiento de agua potable y alcantarillado, bajo la concesi\u00f3n de Aqualia. El pozo de l&#8217;Esplai, construido entre 2018 y 2022 con un coste de 91.360,47\u20ac (de los cuales 52.628,77\u20ac fueron subvencionados por la ACA), sustituye al antiguo pozo que se hab\u00eda secado. En cuanto a la EDAR de Les Planes Baixes, forma parte de la zona industrial recepcionada en 2016. Su gesti\u00f3n, que hasta ahora depend\u00eda de la Junta de conservaci\u00f3n de Les Planes Baixes, pasar\u00e1 a manos del Ajuntament, que la ha incluido en la concesi\u00f3n a Aqualia para su mantenimiento y funcionamiento.<\/p>\n","protected":false},"excerpt":{"rendered":"<p>El consistori bisbalenc ha aprovat per unanimitat diverses mesures per millorar la gesti\u00f3 de les infraestructures h\u00eddriques del municipi. Aquestes decisions, preses en el darrer ple municipal celebrat el 13 &hellip; <a href=\"https:\/\/bisbalpenedes.com\/web\/2024\/08\/22\/lajuntament-de-la-bisbal-del-penedes-millora-la-gestio-del-pou-de-lesplai-i-les-depuradores-de-lesplai-i-les-planes-baixes\/\" class=\"more-link\">Read More<\/a><\/p>\n","protected":false},"author":4,"featured_media":31446,"comment_status":"closed","ping_status":"closed","sticky":false,"template":"","format":"standard","meta":[],"categories":[8,3208,3352],"tags":[459,6810,276,393,2770,275],"_links":{"self":[{"href":"https:\/\/bisbalpenedes.com\/web\/wp-json\/wp\/v2\/posts\/31444"}],"collection":[{"href":"https:\/\/bisbalpenedes.com\/web\/wp-json\/wp\/v2\/posts"}],"about":[{"href":"https:\/\/bisbalpenedes.com\/web\/wp-json\/wp\/v2\/types\/post"}],"author":[{"embeddable":true,"href":"https:\/\/bisbalpenedes.com\/web\/wp-json\/wp\/v2\/users\/4"}],"replies":[{"embeddable":true,"href":"https:\/\/bisbalpenedes.com\/web\/wp-json\/wp\/v2\/comments?post=31444"}],"version-history":[{"count":1,"href":"https:\/\/bisbalpenedes.com\/web\/wp-json\/wp\/v2\/posts\/31444\/revisions"}],"predecessor-version":[{"id":31447,"href":"https:\/\/bisbalpenedes.com\/web\/wp-json\/wp\/v2\/posts\/31444\/revisions\/31447"}],"wp:featuredmedia":[{"embeddable":true,"href":"https:\/\/bisbalpenedes.com\/web\/wp-json\/wp\/v2\/media\/31446"}],"wp:attachment":[{"href":"https:\/\/bisbalpenedes.com\/web\/wp-json\/wp\/v2\/media?parent=31444"}],"wp:term":[{"taxonomy":"category","embeddable":true,"href":"https:\/\/bisbalpenedes.com\/web\/wp-json\/wp\/v2\/categories?post=31444"},{"taxonomy":"post_tag","embeddable":true,"href":"https:\/\/bisbalpenedes.com\/web\/wp-json\/wp\/v2\/tags?post=31444"}],"curies":[{"name":"wp","href":"https:\/\/api.w.org\/{rel}","templated":true}]}}