{"id":31433,"date":"2024-08-21T22:45:37","date_gmt":"2024-08-21T20:45:37","guid":{"rendered":"https:\/\/bisbalpenedes.com\/web\/?p=31433"},"modified":"2024-08-21T22:45:37","modified_gmt":"2024-08-21T20:45:37","slug":"arribada-en-carro-de-la-colla-vella-dels-xiquets-de-valls-i-sopar-popular","status":"publish","type":"post","link":"https:\/\/bisbalpenedes.com\/web\/2024\/08\/21\/arribada-en-carro-de-la-colla-vella-dels-xiquets-de-valls-i-sopar-popular\/","title":{"rendered":"Arribada en carro de la Colla Vella dels Xiquets de Valls i sopar popular"},"content":{"rendered":"\n<p>El proper dilluns 26 d&#8217;agost, a les 18h, rebrem la <a href=\"https:\/\/www.facebook.com\/collavella?__cft__[0]=AZWn_f5Q0OJfcABnHXFTyGfoCzUWLCYmyjZxNn6VOx_StqyMHyOaoTYN3h_JV66MnnKiIG_DL1uHTpTkQuwixPfWVh5zpjCEW5ACpbSv9dd8wSOuysz_DxKeEMAhytadbYVuVK7JGzl8MpSINVGCihRxAznjOMKwcchoMzkTW5nqlPCua0mhMgVLXo1L9MoHrtc&amp;__tn__=-]K-R\">Colla Vella dels Xiquets de Valls<\/a>, que far\u00e0 nit a la Bisbal. Els castellers fan l&#8217;anada en carro de Valls a Vilafranca del Pened\u00e8s.<\/p>\n\n\n\n<p>Us voleu apuntar al sopar popular que farem el dilluns?<\/p>\n\n\n\n<p>Truqueu al 616 16 22 53 o envieu un Whatsapp al 684 416 843<\/p>\n\n\n\n<hr class=\"wp-block-separator has-alpha-channel-opacity\"\/>\n\n\n\n<p><strong>CASTELLANO |<\/strong> El pr\u00f3ximo lunes 26 de agosto, a las 18h, recibiremos a la Colla Vella dels Xiquets de Valls, que pasar\u00e1 la noche en la Bisbal. Los castellers har\u00e1n la ida en carro de Valls a Vilafranca del Pened\u00e8s.<\/p>\n\n\n\n<p>\u00bfOs quer\u00e9is apuntar a la cena popular que haremos el lunes?<\/p>\n\n\n\n<p>Llamad al 616 16 22 53 o enviad un Whatsapp al 684 416 843<\/p>\n","protected":false},"excerpt":{"rendered":"<p>El proper dilluns 26 d&#8217;agost, a les 18h, rebrem la Colla Vella dels Xiquets de Valls, que far\u00e0 nit a la Bisbal. Els castellers fan l&#8217;anada en carro de Valls &hellip; <a href=\"https:\/\/bisbalpenedes.com\/web\/2024\/08\/21\/arribada-en-carro-de-la-colla-vella-dels-xiquets-de-valls-i-sopar-popular\/\" class=\"more-link\">Read More<\/a><\/p>\n","protected":false},"author":4,"featured_media":31434,"comment_status":"closed","ping_status":"closed","sticky":false,"template":"","format":"standard","meta":[],"categories":[2942,13,8],"tags":[6808,6809,1220,393,2239],"_links":{"self":[{"href":"https:\/\/bisbalpenedes.com\/web\/wp-json\/wp\/v2\/posts\/31433"}],"collection":[{"href":"https:\/\/bisbalpenedes.com\/web\/wp-json\/wp\/v2\/posts"}],"about":[{"href":"https:\/\/bisbalpenedes.com\/web\/wp-json\/wp\/v2\/types\/post"}],"author":[{"embeddable":true,"href":"https:\/\/bisbalpenedes.com\/web\/wp-json\/wp\/v2\/users\/4"}],"replies":[{"embeddable":true,"href":"https:\/\/bisbalpenedes.com\/web\/wp-json\/wp\/v2\/comments?post=31433"}],"version-history":[{"count":1,"href":"https:\/\/bisbalpenedes.com\/web\/wp-json\/wp\/v2\/posts\/31433\/revisions"}],"predecessor-version":[{"id":31435,"href":"https:\/\/bisbalpenedes.com\/web\/wp-json\/wp\/v2\/posts\/31433\/revisions\/31435"}],"wp:featuredmedia":[{"embeddable":true,"href":"https:\/\/bisbalpenedes.com\/web\/wp-json\/wp\/v2\/media\/31434"}],"wp:attachment":[{"href":"https:\/\/bisbalpenedes.com\/web\/wp-json\/wp\/v2\/media?parent=31433"}],"wp:term":[{"taxonomy":"category","embeddable":true,"href":"https:\/\/bisbalpenedes.com\/web\/wp-json\/wp\/v2\/categories?post=31433"},{"taxonomy":"post_tag","embeddable":true,"href":"https:\/\/bisbalpenedes.com\/web\/wp-json\/wp\/v2\/tags?post=31433"}],"curies":[{"name":"wp","href":"https:\/\/api.w.org\/{rel}","templated":true}]}}