{"id":31429,"date":"2024-08-21T22:20:32","date_gmt":"2024-08-21T20:20:32","guid":{"rendered":"https:\/\/bisbalpenedes.com\/web\/?p=31429"},"modified":"2024-08-21T22:44:06","modified_gmt":"2024-08-21T20:44:06","slug":"lajuntament-de-la-bisbal-del-penedes-aprova-un-augment-salarial-per-als-seus-empleats-el-2024","status":"publish","type":"post","link":"https:\/\/bisbalpenedes.com\/web\/2024\/08\/21\/lajuntament-de-la-bisbal-del-penedes-aprova-un-augment-salarial-per-als-seus-empleats-el-2024\/","title":{"rendered":"L&#8217;Ajuntament de La Bisbal del Pened\u00e8s aprova un augment salarial per als seus empleats per al 2024"},"content":{"rendered":"\n<p>El passat 13 d&#8217;agost, el ple de l&#8217;Ajuntament de La Bisbal del Pened\u00e8s va aprovar un increment salarial del 2% per a tots els seus empleats p\u00fablics, amb efectes a partir de l&#8217;1 de gener de 2024. Aquesta mesura afectar\u00e0 les retribucions vigents a 31 de desembre de 2023, incloent-hi els augments derivats del que preveu la Llei de Pressupostos Generals de l&#8217;Estat per al 2023.<\/p>\n\n\n\n<p>L&#8217;augment s&#8217;aplicar\u00e0 a les retribucions b\u00e0siques, triennis, complements de destinaci\u00f3, pagues extraordin\u00e0ries, complements espec\u00edfics i de productivitat. El cost total d&#8217;aquesta mesura puja a 19.562,46 euros i es reflectir\u00e0 a la n\u00f2mina d&#8217;agost de 2024.<\/p>\n\n\n\n<p>A m\u00e9s, el ple va aprovar un increment addicional del 0,5% per a tots els empleats p\u00fablics de l&#8217;Ajuntament. Tanmateix, aquest augment est\u00e0 condicionat a l&#8217;aprovaci\u00f3 per part del Consell de Ministres i s&#8217;aplicar\u00e0 nom\u00e9s si la suma de la variaci\u00f3 de l&#8217;IPCA dels anys 2022, 2023 i 2024 supera l&#8217;increment retributiu fix acumulat per a aquest mateix per\u00edode.<\/p>\n\n\n\n<hr class=\"wp-block-separator has-alpha-channel-opacity\"\/>\n\n\n\n<h2><strong>El Ajuntament de La Bisbal del Pened\u00e8s aprueba un aumento salarial para sus empleados para el 2024<\/strong><\/h2>\n\n\n\n<p>El pasado 13 de agosto, el pleno del Ajuntament de La Bisbal del Pened\u00e8s aprob\u00f3 un incremento salarial del 2% para todos sus empleados p\u00fablicos, con efectos a partir del 1 de enero de 2024. Esta medida afectar\u00e1 a las retribuciones vigentes al 31 de diciembre de 2023, incluyendo los aumentos derivados de lo previsto en la Ley de Presupuestos Generales del Estado para 2023.<\/p>\n\n\n\n<p>El aumento se aplicar\u00e1 a las retribuciones b\u00e1sicas, trienios, complementos de destino, pagas extraordinarias, complementos espec\u00edficos y de productividad. El coste total de esta medida asciende a 19.562,46 euros y se reflejar\u00e1 en la n\u00f3mina de agosto de 2024.<\/p>\n\n\n\n<p>Adem\u00e1s, el pleno aprob\u00f3 un incremento adicional del 0,5% para todos los empleados p\u00fablicos del Ajuntament. Sin embargo, este aumento est\u00e1 condicionado a la aprobaci\u00f3n por parte del Consejo de Ministros y se aplicar\u00e1 solo si la suma de la variaci\u00f3n del IPCA de los a\u00f1os 2022, 2023 y 2024 supera el incremento retributivo fijo acumulado para ese mismo periodo.<\/p>\n","protected":false},"excerpt":{"rendered":"<p>El passat 13 d&#8217;agost, el ple de l&#8217;Ajuntament de La Bisbal del Pened\u00e8s va aprovar un increment salarial del 2% per a tots els seus empleats p\u00fablics, amb efectes a &hellip; <a href=\"https:\/\/bisbalpenedes.com\/web\/2024\/08\/21\/lajuntament-de-la-bisbal-del-penedes-aprova-un-augment-salarial-per-als-seus-empleats-el-2024\/\" class=\"more-link\">Read More<\/a><\/p>\n","protected":false},"author":4,"featured_media":12172,"comment_status":"closed","ping_status":"closed","sticky":false,"template":"","format":"standard","meta":[],"categories":[2402,8,2251,2250],"tags":[459,393,1374],"_links":{"self":[{"href":"https:\/\/bisbalpenedes.com\/web\/wp-json\/wp\/v2\/posts\/31429"}],"collection":[{"href":"https:\/\/bisbalpenedes.com\/web\/wp-json\/wp\/v2\/posts"}],"about":[{"href":"https:\/\/bisbalpenedes.com\/web\/wp-json\/wp\/v2\/types\/post"}],"author":[{"embeddable":true,"href":"https:\/\/bisbalpenedes.com\/web\/wp-json\/wp\/v2\/users\/4"}],"replies":[{"embeddable":true,"href":"https:\/\/bisbalpenedes.com\/web\/wp-json\/wp\/v2\/comments?post=31429"}],"version-history":[{"count":2,"href":"https:\/\/bisbalpenedes.com\/web\/wp-json\/wp\/v2\/posts\/31429\/revisions"}],"predecessor-version":[{"id":31431,"href":"https:\/\/bisbalpenedes.com\/web\/wp-json\/wp\/v2\/posts\/31429\/revisions\/31431"}],"wp:featuredmedia":[{"embeddable":true,"href":"https:\/\/bisbalpenedes.com\/web\/wp-json\/wp\/v2\/media\/12172"}],"wp:attachment":[{"href":"https:\/\/bisbalpenedes.com\/web\/wp-json\/wp\/v2\/media?parent=31429"}],"wp:term":[{"taxonomy":"category","embeddable":true,"href":"https:\/\/bisbalpenedes.com\/web\/wp-json\/wp\/v2\/categories?post=31429"},{"taxonomy":"post_tag","embeddable":true,"href":"https:\/\/bisbalpenedes.com\/web\/wp-json\/wp\/v2\/tags?post=31429"}],"curies":[{"name":"wp","href":"https:\/\/api.w.org\/{rel}","templated":true}]}}