{"id":31424,"date":"2024-08-21T22:08:48","date_gmt":"2024-08-21T20:08:48","guid":{"rendered":"https:\/\/bisbalpenedes.com\/web\/?p=31424"},"modified":"2024-08-22T08:52:16","modified_gmt":"2024-08-22T06:52:16","slug":"el-passat-dimarts-13-dagost-es-va-celebrar-un-ple-extraordinari-a-lajuntament-de-la-bisbal-del-penedes","status":"publish","type":"post","link":"https:\/\/bisbalpenedes.com\/web\/2024\/08\/21\/el-passat-dimarts-13-dagost-es-va-celebrar-un-ple-extraordinari-a-lajuntament-de-la-bisbal-del-penedes\/","title":{"rendered":"<strong>El passat dimarts 13 d\u2019agost es va celebrar un Ple extraordinari a l\u2019Ajuntament de la Bisbal del Pened\u00e8s<\/strong>"},"content":{"rendered":"\n<p>El passat 13 d\u2019agost, a les 9h, es va celebrar un Ple extraordinari a l\u2019Ajuntament de la Bisbal del Pened\u00e8s. A l\u2019inici de la sessi\u00f3 es va excusar la pres\u00e8ncia de la regidora Maguy Antol\u00edn (Tots som la Bisbal \u2013 Urbanizaciones Unidas).<\/p>\n\n\n\n<p>Podeu veure la gravaci\u00f3 del Ple, aqu\u00ed: <a href=\"https:\/\/actes.bisbalpenedes.com\/session\/sessionDetail\/8a8180888f9810530191505ec1e6003a\" target=\"_blank\" rel=\"noreferrer noopener\">https:\/\/actes.bisbalpenedes.com\/session\/sessionDetail\/8a8180888f9810530191505ec1e6003a<\/a><\/p>\n\n\n\n<p>Durant el Ple, es van tractar els punts seg\u00fcents:<\/p>\n\n\n\n<p><strong>Punt 1. Incorporaci\u00f3 de l\u2019EDAR (la depuradora) de l\u2019Esplai al conveni de delegaci\u00f3 de compet\u00e8ncies i d\u2019exercici de funcions, en mat\u00e8ria de sanejament en alta d\u2019aigua residual urbana, a favor del Consell Comarcal del Baix Pened\u00e8s<\/strong><\/p>\n\n\n\n<p>Es va aprovar, per unanimitat dels assistents, la incorporaci\u00f3 de l\u2019EDAR de l\u2019Esplai al conveni de delegaci\u00f3 de compet\u00e8ncies i d\u2019exercici de funcions, en mat\u00e8ria de sanejament en alta d\u2019aigua residual urbana, a favor del Consell Comarcal del Baix Pened\u00e8s. El Consell Comarcal del Baix Pened\u00e8s \u00e9s el gestor competent, segons l\u2019ACA, per als sistemes de sanejament vinculats a les delegacions municipals de compet\u00e8ncia que li deleguin els municipis de la comarca del Baix Pened\u00e8s.<\/p>\n\n\n\n<p>El pr\u00f2xim mes de setembre el Consell Comarcal aprovar\u00e0 l\u2019acceptaci\u00f3 i, llavors, l\u2019Ajuntament no haur\u00e0 d\u2019assumir el manteniment ni les inversions per les actualitzacions de normativa. Totes aquestes despeses es faran amb el c\u00e0non de l\u2019ACA i amb inversions que aprovi l\u2019ACA.<\/p>\n\n\n\n<p>Segons va explicar l\u2019alcaldessa Agn\u00e8s Ferr\u00e9, <em>\u201cel 2015 un dels primers objectius en entrar al govern, juntament amb l\u2019aleshores regidora del servei d\u2019aigua i sanejament, va ser que l\u2019ACA, a trav\u00e9s del Consell Comarcal del Baix Pened\u00e8s, recepcion\u00e9s l\u2019EDAR de l\u2019Esplai. Tot i aix\u00f2, la depuradora no complia la normativa i calien moltes inversions perqu\u00e8 funcion\u00e9s de forma correcta i sostenible\u201d. <\/em>Aleshores, l\u2019Ajuntament de la Bisbal del Pened\u00e8s va comen\u00e7ar a treballar de forma conjunta amb el Consell Comarcal del Baix Pened\u00e8s i l\u2019ACA amb l\u2019objectiu d\u2019adequar-la, la qual cosa ha suposat una inversi\u00f3 de m\u00e9s de 70.000\u20ac per adequar-la a la normativa. Finalment, el passat mes de juliol va arribar l\u2019informe favorable de l\u2019ACA per a la inclusi\u00f3 de l\u2019EDAR de l\u2019Esplai dins del sanejament p\u00fablic en alta de l\u2019ACA i, una vegada obtingut aquest informe, s\u2019ha aprovat la incorporaci\u00f3 de l\u2019EDAR de l\u2019Esplai al conveni de delegaci\u00f3 de compet\u00e8ncies i d\u2019exercici de funcions, en mat\u00e8ria de sanejament en alta d&#8217;aigua residual urbana, a favor del Consell Comarcal del Baix Pened\u00e8s.<\/p>\n\n\n\n<p><strong>Punt 2. Conveni de concertaci\u00f3 amb la Diputaci\u00f3 de Tarragona, per a l\u2019execuci\u00f3 del Pla Impuls Dipta per als anys 2024\/2027<\/strong><\/p>\n\n\n\n<p>Es va aprovar per unanimitat dels assistents.<\/p>\n\n\n\n<p>El Ple del 31 de maig de 2024 de la Diputaci\u00f3 de Tarragona va aprovar definitivament el Pla ImpulsDipta. Aquest pla, suposa un canvi per al m\u00f3n local de la demarcaci\u00f3 de Tarragona, ja que fins ara, cada mandat hi havia el Pla d\u2019Acci\u00f3 Municipal (PAM), de la Diputaci\u00f3 de Tarragona, mitjan\u00e7ant el qual els ajuntaments podien obtenir les subvencions m\u00e9s importants del mandat i l\u2019import es calculava en funci\u00f3 del nombre d\u2019habitants. Ara, el PAM s\u2019ha substitu\u00eft pel Pla ImpulsDipta, que agrupa la majoria de les subvencions adre\u00e7ades als ajuntaments en una concertaci\u00f3 individualitzada municipi a municipi.<\/p>\n\n\n\n<p>L\u2019equip de govern ha estat treballant en el document b\u00e0sic de planificaci\u00f3 i, el passat mes de juny, es va reunir amb la Diputaci\u00f3 de Tarragona per consensuar el document definitiu. El Ple de finals de juliol de la Diputaci\u00f3 va aprovar el model de conveni de concertaci\u00f3 del Pla Impuls Dipta 2024-2027 i la seva formalitzaci\u00f3 amb els ajuntaments i, com que l\u2019Ajuntament de la Bisbal del Pened\u00e8s ja compta amb document del conveni de concertaci\u00f3 i el document de planificaci\u00f3 definitiu, ara a elevat al Ple l\u2019aprovaci\u00f3 del conveni de concertaci\u00f3.<\/p>\n\n\n\n<p>El conveni ascendeix a 947.873,33\u20ac i inclou:<\/p>\n\n\n\n<ul><li>47.893,67\u20ac per a activitats i projectes culturals, que es reparteix en parts iguals per als 4 anys<\/li><li>95.787,33\u20ac per a salut p\u00fablica, que tamb\u00e9 es reparteixen en parts iguals per als 4 anys. Aqu\u00ed hi entren temes relacionats amb les plagues, els animals de companyia, les piscines&#8230;<\/li><li>143.861\u20ac per a transici\u00f3 ecol\u00f2gica, que es destinaran entre els anys 2025 i 2026, millorant l\u2019enllumenat p\u00fablic. S\u2019instal\u00b7laran llums led per a millorar la il\u00b7luminaci\u00f3 de carrers i places. L\u2019Ajuntament ja compta amb el projecte de necessitats i millora de l\u2019enllumenat p\u00fablic i ja ha instal\u00b7lat l\u2019enllumenat del Papagai. Durant els propers dos anys se seguir\u00e0 instal\u00b7lant l\u2019enllumenat nou a la resta del municipi.<\/li><li>670.511,33\u20ac per a inversions per al 2025: 400.000\u20ac es destinaran a la millora de la xarxa d\u2019aigua i 270.511\u20ac a la instal\u00b7laci\u00f3 de plaques solars fotovoltaiques en edificis i instal\u00b7lacions municipals.<\/li><\/ul>\n\n\n\n<p><strong>Punt 3. Modificaci\u00f3 de cr\u00e8dit 3PLE\/2024 en la modalitat de suplement de cr\u00e8dit i cr\u00e8dit extraordinari<\/strong><\/p>\n\n\n\n<p>Es va aprovar per unanimitat dels assistents una modificaci\u00f3 de cr\u00e8dit de 217.518,15\u20ac amb c\u00e0rrec al romanent de tresoreria.<\/p>\n\n\n\n<p>Destinaci\u00f3 de l\u2019import:<\/p>\n\n\n\n<p><span style=\"text-decoration: underline;\">21.328,50\u20ac a la partida del pressupost del servei de bus urb\u00e0<\/span><\/p>\n\n\n\n<p>Amb les modificacions dels convenis per al bus urb\u00e0 per a la millora del servei que comen\u00e7ar\u00e0 al setembre, s\u2019afegeix aquest import a la partida destinada al bus amb l\u2019objectiu de fer front a les millores del servei.<\/p>\n\n\n\n<p><span style=\"text-decoration: underline;\">8.807,65\u20ac a la partida de personal<\/span><\/p>\n\n\n\n<p>S\u2019incorpora aquest import per afegir-lo a la despesa que suposar\u00e0 la incorporaci\u00f3 de la nova pla\u00e7a de la llar d\u2019infants per a I0 entre els mesos de setembre i desembre.<\/p>\n\n\n\n<p><span style=\"text-decoration: underline;\">54.000\u20ac per a la creaci\u00f3 de la partida del pressupost per a la compra de la casa ubicada a la pla\u00e7a Major, 5<\/span><\/p>\n\n\n\n<p>L\u2019Ajuntament t\u00e9 previst adquirir la casa on va n\u00e9ixer el General Romagosa (Joan Romagosa i Pros) el 17 d\u2019octubre de 1791 i que, a m\u00e9s, durant el s. XIX i a l\u2019inici del s. XX va ser la seu d\u2019una f\u00e0brica d\u2019espardenyes on treballaven moltes dones de la Bisbal del Pened\u00e8s.<\/p>\n\n\n\n<p>L\u2019Ajuntament bisbalenc t\u00e9 previst preservar la fa\u00e7ana i renovar l\u2019interior per destinar-lo a usos culturals, com ara museu, escola de m\u00fasica i espais per a la mem\u00f2ria del General Romagosa i la f\u00e0brica d\u2019espardenyes. D\u2019aquesta manera, la pla\u00e7a Major acollir\u00e0 diversos equipaments culturals: aquest nou espai i el Centre Municipal de Cultura.<\/p>\n\n\n\n<p><span style=\"text-decoration: underline;\">19.360\u20ac per a la creaci\u00f3 de la partida al pressupost per a la compra i col\u00b7locaci\u00f3 de diversos ressalts al municipi<\/span><\/p>\n\n\n\n<p>Davant la problem\u00e0tica que s\u2019ha generat en alguns carrers del municipi per l\u2019alta velocitat a la que circulen alguns vehicles, l\u2019Ajuntament de la Bisbal del Pened\u00e8s ha cregut convenient fer diversos ressalts de formig\u00f3 pintat i amb la senyalitzaci\u00f3 oportuna als carrers Safaretjos, Segre, Greco, Logro\u00f1o i C\u00f3rdoba.<\/p>\n\n\n\n<p><span style=\"text-decoration: underline;\">47.600\u20ac per a la creaci\u00f3 de la partida al pressupost per arreglar l\u2019enquitranament de diferents vials<\/span><\/p>\n\n\n\n<p>Es faran arranjaments en diversos carrers on els arbres fan malb\u00e9 l\u2019asfaltat<\/p>\n\n\n\n<ul><li>De Can Gordei, als carrers Ter, Cinca i Gai\u00e0<\/li><li>Al nucli, al carrer de la Font, al davant de l\u2019oficina de Correus<\/li><li>Al Priorat, una part del carrer Sevilla i del carrer C\u00f3rdoba fins al parc de l\u2019extra<\/li><\/ul>\n\n\n\n<p><span style=\"text-decoration: underline;\">38.700\u20ac per a la creaci\u00f3 de la partida al pressupost per a la compra de gronxadors i nous elements per a parcs infantils<\/span><\/p>\n\n\n\n<p>Es canviaran diferents gronxadors al parc de Can Gordei, es far\u00e0 un parc infantil nou a l\u2019extra, un parc nou a la pla\u00e7a Pau Casals i s\u2019instal\u00b7lar\u00e0 un gronxador nou al parc infantil de F\u00e0tima.<\/p>\n\n\n\n<p><span style=\"text-decoration: underline;\">7.515\u20ac per a la creaci\u00f3 de la partida al pressupost per canviar els aparells de gimn\u00e0stica per a la gent gran, al Rac\u00f3 de la Gent Gran<\/span><\/p>\n\n\n\n<p>Es canviaran els aparells de gimn\u00e0stica per a la gent gran que estan al costat d\u2019aquest espai. L\u2019espai es tancar\u00e0 i s\u2019hi accedir\u00e0 des del Rac\u00f3 de la Gent Gran.<\/p>\n\n\n\n<p><span style=\"text-decoration: underline;\">20.207\u20ac per a la instal\u00b7laci\u00f3 d\u2019una nova tanca a la pista d\u2019skate<\/span><\/p>\n\n\n\n<p>Fa unes setmanes algunes persones inc\u00edviques van arrencar part de la tanca de la pista de futbol sala de la zona de l\u2019skate. Ara, es posar\u00e0 una nova tanca m\u00e9s segura i pensada perqu\u00e8 no pugui partir actes vand\u00e0lics.<\/p>\n\n\n\n<p><strong>Punt 4. Aprovar incloure el pou de l\u2019Esplai i l\u2019EDAR de Les Planes Baixes a la concessi\u00f3 del servei d\u2019abastament d\u2019aigua i clavegueram<\/strong><\/p>\n\n\n\n<p>Es va aprovar per unanimitat dels assistents.<\/p>\n\n\n\n<p>Es va aprovar incloure el pou de l\u2019Esplai i l\u2019EDAR de Les Planes Baixes al servei d\u2019abastament d\u2019aigua potable i clavegueram, amb la concessi\u00f3 d\u2019Aqualia.<\/p>\n\n\n\n<p>El 2016 es va iniciar la nova construcci\u00f3 del pou nou a l\u2019Esplai, ja que s\u2019havia assecat el pou que funcionava fins aquell moment. El 2018 va comen\u00e7ar la construcci\u00f3 del pou nou, amb un cost total de 91.360,47\u20ac i amb una subvenci\u00f3 de l\u2019ACA de 52.628,77\u20ac. Despr\u00e9s de passar totes les proves exigides per l\u2019ACA, el 2022 es va posar en funcionament.<\/p>\n\n\n\n<p>El 2016 es va recepcionar la zona industrial de Les Planes Baixes i es va crear, tal com marca la normativa, la Junta de conservaci\u00f3 de Les Planes Baixes, que va quedar inscrita al registre de Juntes de conservaci\u00f3 de la Generalitat el 2018. Aquesta Junta de conservaci\u00f3 est\u00e0 formada pels propietaris de totes les parcel\u00b7les i \u00e9s qui s\u2019encarrega de la neteja i manteniment de tota la zona de Les Planes Baixes durant 5 anys. Tamb\u00e9 s\u2019hi inclou la depuradora.<\/p>\n\n\n\n<p>Al passar la depuradora a l\u2019Ajuntament de la Bisbal del Pened\u00e8s, s\u2019ha aprovat fer-la entrar dins del servei d\u2019abastament d\u2019aigua potable i clavegueram, que \u00e9s la concessi\u00f3 a l\u2019empresa Aqualia perqu\u00e8 faci el seu manteniment i funcionament.<\/p>\n\n\n\n<p><strong>Punt 5. Ampliaci\u00f3 del conveni entre la Generalitat, l\u2019empresa \u00cdzaro i l\u2019Ajuntament de La Bisbal del Pened\u00e8s per a l\u2019ampliaci\u00f3 del servei de bus urb\u00e0<\/strong><\/p>\n\n\n\n<p>Es va aprovar per unanimitat dels assistents.<\/p>\n\n\n\n<p>Entre els anys 2021 i 2023 s\u2019han incorporat millores en el transport p\u00fablic que, a grans trets, es resumeixen amb m\u00e9s horaris i parades, trajectes al Vendrell i a l\u2019Hospital comarcal directament des dels barris i urbanitzacions i la inclusi\u00f3 de parades a tots els barris del municipi.<\/p>\n\n\n\n<p>A partir del setembre, l\u2019Ajuntament de la Bisbal del Pened\u00e8s inclour\u00e0 noves millores i ampliacions:<\/p>\n\n\n\n<ul><li>Viatges a la tarda dins del municipi i d\u2019anada i tornada al Vendrell<\/li><li>Viatges a la zona escolar del Vendrell, perqu\u00e8 l\u2019alumnat pugui anar-hi a cursar cicles formatius i el batxillerat art\u00edstic.<\/li><\/ul>\n\n\n\n<p>La despesa de l\u2019addenda al conveni del 2023 del servei de bus urb\u00e0 i comarcal l\u2019assumir\u00e0 \u00edntegrament l\u2019Ajuntament de la Bisbal del Pened\u00e8s i inclou els seg\u00fcents viatges:<\/p>\n\n\n\n<p>a) L\u00ednia comarcal que surt del Vendrell cap al nucli a les 10:00h, s&#8217;afegeix parada al carrer Garona i a la Miralba.<\/p>\n\n\n\n<p>b) L\u00ednia comarcal que surt del Vendrell cap al nucli a les 12:55h, s&#8217;afegeix parada al carrer Garona i a la Miralba.<\/p>\n\n\n\n<p>c) Bus urb\u00e0 que surt del nucli a les 12:55h per anar al Vendrell, s&#8217;afegeix parada al carrer Garona i a la Miralba.<\/p>\n\n\n\n<p>d) Bus urb\u00e0 que surt a les 14:40h del nucli per anar a Santa Cristina, Esplai, Can Gordei i Miralba, s&#8217;afegeix que vagi al Vendrell (a les 3 parades: hospital, les Mates i estaci\u00f3 d&#8217;autobusos del Vendrell).<\/p>\n\n\n\n<p>e) Bus urb\u00e0 que surt del nucli a les 16:50h per anar al Vendrell, s&#8217;afegeix parada al carrer Garona i a la Miralba.<\/p>\n\n\n\n<p>f) S&#8217;afegeixen tres noves l\u00ednies a la tarda, ja que per anar o tornar del Vendrell a les urbanitzacions, l&#8217;\u00faltim era al migdia i del nucli al Vendrell i de tornada nom\u00e9s n&#8217;hi havia dos:<\/p>\n\n\n\n<ul><li>L\u00ednia de Santa Cristina a les 16:00h passant per la Masieta, l&#8217;Esplai, Can Gordei, Miralba i el nucli i arribant al Vendrell a les 16:55h<\/li><li>L\u00ednia del Vendrell a les 17:00h i va al nucli-Priorat-Sta Cristina-Masieta-Esplai-Can Gordei-Miralba i tornar al nucli per anar al Vendrell<\/li><li>L\u00ednia del Vendrell a les 19:00h i va al nucli-Priorat-Sta Cristina-Masieta-Esplai-Can Gordei-Miralba i tornar al nucli per anar al Vendrell<\/li><\/ul>\n\n\n\n<p>g) L\u00ednia comarcal que surt del Vendrell cap al nucli a les 20:00h, s&#8217;afegeix parada al carrer Garona i a la Miralba<\/p>\n\n\n\n<p>h) L\u00ednia comarcal que surt del Vendrell cap al nucli a les 20:50h, s&#8217;afegeix parada al carrer Garona i a la Miralba.<\/p>\n\n\n\n<p>Com que el conveni que es va aprovar el 2023 ven\u00e7 al mes d\u2019abril de l\u2019any vinent, ara s\u2019aprova aquesta addenda fins a l\u2019abril de 2025 per poder oferir aquests nous trajectes. El cost per a aquests vuit mesos ascendeix a 75.167,77\u20ac.<\/p>\n\n\n\n<p><strong>Punt 6. Modificaci\u00f3 del Conveni amb el Consell Comarcal del Baix Pened\u00e8s per a l\u2019ampliaci\u00f3 d\u2019una de les l\u00ednies de transport d\u2019alumnes a l\u2019escola Ull de Vent per al curs 2024\/25.<\/strong><\/p>\n\n\n\n<p>Es va aprovar per unanimitat dels assistents.<\/p>\n\n\n\n<p>S\u2019ha aprovat l\u2019ampliaci\u00f3 de places del transport escolar de l\u2019escola Ull de Vent de 35 a 55, en una de les l\u00ednies, per al curs 2024-2025 perqu\u00e8 tots els infants que han sol\u00b7licitat el bus puguin tenir aquest servei. El cost d\u2019aquest increment de places l\u2019assumeix l\u2019Ajuntament de la Bisbal del Pened\u00e8s. Per als mesos de setembre a desembre ascendeix a 905\u20ac i per al 2025 a 1.810\u20ac.<\/p>\n\n\n\n<p>L\u2019octubre de 2022 el Consell Comarcal del Baix Pened\u00e8s va acceptar la delegaci\u00f3 de compet\u00e8ncies en mat\u00e8ria educativa, que els havia fet la Generalitat de Catalunya. Aquesta delegaci\u00f3 inclou el transport escolar amb els ajuts individuals de despla\u00e7ament, un servei que es paga amb recursos de la Generalitat, l\u2019Ajuntament i els usuaris del bus. A la Bisbal del Pened\u00e8s tenim dues l\u00ednies de transport escolar que porten els alumnes de les urbanitzacions a l\u2019escola Ull de Vent, amb viatge d\u2019anada al mat\u00ed i tornada a la tarda. La l\u00ednia LP10 \u00e9s la de La Pineda de Santa Cristina, l\u2019Esplai, la Masieta, Can Gordei i la Miralba i \u00e9s la que s\u2019ha vist incrementada en usuaris. Per aix\u00f2 la Regidoria d\u2019Ensenyament ha fet les gestions oportunes per a fer aquesta ampliaci\u00f3 i s\u2019ha elevat al pla la modificaci\u00f3 del conveni.<\/p>\n\n\n\n<p><strong>Punt 7. Aprovar la nova composici\u00f3 de l\u2019agrupaci\u00f3 de secretaries dels Jutjats de Pau, on la nova seu d\u2019aquesta agrupaci\u00f3 ser\u00e0 La Bisbal del Pened\u00e8s<\/strong><\/p>\n\n\n\n<p>Es va aprovar per unanimitat dels assistents.<\/p>\n\n\n\n<p>S\u2019ha aprovat la mem\u00f2ria de l\u2019Agrupaci\u00f3 de Secretaries de Jutjats de Pau n\u00famero 30, formada per l\u2019Ajuntament de la Bisbal del Pened\u00e8s, l\u2019Ajuntament de Bellvei i l\u2019Ajuntament de Santa Oliva. Tamb\u00e9 s\u2019ha aprovat sol\u00b7licitar al Departament de Just\u00edcia aquesta modificaci\u00f3 de l\u2019agrupaci\u00f3 i sol\u00b7licitar el canvi de la seu a favor del municipi de La Bisbal del Pened\u00e8s, una vegada finalitzin tots els tr\u00e0mits previstos per la normativa. La seu de l\u2019agrupaci\u00f3 dels jutjats de Pau n\u00famero 30 estar\u00e0 ubicada a la planta baixa de l\u2019Hotel d\u2019Entitats i suposar\u00e0 una plantilla formada per 1 persona de gesti\u00f3 processal (secretari\/\u00e0ria) i 1 persona auxiliar judicial.<\/p>\n\n\n\n<p>La Bisbal del Pened\u00e8s forma part de l\u2019agrupaci\u00f3 de Secretaries dels Jutjats de Pau n\u00famero 30 que es va crear el desembre de 1998 per part de la Conselleria de Just\u00edcia. En formaven part les secretaries dels Jutjats de Pau de Cunit, Bellvei, la Bisbal del Pened\u00e8s i Santa Oliva, i la seu estava ubicada a Cunit. El setembre de 2023, el Ple de l\u2019Ajuntament de Cunit va sol\u00b7licitar al Departament de Just\u00edcia l\u2019autoritzaci\u00f3 per sortir de l\u2019Agrupaci\u00f3 de Secretaries de Jutjat de Pau n\u00famero 30 i formar-ne una nom\u00e9s per a Cunit, per l\u2019elevat nombre d\u2019habitants. Despr\u00e9s d\u2019aquesta aprovaci\u00f3 els altres ajuntaments i la secret\u00e0ria del Jutjat de Pau bisbalenc van decidir que l\u2019Ajuntament de la Bisbal del Pened\u00e8s fos la nova seu de l\u2019agrupaci\u00f3. Segons ha explicat l\u2019alcaldessa Ang\u00e8s Ferr\u00e9 \u201ctenir aquesta seu a la Bisbal suposar\u00e0 oferir m\u00e9s i millor servei per als bisbalencs i les bisbalenques\u201d.<\/p>\n\n\n\n<p><strong>Punt 8. Aprovar el compte general de l\u2019exercici 2023.<\/strong><\/p>\n\n\n\n<p>Es va aprovar amb els vots a favor de Comprom\u00eds amb la Bisbal (5), el PSC (1) i ERC (1), l\u2019abstenci\u00f3 de La Bisbal Decideix (2) i el vot en contra de Tots som la Bisbal \u2013 Urbanizaciones Unidas (1).<\/p>\n\n\n\n<p>S\u2019ha aprovat el compte General de 2023. La liquidaci\u00f3 del pressupost 2023 es va aprovar per Decret d\u2019alcaldia el 20 de febrer de 2024. En el Ple ordinari de mar\u00e7 de 2024 es va donar compte de l\u2019informe d\u2019intervenci\u00f3 relatiu al compliment dels objectius d\u2019estabilitat pressupost\u00e0ria de la liquidaci\u00f3 de l\u2019exercici 2023.<\/p>\n\n\n\n<p>El dilluns 8 de juliol, es va celebrar la Comissi\u00f3 Especial de Comptes de l\u2019Exercici 2023 per examinar, estudiar i informar del Compte General anual del Pressupost de l\u2019Ajuntament de la Bisbal del Pened\u00e8s en compliment d\u2019all\u00f2 que disposen la Llei i el ROM.<\/p>\n\n\n\n<p>Els Comptes de l\u2019exercici 2023 van quedar aprovats favorablement i van quedar justificats, amb els seg\u00fcents vots:<\/p>\n\n\n\n<ul><li>Feliu Gil, en representaci\u00f3 de Comprom\u00eds amb la Bisbal (5 vots ponderats): a favor<\/li><li>Mart\u00edn Deluca, en representaci\u00f3 de La Bisbal Decideix (2 vots ponderats): abstenci\u00f3<\/li><li>Maguy Antol\u00edn, en representaci\u00f3 de Tots som la Bisbal-Urbanizaciones Unidas (2 vots ponderats): en contra<\/li><li>Daniel Caballero, en representaci\u00f3 del PSC (1 vot ponderat): a favor<\/li><li>S\u00edlvia Monfort, en representaci\u00f3 d\u2019ERC (1 vot ponderat): a favor<\/li><\/ul>\n\n\n\n<p>El compte del 2023 ha estat exposat al p\u00fablic fins al dimecres 7 d\u2019agost, i no s\u2019han presentat al\u00b7legacions.<\/p>\n\n\n\n<p>En aquest enlla\u00e7 podeu trobar un resum del Compte General de l\u2019any 2023 aprovat durant la Comissi\u00f3 de Comptes del passat juliol: <a href=\"https:\/\/bisbalpenedes.com\/web\/2024\/07\/09\/comissio-comptes-exercici-2023\/\">https:\/\/bisbalpenedes.com\/web\/2024\/07\/09\/comissio-comptes-exercici-2023\/<\/a><\/p>\n\n\n\n<p><strong>Punt 9. Aprovar l\u2019increment retributiu del 2% (+0,5%) del personal laboral i funcionari, amb efectes retroactius de l\u20191 de gener de 2024<\/strong><\/p>\n\n\n\n<p>Es va aprovar per unanimitat dels assistents.<\/p>\n\n\n\n<p>Es va aprovar per a l\u2019any 2024, amb efectes d\u20191 de gener, un increment de les retribucions del personal al servei de l\u2019Ajuntament de la Bisbal del Pened\u00e8s del 2% de forma lineal respecte a les vigents a 31 de desembre de 2023. En aquestes darreres s\u2019inclouen els increments derivats d\u2019all\u00f2 previst en l\u2019article 19.Dos.2 de la Llei 31\/2022, de 223 de desembre, de pressupostos generals de l\u2019Estat per a l\u2019any 2023 (increment vinculat a IPCA i a PIB de l\u2019exercici 2023).&nbsp; Aquest increment s\u2019inclour\u00e0 en la n\u00f2mina del mes d\u2019agost de 2024 i s\u2019aplicar\u00e0 sobre les retribucions b\u00e0siques, els triennis, els complements de destinaci\u00f3 i les pagues extraordin\u00e0ries, aix\u00ed com sobre els complements espec\u00edfics i els complements de productivitat; amb el benent\u00e8s que l\u2019aplicaci\u00f3 sobre les retribucions b\u00e0siques, els triennis, els complements de destinaci\u00f3 i les pagues extraordin\u00e0ries del personal funcionari s\u00f3n per mandat legal.<\/p>\n\n\n\n<p>L\u2019import total de l\u2019aplicaci\u00f3 d\u2019aquest 2% \u00e9s de 19.562,46\u20ac.<\/p>\n\n\n\n<p>El Ple tamb\u00e9 va aprovar l\u2019increment del 0,5% addicional de forma lineal per a tots els empleats p\u00fablics de l\u2019Ajuntament, respecte a les retribucions vigents a 31 de desembre de 2023, en id\u00e8ntics termes que l\u2019apartat anterior, si s\u2019aprova per Acord del Consell De Ministres, publicat al BOE, l\u2019esmentat increment derivat que la suma de la variaci\u00f3 de l\u2019IPCA dels anys 2022, 2023 i 2024 superi l\u2019increment retributiu fix acumulat de 2022, 2023 i 2024. Ara s\u2019ha aprovat, per\u00f2 s\u2019aplicar\u00e0 en cas que ho aprovi el Consell de Ministres perqu\u00e8 es donin les circumst\u00e0ncies citades.<\/p>\n\n\n\n<hr class=\"wp-block-separator has-alpha-channel-opacity\"\/>\n\n\n\n<p><strong>CASTELLANO |<\/strong> <strong>El pasado martes 13 de agosto se celebr\u00f3 un Pleno extraordinario en el Ajuntament de la Bisbal del Pened\u00e8s<\/strong><\/p>\n\n\n\n<p>El pasado 13 de agosto, a las 9h, se celebr\u00f3 un Pleno extraordinario en el Ajuntament de la Bisbal del Pened\u00e8s. Al inicio de la sesi\u00f3n se excus\u00f3 la presencia de la concejala Maguy Antol\u00edn (Tots som la Bisbal \u2013 Urbanizaciones Unidas).<\/p>\n\n\n\n<p>Pod\u00e9is ver la grabaci\u00f3n del Pleno aqu\u00ed: <a href=\"https:\/\/actes.bisbalpenedes.com\/session\/sessionDetail\/8a8180888f9810530191505ec1e6003a\">https:\/\/actes.bisbalpenedes.com\/session\/sessionDetail\/8a8180888f9810530191505ec1e6003a<\/a><\/p>\n\n\n\n<p>Durante el Pleno, se trataron los siguientes puntos:<\/p>\n\n\n\n<p><strong>Punto 1. Incorporaci\u00f3n de la EDAR (la depuradora) de l&#8217;Esplai al convenio de delegaci\u00f3n de competencias y de ejercicio de funciones, en materia de saneamiento en alta de agua residual urbana, a favor del Consell Comarcal del Baix Pened\u00e8s<\/strong><\/p>\n\n\n\n<p>Se aprob\u00f3, por unanimidad de los asistentes, la incorporaci\u00f3n de la EDAR de l&#8217;Esplai al convenio de delegaci\u00f3n de competencias y de ejercicio de funciones, en materia de saneamiento en alta de agua residual urbana, a favor del Consell Comarcal del Baix Pened\u00e8s. El Consell Comarcal del Baix Pened\u00e8s es el gestor competente, seg\u00fan la ACA, para los sistemas de saneamiento vinculados a las delegaciones municipales de competencia que le deleguen los municipios de la comarca del Baix Pened\u00e8s.<\/p>\n\n\n\n<p>El pr\u00f3ximo mes de septiembre el Consell Comarcal aprobar\u00e1 la aceptaci\u00f3n y, entonces, el Ajuntament no tendr\u00e1 que asumir el mantenimiento ni las inversiones para las actualizaciones de normativa. Todos estos gastos se realizar\u00e1n con el canon de la ACA y con inversiones que apruebe la ACA.<\/p>\n\n\n\n<p>Seg\u00fan explic\u00f3 la alcaldesa Agn\u00e8s Ferr\u00e9, <em>&#8220;en 2015 uno de los primeros objetivos al entrar en el gobierno, junto con la entonces concejala del servicio de agua y saneamiento, fue que la ACA, a trav\u00e9s del Consell Comarcal del Baix Pened\u00e8s, recepcionara la EDAR de l&#8217;Esplai. Sin embargo, la depuradora no cumpl\u00eda la normativa y se necesitaban muchas inversiones para que funcionara de forma correcta y sostenible&#8221;.<\/em> Entonces, el Ajuntament de la Bisbal del Pened\u00e8s empez\u00f3 a trabajar de forma conjunta con el Consell Comarcal del Baix Pened\u00e8s y la ACA con el objetivo de adecuarla, lo que ha supuesto una inversi\u00f3n de m\u00e1s de 70.000\u20ac para adaptarla a la normativa. Finalmente, el pasado mes de julio lleg\u00f3 el informe favorable de la ACA para la inclusi\u00f3n de la EDAR de l&#8217;Esplai dentro del saneamiento p\u00fablico en alta de la ACA y, una vez obtenido este informe, se ha aprobado la incorporaci\u00f3n de la EDAR de l&#8217;Esplai al convenio de delegaci\u00f3n de competencias y de ejercicio de funciones, en materia de saneamiento en alta de agua residual urbana, a favor del Consell Comarcal del Baix Pened\u00e8s.<\/p>\n\n\n\n<p><strong>Punto 2. Convenio de concertaci\u00f3n con la Diputaci\u00f3 de Tarragona, para la ejecuci\u00f3n del Plan Impuls Dipta para los a\u00f1os 2024\/2027<\/strong><\/p>\n\n\n\n<p>Se aprob\u00f3 por unanimidad de los asistentes.<\/p>\n\n\n\n<p>El Pleno del 31 de mayo de 2024 de la Diputaci\u00f3 de Tarragona aprob\u00f3 definitivamente el Pla ImpulsDipta. Este plan supone un cambio para el mundo local de la demarcaci\u00f3n de Tarragona, ya que hasta ahora, cada mandato hab\u00eda el Plan de Acci\u00f3n Municipal (PAM), de la Diputaci\u00f3 de Tarragona, mediante el cual los ayuntamientos pod\u00edan obtener las subvenciones m\u00e1s importantes del mandato y el importe se calculaba en funci\u00f3n del n\u00famero de habitantes. Ahora, el PAM se ha sustituido por el Pla ImpulsDipta, que agrupa la mayor\u00eda de las subvenciones dirigidas a los ayuntamientos en una concertaci\u00f3n individualizada municipio a municipio.<\/p>\n\n\n\n<p>El equipo de gobierno ha estado trabajando en el documento b\u00e1sico de planificaci\u00f3n y, el pasado mes de junio, se reuni\u00f3 con la Diputaci\u00f3 de Tarragona para consensuar el documento definitivo. El Pleno de finales de julio de la Diputaci\u00f3 aprob\u00f3 el modelo de convenio de concertaci\u00f3n del Plan Impuls Dipta 2024-2027 y su formalizaci\u00f3n con los ayuntamientos y, como el Ajuntament de la Bisbal del Pened\u00e8s ya cuenta con el documento del convenio de concertaci\u00f3n y el documento de planificaci\u00f3n definitivo, ahora ha elevado al Pleno la aprobaci\u00f3n del convenio de concertaci\u00f3n.<\/p>\n\n\n\n<p>El convenio asciende a 947.873,33\u20ac e incluye:<\/p>\n\n\n\n<ul><li>47.893,67\u20ac para actividades y proyectos culturales, que se reparte en partes iguales para los 4 a\u00f1os<\/li><li>95.787,33\u20ac para salud p\u00fablica, que tambi\u00e9n se reparten en partes iguales para los 4 a\u00f1os. Aqu\u00ed entran temas relacionados con las plagas, los animales de compa\u00f1\u00eda, las piscinas&#8230;<\/li><li>143.861\u20ac para transici\u00f3n ecol\u00f3gica, que se destinar\u00e1n entre los a\u00f1os 2025 y 2026, mejorando el alumbrado p\u00fablico. Se instalar\u00e1n luces led para mejorar la iluminaci\u00f3n de las calles y plazas. El Ajuntament ya cuenta con el proyecto de necesidades y mejora del alumbrado p\u00fablico y ya ha instalado el alumbrado del Papagai. Durante los pr\u00f3ximos dos a\u00f1os se seguir\u00e1 instalando el nuevo alumbrado en el resto del municipio.<\/li><li>670.511,33\u20ac para inversiones para 2025: 400.000\u20ac se destinar\u00e1n a la mejora de la red de agua y 270.511\u20ac a la instalaci\u00f3n de placas solares fotovoltaicas en edificios e instalaciones municipales.<\/li><\/ul>\n\n\n\n<p><strong>Punto 3. Modificaci\u00f3n de cr\u00e9dito 3PLE\/2024 en la modalidad de suplemento de cr\u00e9dito y cr\u00e9dito extraordinario<\/strong><\/p>\n\n\n\n<p>Se aprob\u00f3 por unanimidad de los asistentes una modificaci\u00f3n de cr\u00e9dito de 217.518,15\u20ac con cargo al remanente de tesorer\u00eda.<\/p>\n\n\n\n<p>Destino del importe:<\/p>\n\n\n\n<p><span style=\"text-decoration: underline;\">21.328,50\u20ac a la partida del presupuesto del servicio de bus urbano<\/span><\/p>\n\n\n\n<p>Con las modificaciones de los convenios para el bus urbano para la mejora del servicio que comenzar\u00e1 en septiembre, se a\u00f1ade este importe a la partida destinada al bus con el objetivo de hacer frente a las mejoras del servicio.<\/p>\n\n\n\n<p><span style=\"text-decoration: underline;\">8.807,65\u20ac a la partida de personal<\/span><\/p>\n\n\n\n<p>Se incorpora este importe para a\u00f1adirlo al gasto que supondr\u00e1 la incorporaci\u00f3n de la nueva plaza de la guarder\u00eda para I0 entre los meses de septiembre y diciembre.<\/p>\n\n\n\n<p><span style=\"text-decoration: underline;\">54.000\u20ac para la creaci\u00f3n de la partida del presupuesto para la compra de la casa ubicada en la plaza Major, 5<\/span><\/p>\n\n\n\n<p>El Ajuntament tiene previsto adquirir la casa donde naci\u00f3 el General Romagosa (Joan Romagosa i Pros) el 17 de octubre de 1791 y que, adem\u00e1s, durante el s. XIX y al inicio del s. XX fue la sede de una f\u00e1brica de alpargatas donde trabajaban muchas mujeres de la Bisbal del Pened\u00e8s.<\/p>\n\n\n\n<p>El Ajuntament bisbalenc tiene previsto preservar la fachada y renovar el interior para destinarlo a usos culturales, como museo, escuela de m\u00fasica y espacios para la memoria del General Romagosa y la f\u00e1brica de alpargatas. De esta manera, la plaza Major acoger\u00e1 diversos equipamientos culturales: este nuevo espacio y el Centre Municipal de Cultura.<\/p>\n\n\n\n<p><span style=\"text-decoration: underline;\">19.360\u20ac para la creaci\u00f3n de la partida en el presupuesto para la compra y colocaci\u00f3n de varios resaltos en el municipio<\/span><\/p>\n\n\n\n<p>Ante la problem\u00e1tica que se ha generado en algunas calles del municipio por la alta velocidad a la que circulan algunos veh\u00edculos, el Ajuntament de la Bisbal del Pened\u00e8s ha cre\u00eddo conveniente hacer varios resaltos de hormig\u00f3n pintado y con la se\u00f1alizaci\u00f3n oportuna en las calles Safaretjos, Segre, Greco, Logro\u00f1o y C\u00f3rdoba.<\/p>\n\n\n\n<p><span style=\"text-decoration: underline;\">47.600\u20ac para la creaci\u00f3n de la partida en el presupuesto para arreglar el asfalto de distintos viales<\/span><\/p>\n\n\n\n<p>Se har\u00e1n arreglos en diversas calles donde los \u00e1rboles estropean el asfalto<\/p>\n\n\n\n<ul><li>De Can Gordei, en las calles Ter, Cinca y Gai\u00e0<\/li><li>En el n\u00facleo, en la calle de la Font, frente a la oficina de Correos<\/li><li>En el Priorat, una parte de la calle Sevilla y de la calle C\u00f3rdoba hasta el parque del extra<\/li><\/ul>\n\n\n\n<p><span style=\"text-decoration: underline;\">38.700\u20ac para la creaci\u00f3n de la partida en el presupuesto para la compra de columpios y nuevos elementos para parques infantiles<\/span><\/p>\n\n\n\n<p>Se cambiar\u00e1n distintos columpios en el parque de Can Gordei, se har\u00e1 un parque infantil nuevo en el extra, un parque nuevo en la plaza Pau Casals y se instalar\u00e1 un columpio nuevo en el parque infantil de F\u00e1tima.<\/p>\n\n\n\n<p><span style=\"text-decoration: underline;\">7.515\u20ac para la creaci\u00f3n de la partida en el presupuesto para cambiar los aparatos de gimnasia para la gente mayor, en el Rac\u00f3 de la Gent Gran<\/span><\/p>\n\n\n\n<p>Se cambiar\u00e1n los aparatos de gimnasia para la gente mayor que est\u00e1n al lado de este espacio. El espacio se cerrar\u00e1 y se acceder\u00e1 desde el Rac\u00f3 de la Gent Gran.<\/p>\n\n\n\n<p><span style=\"text-decoration: underline;\">20.207\u20ac para la instalaci\u00f3n de una nueva valla en la pista de skate<\/span><\/p>\n\n\n\n<p>Hace unas semanas algunas personas inc\u00edvicas arrancaron parte de la valla de la pista de f\u00fatbol sala de la zona del skate. Ahora, se pondr\u00e1 una nueva valla m\u00e1s segura y pensada para que no pueda sufrir actos vand\u00e1licos.<\/p>\n\n\n\n<p><strong>Punto 4. Aprobar incluir el pozo de l&#8217;Esplai y la EDAR de Les Planes Baixes en la concesi\u00f3n del servicio de abastecimiento de agua y alcantarillado<\/strong><\/p>\n\n\n\n<p>Se aprob\u00f3 por unanimidad de los asistentes.<\/p>\n\n\n\n<p>Se aprob\u00f3 incluir el pozo de l&#8217;Esplai y la EDAR de Les Planes Baixes en el servicio de abastecimiento de agua potable y alcantarillado, con la concesi\u00f3n de Aqualia.<\/p>\n\n\n\n<p>En 2016 se inici\u00f3 la nueva construcci\u00f3n del pozo nuevo en l&#8217;Esplai, ya que se hab\u00eda secado el pozo que funcionaba hasta ese momento. En 2018 comenz\u00f3 la construcci\u00f3n del pozo nuevo, con un coste total de 91.360,47\u20ac y con una subvenci\u00f3n de la ACA de 52.628,77\u20ac. Despu\u00e9s de pasar todas las pruebas exigidas por la ACA, en 2022 se puso en funcionamiento.<\/p>\n\n\n\n<p>En 2016 se recepcion\u00f3 la zona industrial de Les Planes Baixes y se cre\u00f3, tal como marca la normativa, la Junta de conservaci\u00f3n de Les Planes Baixes, que qued\u00f3 inscrita en el registro de Juntas de conservaci\u00f3n de la Generalitat en 2018. Esta Junta de conservaci\u00f3n est\u00e1 formada por los propietarios de todas las parcelas y es quien se encarga de la limpieza y mantenimiento de toda la zona de Les Planes Baixes durante 5 a\u00f1os. Tambi\u00e9n se incluye la depuradora.<\/p>\n\n\n\n<p>Al pasar la depuradora al Ajuntament de la Bisbal del Pened\u00e8s, se ha aprobado incluirla dentro del servicio de abastecimiento de agua potable y alcantarillado, que es la concesi\u00f3n a la empresa Aqualia para que realice su mantenimiento y funcionamiento.<\/p>\n\n\n\n<p><strong>Punto 5. Ampliaci\u00f3n del convenio entre la Generalitat, la empresa \u00cdzaro y el Ajuntament de La Bisbal del Pened\u00e8s para la ampliaci\u00f3n del servicio de bus urbano<\/strong><\/p>\n\n\n\n<p>Se aprob\u00f3 por unanimidad de los asistentes.<\/p>\n\n\n\n<p>Entre los a\u00f1os 2021 y 2023 se han incorporado mejoras en el transporte p\u00fablico que, a grandes rasgos, se resumen en m\u00e1s horarios y paradas, trayectos a El Vendrell y al Hospital comarcal directamente desde los barrios y urbanizaciones y la inclusi\u00f3n de paradas en todos los barrios del municipio.<\/p>\n\n\n\n<p>A partir de septiembre, el Ajuntament de la Bisbal del Pened\u00e8s incluir\u00e1 nuevas mejoras y ampliaciones:<\/p>\n\n\n\n<ul><li>Viajes por la tarde dentro del municipio y de ida y vuelta a El Vendrell<\/li><li>Viajes a la zona escolar de El Vendrell, para que el alumnado pueda ir a cursar ciclos formativos y el bachillerato art\u00edstico.<\/li><\/ul>\n\n\n\n<p>El gasto de la adenda al convenio de 2023 del servicio de bus urbano y comarcal lo asumir\u00e1 \u00edntegramente el Ajuntament de la Bisbal del Pened\u00e8s e incluye los siguientes viajes:<\/p>\n\n\n\n<p>a) L\u00ednea comarcal que sale de El Vendrell hacia el n\u00facleo a las 10:00h, se a\u00f1ade parada en la calle Garona y en la Miralba.<\/p>\n\n\n\n<p>b) L\u00ednea comarcal que sale de El Vendrell hacia el n\u00facleo a las 12:55h, se a\u00f1ade parada en la calle Garona y en la Miralba.<\/p>\n\n\n\n<p>c) Bus urbano que sale del n\u00facleo a las 12:55h para ir a El Vendrell, se a\u00f1ade parada en la calle Garona y en la Miralba.<\/p>\n\n\n\n<p>d) Bus urbano que sale a las 14:40h del n\u00facleo para ir a Santa Cristina, Esplai, Can Gordei y Miralba, se a\u00f1ade que vaya a El Vendrell (a las 3 paradas: hospital, les Mates y estaci\u00f3n de autobuses de El Vendrell).<\/p>\n\n\n\n<p>e) Bus urbano que sale del n\u00facleo a las 16:50h para ir a El Vendrell, se a\u00f1ade parada en la calle Garona y en la Miralba.<\/p>\n\n\n\n<p>f) Se a\u00f1aden tres nuevas l\u00edneas por la tarde, ya que para ir o volver de El Vendrell a las urbanizaciones, el \u00faltimo era al mediod\u00eda y del n\u00facleo a El Vendrell y de vuelta solo hab\u00eda dos:<\/p>\n\n\n\n<p>-L\u00ednea de Santa Cristina a las 16:00h pasando por la Masieta, l&#8217;Esplai, Can Gordei, Miralba y el n\u00facleo y llegando a El Vendrell a las 16:55h<\/p>\n\n\n\n<p>-L\u00ednea de El Vendrell a las 17:00h y va al n\u00facleo-Priorat-Sta Cristina-Masieta-Esplai-Can Gordei-Miralba y volver al n\u00facleo para ir a El Vendrell<\/p>\n\n\n\n<p>-L\u00ednea de El Vendrell a las 19:00h y va al n\u00facleo-Priorat-Sta Cristina-Masieta-Esplai-Can Gordei-Miralba y volver al n\u00facleo para ir a El Vendrell<\/p>\n\n\n\n<p>g) L\u00ednea comarcal que sale de El Vendrell hacia el n\u00facleo a las 20:00h, se a\u00f1ade parada en la calle Garona y en la Miralba<\/p>\n\n\n\n<p>h) L\u00ednea comarcal que sale de El Vendrell hacia el n\u00facleo a las 20:50h, se a\u00f1ade parada en la calle Garona y en la Miralba.<\/p>\n\n\n\n<p>Como el convenio que se aprob\u00f3 en 2023 vence en el mes de abril del a\u00f1o que viene, ahora se aprueba esta adenda hasta abril de 2025 para poder ofrecer estos nuevos trayectos. El coste para estos ocho meses asciende a 75.167,77\u20ac.<\/p>\n\n\n\n<p><strong>Punto 6. Modificaci\u00f3n del Convenio con el Consell Comarcal del Baix Pened\u00e8s para la ampliaci\u00f3n de una de las l\u00edneas de transporte de alumnos a la escuela Ull de Vent para el curso 2024\/25.<\/strong><\/p>\n\n\n\n<p>Se aprob\u00f3 por unanimidad de los asistentes.<\/p>\n\n\n\n<p>Se ha aprobado la ampliaci\u00f3n de plazas del transporte escolar de la escuela Ull de Vent de 35 a 55, en una de las l\u00edneas, para el curso 2024-2025 para que todos los ni\u00f1os que han solicitado el bus puedan tener este servicio. El coste de este incremento de plazas lo asume el Ajuntament de la Bisbal del Pened\u00e8s. Para los meses de septiembre a diciembre asciende a 905\u20ac y para 2025 a 1.810\u20ac.<\/p>\n\n\n\n<p>En octubre de 2022 el Consell Comarcal del Baix Pened\u00e8s acept\u00f3 la delegaci\u00f3n de competencias en materia educativa, que les hab\u00eda hecho la Generalitat de Catalunya. Esta delegaci\u00f3n incluye el transporte escolar con las ayudas individuales de desplazamiento, un servicio que se paga con recursos de la Generalitat, el Ajuntament y los usuarios del bus. En la Bisbal del Pened\u00e8s tenemos dos l\u00edneas de transporte escolar que llevan a los alumnos de las urbanizaciones a la escuela Ull de Vent, con viaje de ida por la ma\u00f1ana y vuelta por la tarde. La l\u00ednea LP10 es la de La Pineda de Santa Cristina, l&#8217;Esplai, la Masieta, Can Gordei y la Miralba y es la que se ha visto incrementada en usuarios. Por eso la Concejal\u00eda de Educaci\u00f3n ha realizado las gestiones oportunas para hacer esta ampliaci\u00f3n y se ha elevado al pleno la modificaci\u00f3n del convenio.<\/p>\n\n\n\n<p><strong>Punto 7. Aprobar la nueva composici\u00f3n de la agrupaci\u00f3n de secretar\u00edas de los Juzgados de Paz, donde la nueva sede de esta agrupaci\u00f3n ser\u00e1 La Bisbal del Pened\u00e8s<\/strong><\/p>\n\n\n\n<p>Se aprob\u00f3 por unanimidad de los asistentes.<\/p>\n\n\n\n<p>Se ha aprobado la memoria de la Agrupaci\u00f3n de Secretar\u00edas de Juzgados de Paz n\u00famero 30, formada por el Ajuntament de la Bisbal del Pened\u00e8s, el Ajuntament de Bellvei y el Ajuntament de Santa Oliva. Tambi\u00e9n se ha aprobado solicitar al Departament de Just\u00edcia esta modificaci\u00f3n de la agrupaci\u00f3n y solicitar el cambio de la sede a favor del municipio de La Bisbal del Pened\u00e8s, una vez finalicen todos los tr\u00e1mites previstos por la normativa. La sede de la agrupaci\u00f3n de los juzgados de Paz n\u00famero 30 estar\u00e1 ubicada en la planta baja del Hotel d&#8217;Entitats y supondr\u00e1 una plantilla formada por 1 persona de gesti\u00f3n procesal (secretario\/a) y 1 persona auxiliar judicial.<\/p>\n\n\n\n<p>La Bisbal del Pened\u00e8s forma parte de la agrupaci\u00f3n de Secretar\u00edas de los Juzgados de Paz n\u00famero 30 que se cre\u00f3 en diciembre de 1998 por parte de la Conselleria de Just\u00edcia. Formaban parte las secretar\u00edas de los Juzgados de Paz de Cunit, Bellvei, la Bisbal del Pened\u00e8s y Santa Oliva, y la sede estaba ubicada en Cunit. En septiembre de 2023, el Pleno del Ajuntament de Cunit solicit\u00f3 al Departament de Just\u00edcia la autorizaci\u00f3n para salir de la Agrupaci\u00f3n de Secretar\u00edas de Juzgado de Paz n\u00famero 30 y formar una solo para Cunit, por el elevado n\u00famero de habitantes. Despu\u00e9s de esta aprobaci\u00f3n los otros ayuntamientos y la secretaria del Juzgado de Paz bisbalenc decidieron que el Ajuntament de la Bisbal del Pened\u00e8s fuera la nueva sede de la agrupaci\u00f3n. Seg\u00fan ha explicado la alcaldesa Agn\u00e8s Ferr\u00e9 <em>&#8220;tener esta sede en la Bisbal supondr\u00e1 ofrecer m\u00e1s y mejor servicio para los bisbalencs y las bisbalenques&#8221;.<\/em><\/p>\n\n\n\n<p><strong>Punto 8. Aprobar la cuenta general del ejercicio 2023.<\/strong><\/p>\n\n\n\n<p>Se aprob\u00f3 con los votos a favor de Comprom\u00eds amb la Bisbal (5), el PSC (1) y ERC (1), la abstenci\u00f3n de La Bisbal Decideix (2) y el voto en contra de Tots som la Bisbal \u2013 Urbanizaciones Unidas (1).<\/p>\n\n\n\n<p>Se ha aprobado la cuenta General de 2023. La liquidaci\u00f3n del presupuesto 2023 se aprob\u00f3 por Decreto de alcald\u00eda el 20 de febrero de 2024. En el Pleno ordinario de marzo de 2024 se dio cuenta del informe de intervenci\u00f3n relativo al cumplimiento de los objetivos de estabilidad presupuestaria de la liquidaci\u00f3n del ejercicio 2023.<\/p>\n\n\n\n<p>El lunes 8 de julio, se celebr\u00f3 la Comisi\u00f3n Especial de Cuentas del Ejercicio 2023 para examinar, estudiar e informar de la Cuenta General anual del Presupuesto del Ajuntament de la Bisbal del Pened\u00e8s en cumplimiento de lo que disponen la Ley y el ROM.<\/p>\n\n\n\n<p>Las Cuentas del ejercicio 2023 quedaron aprobadas favorablemente y quedaron justificadas, con los siguientes votos:<\/p>\n\n\n\n<ul><li>\u2022Feliu Gil, en representaci\u00f3n de Comprom\u00eds amb la Bisbal (5 votos ponderados): a favor<\/li><li>\u2022Mart\u00edn Deluca, en representaci\u00f3n de La Bisbal Decideix (2 votos ponderados): abstenci\u00f3n<\/li><li>\u2022Maguy Antol\u00edn, en representaci\u00f3n de Tots som la Bisbal-Urbanizaciones Unidas (2 votos ponderados): en contra<\/li><li>Daniel Caballero, en representaci\u00f3n del PSC (1 voto ponderado): a favor<\/li><li>S\u00edlvia Monfort, en representaci\u00f3n de ERC (1 voto ponderado): a favor<\/li><\/ul>\n\n\n\n<p>La cuenta de 2023 ha estado expuesta al p\u00fablico hasta el mi\u00e9rcoles 7 de agosto, y no se han presentado alegaciones.<\/p>\n\n\n\n<p>En este enlace pueden encontrar un resumen de la Cuenta General del a\u00f1o 2023 aprobada durante la Comisi\u00f3n de Cuentas del pasado julio: <a href=\"https:\/\/bisbalpenedes.com\/web\/2024\/07\/09\/comissio-comptes-exercici-2023\/\">https:\/\/bisbalpenedes.com\/web\/2024\/07\/09\/comissio-comptes-exercici-2023\/<\/a><\/p>\n\n\n\n<p><strong>Punto 9. Aprobar el incremento retributivo del 2% (+0,5%) del personal laboral y funcionario, con efectos retroactivos del 1 de enero de 2024<\/strong><\/p>\n\n\n\n<p>Se aprob\u00f3 por unanimidad de los asistentes.<\/p>\n\n\n\n<p>Se aprob\u00f3 para el a\u00f1o 2024, con efectos de 1 de enero, un incremento de las retribuciones del personal al servicio del Ajuntament de la Bisbal del Pened\u00e8s del 2% de forma lineal respecto a las vigentes a 31 de diciembre de 2023. En estas \u00faltimas se incluyen los incrementos derivados de lo previsto en el art\u00edculo 19.Dos.2 de la Ley 31\/2022, de 23 de diciembre, de presupuestos generales del Estado para el a\u00f1o 2023 (incremento vinculado al IPCA y al PIB del ejercicio 2023). Este incremento se incluir\u00e1 en la n\u00f3mina del mes de agosto de 2024 y se aplicar\u00e1 sobre las retribuciones b\u00e1sicas, los trienios, los complementos de destino y las pagas extraordinarias, as\u00ed como sobre los complementos espec\u00edficos y los complementos de productividad; entendiendo que la aplicaci\u00f3n sobre las retribuciones b\u00e1sicas, los trienios, los complementos de destino y las pagas extraordinarias del personal funcionario son por mandato legal.<\/p>\n\n\n\n<p>El importe total de la aplicaci\u00f3n de este 2% es de 19.562,46\u20ac.<\/p>\n\n\n\n<p>El Pleno tambi\u00e9n aprob\u00f3 el incremento del 0,5% adicional de forma lineal para todos los empleados p\u00fablicos del Ajuntament, respecto a las retribuciones vigentes a 31 de diciembre de 2023, en id\u00e9nticos t\u00e9rminos que el apartado anterior, si se aprueba por Acuerdo del Consejo de Ministros, publicado en el BOE, el mencionado incremento derivado de que la suma de la variaci\u00f3n del IPCA de los a\u00f1os 2022, 2023 y 2024 supere el incremento retributivo fijo acumulado de 2022, 2023 y 2024. Ahora se ha aprobado, pero se aplicar\u00e1 en caso de que lo apruebe el Consejo de Ministros porque se den las circunstancias citadas.<\/p>\n","protected":false},"excerpt":{"rendered":"<p>El passat 13 d\u2019agost, a les 9h, es va celebrar un Ple extraordinari a l\u2019Ajuntament de la Bisbal del Pened\u00e8s. A l\u2019inici de la sessi\u00f3 es va excusar la pres\u00e8ncia &hellip; <a href=\"https:\/\/bisbalpenedes.com\/web\/2024\/08\/21\/el-passat-dimarts-13-dagost-es-va-celebrar-un-ple-extraordinari-a-lajuntament-de-la-bisbal-del-penedes\/\" class=\"more-link\">Read More<\/a><\/p>\n","protected":false},"author":4,"featured_media":31425,"comment_status":"closed","ping_status":"closed","sticky":false,"template":"","format":"standard","meta":[],"categories":[8,2251,2250],"tags":[459,393,1374,423],"_links":{"self":[{"href":"https:\/\/bisbalpenedes.com\/web\/wp-json\/wp\/v2\/posts\/31424"}],"collection":[{"href":"https:\/\/bisbalpenedes.com\/web\/wp-json\/wp\/v2\/posts"}],"about":[{"href":"https:\/\/bisbalpenedes.com\/web\/wp-json\/wp\/v2\/types\/post"}],"author":[{"embeddable":true,"href":"https:\/\/bisbalpenedes.com\/web\/wp-json\/wp\/v2\/users\/4"}],"replies":[{"embeddable":true,"href":"https:\/\/bisbalpenedes.com\/web\/wp-json\/wp\/v2\/comments?post=31424"}],"version-history":[{"count":9,"href":"https:\/\/bisbalpenedes.com\/web\/wp-json\/wp\/v2\/posts\/31424\/revisions"}],"predecessor-version":[{"id":31443,"href":"https:\/\/bisbalpenedes.com\/web\/wp-json\/wp\/v2\/posts\/31424\/revisions\/31443"}],"wp:featuredmedia":[{"embeddable":true,"href":"https:\/\/bisbalpenedes.com\/web\/wp-json\/wp\/v2\/media\/31425"}],"wp:attachment":[{"href":"https:\/\/bisbalpenedes.com\/web\/wp-json\/wp\/v2\/media?parent=31424"}],"wp:term":[{"taxonomy":"category","embeddable":true,"href":"https:\/\/bisbalpenedes.com\/web\/wp-json\/wp\/v2\/categories?post=31424"},{"taxonomy":"post_tag","embeddable":true,"href":"https:\/\/bisbalpenedes.com\/web\/wp-json\/wp\/v2\/tags?post=31424"}],"curies":[{"name":"wp","href":"https:\/\/api.w.org\/{rel}","templated":true}]}}