{"id":3142,"date":"2017-09-14T01:01:46","date_gmt":"2017-09-13T19:01:46","guid":{"rendered":"http:\/\/bisbalpenedes.com\/web\/?p=3142"},"modified":"2017-09-14T01:01:46","modified_gmt":"2017-09-13T19:01:46","slug":"la-regidoria-desports-engega-el-programa-posat-en-forma","status":"publish","type":"post","link":"https:\/\/bisbalpenedes.com\/web\/2017\/09\/14\/la-regidoria-desports-engega-el-programa-posat-en-forma\/","title":{"rendered":"La Regidoria d&#8217;Esports engega el programa &#8216;Posa&#8217;t en forma&#8217;"},"content":{"rendered":"<p>La Regidoria d\u2019Esports de l\u2019Ajuntament de la Bisbal engega el programa d\u2019activitat f\u00edsica \u201cPosa\u2019t en forma\u201d amb la finalitat d\u2019oferir una programaci\u00f3<\/p>\n<p>d\u2019activitat f\u00edsica variada. \u00a0S\u2019ofereixen les seg\u00fcents activitats: gimn\u00e0stica per a la gent gran, Zumba Fitness, Zumba step, tonificaci\u00f3, gimn\u00e0stica de manteniment, pilates, estirament i higiene postural.<\/p>\n<p>Les classes comen\u00e7aran el dilluns 2 d\u2019octubre i les inscripcions ja es poden realitzar a les oficines municipals fins al 22 de setembre.<\/p>\n<p><a href=\"http:\/\/bisbalpenedes.com\/web\/wp-content\/uploads\/2017\/09\/GIMNaSTICA-LA-BISBAL-2017.jpg\"><img loading=\"lazy\" class=\"aligncenter size-large wp-image-3144\" title=\"GIMNaSTICA LA BISBAL 2017\" src=\"http:\/\/bisbalpenedes.com\/web\/wp-content\/uploads\/2017\/09\/GIMNaSTICA-LA-BISBAL-2017-751x1024.jpg\" alt=\"\" width=\"630\" height=\"859\" srcset=\"https:\/\/bisbalpenedes.com\/web\/wp-content\/uploads\/2017\/09\/GIMNaSTICA-LA-BISBAL-2017-751x1024.jpg 751w, https:\/\/bisbalpenedes.com\/web\/wp-content\/uploads\/2017\/09\/GIMNaSTICA-LA-BISBAL-2017-600x818.jpg 600w, https:\/\/bisbalpenedes.com\/web\/wp-content\/uploads\/2017\/09\/GIMNaSTICA-LA-BISBAL-2017-220x300.jpg 220w, https:\/\/bisbalpenedes.com\/web\/wp-content\/uploads\/2017\/09\/GIMNaSTICA-LA-BISBAL-2017.jpg 1238w\" sizes=\"(max-width: 630px) 100vw, 630px\" \/><\/a><\/p>\n","protected":false},"excerpt":{"rendered":"<p>La Regidoria d\u2019Esports de l\u2019Ajuntament de la Bisbal engega el programa d\u2019activitat f\u00edsica \u201cPosa\u2019t en forma\u201d amb la finalitat d\u2019oferir una programaci\u00f3 d\u2019activitat f\u00edsica variada. \u00a0S\u2019ofereixen les seg\u00fcents activitats: gimn\u00e0stica &hellip; <a href=\"https:\/\/bisbalpenedes.com\/web\/2017\/09\/14\/la-regidoria-desports-engega-el-programa-posat-en-forma\/\" class=\"more-link\">Read More<\/a><\/p>\n","protected":false},"author":4,"featured_media":3144,"comment_status":"closed","ping_status":"closed","sticky":false,"template":"","format":"standard","meta":[],"categories":[19],"tags":[806,807,83,318,335,805,803,804,802],"_links":{"self":[{"href":"https:\/\/bisbalpenedes.com\/web\/wp-json\/wp\/v2\/posts\/3142"}],"collection":[{"href":"https:\/\/bisbalpenedes.com\/web\/wp-json\/wp\/v2\/posts"}],"about":[{"href":"https:\/\/bisbalpenedes.com\/web\/wp-json\/wp\/v2\/types\/post"}],"author":[{"embeddable":true,"href":"https:\/\/bisbalpenedes.com\/web\/wp-json\/wp\/v2\/users\/4"}],"replies":[{"embeddable":true,"href":"https:\/\/bisbalpenedes.com\/web\/wp-json\/wp\/v2\/comments?post=3142"}],"version-history":[{"count":2,"href":"https:\/\/bisbalpenedes.com\/web\/wp-json\/wp\/v2\/posts\/3142\/revisions"}],"predecessor-version":[{"id":3146,"href":"https:\/\/bisbalpenedes.com\/web\/wp-json\/wp\/v2\/posts\/3142\/revisions\/3146"}],"wp:featuredmedia":[{"embeddable":true,"href":"https:\/\/bisbalpenedes.com\/web\/wp-json\/wp\/v2\/media\/3144"}],"wp:attachment":[{"href":"https:\/\/bisbalpenedes.com\/web\/wp-json\/wp\/v2\/media?parent=3142"}],"wp:term":[{"taxonomy":"category","embeddable":true,"href":"https:\/\/bisbalpenedes.com\/web\/wp-json\/wp\/v2\/categories?post=3142"},{"taxonomy":"post_tag","embeddable":true,"href":"https:\/\/bisbalpenedes.com\/web\/wp-json\/wp\/v2\/tags?post=3142"}],"curies":[{"name":"wp","href":"https:\/\/api.w.org\/{rel}","templated":true}]}}