{"id":31404,"date":"2024-08-19T17:50:24","date_gmt":"2024-08-19T15:50:24","guid":{"rendered":"https:\/\/bisbalpenedes.com\/web\/?p=31404"},"modified":"2024-08-19T17:51:10","modified_gmt":"2024-08-19T15:51:10","slug":"lajuntament-de-la-bisbal-del-penedes-informa-negativament-les-sollicituds-de-modificacio-de-lautoritzacio-administrativa-previa-i-la-dautoritzacio-administrativa-de-construc","status":"publish","type":"post","link":"https:\/\/bisbalpenedes.com\/web\/2024\/08\/19\/lajuntament-de-la-bisbal-del-penedes-informa-negativament-les-sollicituds-de-modificacio-de-lautoritzacio-administrativa-previa-i-la-dautoritzacio-administrativa-de-construc\/","title":{"rendered":"<strong>L\u2019Ajuntament de la Bisbal del Pened\u00e8s informa negativament les sol\u00b7licituds de modificaci\u00f3 de l\u2019Autoritzaci\u00f3 administrativa pr\u00e8via i la d\u2019autoritzaci\u00f3 administrativa de construcci\u00f3 de la MAT i demana la nul\u00b7litat de la infraestructura de transport prevista<\/strong>"},"content":{"rendered":"\n<h4><strong>Aquest projecte suposa l\u2019estesa de 27 torres d\u2019alta tensi\u00f3 (MAT) al municipi<\/strong><\/h4>\n\n\n\n<p>L&#8217;Ajuntament de La Bisbal del Pened\u00e8s ha presentat una al\u00b7legaci\u00f3 contra la modificaci\u00f3 del projecte de construcci\u00f3 d&#8217;una l\u00ednia d&#8217;alta tensi\u00f3 (MAT) que afectaria el municipi. Aquesta decisi\u00f3 arriba despr\u00e9s que el passat 10 de juliol, l&#8217;\u00c0rea d&#8217;Ind\u00fastria i Energia de la Delegaci\u00f3 del Govern a Catalunya notifiqu\u00e9s a l&#8217;Ajuntament un termini de 30 dies h\u00e0bils per manifestar-se sobre les sol\u00b7licituds de modificaci\u00f3 de l&#8217;Autoritzaci\u00f3 administrativa pr\u00e8via i l&#8217;autoritzaci\u00f3 administrativa de construcci\u00f3 de diversos parcs fotovoltaics i e\u00f2lics, entre ells el Parc fotovoltaic Jaime I i els Parcs E\u00f2lics San Vicente, Lera i Honos.<\/p>\n\n\n\n<p>El projecte, que abasta les prov\u00edncies de Saragossa, Terol, Tarragona i Barcelona, amb una pot\u00e8ncia total de 174,7 MW, inclou la construcci\u00f3 d&#8217;infraestructures d&#8217;evacuaci\u00f3 fins a la SET Begues 400. A La Bisbal del Pened\u00e8s, el pla contempla la instal\u00b7laci\u00f3 de 27 torres d&#8217;alta tensi\u00f3.<\/p>\n\n\n\n<p>L&#8217;alcaldessa del municipi ha signat aquest dilluns 19 d&#8217;agost un Decret d&#8217;alcaldia informant negativament sobre les sol\u00b7licituds de modificaci\u00f3 del projecte i demanant la nul\u00b7litat de la infraestructura de transport prevista. Aquesta acci\u00f3 es produeix just abans que finalitzi el termini per presentar al\u00b7legacions, que conclou el dimecres 21 d&#8217;agost.<\/p>\n\n\n\n<p>Cal destacar que La Bisbal del Pened\u00e8s no est\u00e0 sola en aquesta oposici\u00f3. Juntament amb altres municipis catalans afectats per la MAT, s\u2019han encarregat informes t\u00e8cnics per refor\u00e7ar les seves posicions davant aquestes sol\u00b7licituds de modificaci\u00f3 del projecte.<\/p>\n\n\n\n<p>La decisi\u00f3 de l&#8217;Ajuntament posa de manifest la preocupaci\u00f3 local pels possibles impactes ambientals i socials d&#8217;aquesta infraestructura energ\u00e8tica de gran envergadura, que afectaria no nom\u00e9s La Bisbal del Pened\u00e8s, sin\u00f3 tamb\u00e9 nombrosos municipis de quatre prov\u00edncies diferents.<\/p>\n\n\n\n<p><strong>FA TRES ANYS QUE L&#8217;AJUNTAMENT DIU &#8220;NO A LA MAT&#8221;<\/strong><\/p>\n\n\n\n<p><strong>El juliol de 2021:<\/strong>&nbsp;L&#8217;Ajuntament de la Bisbal del Pened\u00e8s va rebre la notificaci\u00f3 d&#8217;un projecte per construir parcs e\u00f2lics a l&#8217;Arag\u00f3 i una l\u00ednia de molt alta tensi\u00f3 (MAT) per transportar l&#8217;energia. Aquesta l\u00ednia travessaria diverses comarques, incloent-hi la Bisbal del Pened\u00e8s, amb l&#8217;objectiu de subministrar energia a l&#8217;\u00e0rea metropolitana de Barcelona. El pla preveia 9.833,39 metres de l\u00ednia a\u00e8ria al municipi, amb 27 torres de fins a 70 metres d&#8217;al\u00e7ada.<\/p>\n\n\n\n<p><strong>El setembre de 2021:<\/strong>&nbsp;La Junta de Govern de l&#8217;Ajuntament va aprovar al\u00b7legacions en contra del projecte de la MAT Cl\u00faster Begues, promogut per l&#8217;empresa Forestalia. Aquestes al\u00b7legacions es basaven en informes t\u00e8cnics, jur\u00eddics i mediambientals, preparats per experts contractats pels ajuntaments i consells comarcals afectats, i tamb\u00e9 tenien en compte l&#8217;informe de l&#8217;enginyer municipal. Paral\u00b7lelament, la ciutadania va presentar m\u00e9s de 450 al\u00b7legacions individuals.<\/p>\n\n\n\n<p><strong>El mar\u00e7 de 2022:<\/strong>&nbsp;La Subdelegaci\u00f3 del Govern de Barcelona va notificar a l&#8217;Ajuntament les respostes de l&#8217;empresa Energ\u00edas renovables de Ormonde SL. a les al\u00b7legacions presentades. L&#8217;Ajuntament disposava de 15 dies per respondre. En la Junta de Govern de l&#8217;11 de mar\u00e7, es va decidir desestimar l&#8217;informe de l&#8217;empresa i ratificar els acords presos el setembre de 2021, mantenint aix\u00ed la seva oposici\u00f3 al projecte.<\/p>\n\n\n\n<p><strong>L&#8217;agost de 2023:<\/strong>&nbsp;L&#8217;alcaldessa va signar un Decret d&#8217;alcaldia per interposar un recurs d&#8217;al\u00e7ada contra la Resoluci\u00f3 de juliol de la Direcci\u00f3n General de Pol\u00edtica Energ\u00e9tica y Minas. Aquesta resoluci\u00f3 havia atorgat a Energ\u00edas Renovables de Ormonde 36, S.L. l&#8217;autoritzaci\u00f3 administrativa pr\u00e8via per a la instal\u00b7laci\u00f3 fotovoltaica Jaime I, de 40 MW de pot\u00e8ncia pic i 38,2 MW de pot\u00e8ncia instal\u00b7lada, aix\u00ed com les seves infraestructures d&#8217;evacuaci\u00f3, que afectarien municipis de Saragossa, Terol, Tarragona i Barcelona.<\/p>\n\n\n\n<p>Aquesta cronologia demostra la consistent i ferma oposici\u00f3 de l&#8217;Ajuntament de la Bisbal del Pened\u00e8s al projecte de la MAT durant els darrers tres anys, utilitzant tots els mitjans administratius i legals al seu abast per defensar els interessos del municipi.<\/p>\n\n\n\n<hr class=\"wp-block-separator has-alpha-channel-opacity\"\/>\n\n\n\n<h1><strong>El Ajuntament de La Bisbal del Pened\u00e8s informa desfavorablemente sobre las solicitudes de modificaci\u00f3n de la Autorizaci\u00f3n administrativa previa y la de autorizaci\u00f3n administrativa de construcci\u00f3n de la MAT y solicita la nulidad de la infraestructura de transporte prevista<\/strong><\/h1>\n\n\n\n<h2><strong>Este proyecto supone la instalaci\u00f3n de 27 torres de alta tensi\u00f3n (MAT) en el municipio<\/strong><\/h2>\n\n\n\n<p>El Ajuntament de La Bisbal del Pened\u00e8s ha presentado una alegaci\u00f3n contra la modificaci\u00f3n del proyecto de construcci\u00f3n de una l\u00ednea de alta tensi\u00f3n (MAT) que afectar\u00eda al municipio. Esta decisi\u00f3n llega despu\u00e9s de que el pasado 10 de julio, el \u00c1rea de Industria y Energ\u00eda de la Delegaci\u00f3n del Gobierno en Catalu\u00f1a notificara al Ajuntament un plazo de 30 d\u00edas h\u00e1biles para manifestarse sobre las solicitudes de modificaci\u00f3n de la Autorizaci\u00f3n administrativa previa y la autorizaci\u00f3n administrativa de construcci\u00f3n de varios parques fotovoltaicos y e\u00f3licos, entre ellos el Parque fotovoltaico Jaime I y los Parques E\u00f3licos San Vicente, Lera y Honos.<\/p>\n\n\n\n<p>El proyecto, que abarca las provincias de Zaragoza, Teruel, Tarragona y Barcelona, con una potencia total de 174,7 MW, incluye la construcci\u00f3n de infraestructuras de evacuaci\u00f3n hasta la SET Begues 400. En La Bisbal del Pened\u00e8s, el plan contempla la instalaci\u00f3n de 27 torres de alta tensi\u00f3n.<\/p>\n\n\n\n<p>La alcaldesa del municipio ha firmado este lunes 19 de agosto un Decreto de alcald\u00eda informando desfavorablemente sobre las solicitudes de modificaci\u00f3n del proyecto y solicitando la nulidad de la infraestructura de transporte prevista. Esta acci\u00f3n se produce justo antes de que finalice el plazo para presentar alegaciones, que concluye el mi\u00e9rcoles 21 de agosto.<\/p>\n\n\n\n<p>Cabe destacar que La Bisbal del Pened\u00e8s no est\u00e1 sola en esta oposici\u00f3n. Junto con otros municipios catalanes afectados por la MAT, se han encargado informes t\u00e9cnicos para reforzar sus posiciones ante estas solicitudes de modificaci\u00f3n del proyecto.<\/p>\n\n\n\n<p>La decisi\u00f3n del Ajuntament pone de manifiesto la preocupaci\u00f3n local por los posibles impactos ambientales y sociales de esta infraestructura energ\u00e9tica de gran envergadura, que afectar\u00eda no solo a La Bisbal del Pened\u00e8s, sino tambi\u00e9n a numerosos municipios de cuatro provincias diferentes.<\/p>\n\n\n\n<p><strong>HACE TRES A\u00d1OS QUE EL AJUNTAMENT DICE &#8220;NO A LA MAT&#8221;<\/strong><\/p>\n\n\n\n<p><strong>Julio de 2021:<\/strong>&nbsp;El Ajuntament de La Bisbal del Pened\u00e8s recibi\u00f3 la notificaci\u00f3n de un proyecto para construir parques e\u00f3licos en Arag\u00f3n y una l\u00ednea de muy alta tensi\u00f3n (MAT) para transportar la energ\u00eda. Esta l\u00ednea atravesar\u00eda diversas comarcas, incluyendo La Bisbal del Pened\u00e8s, con el objetivo de suministrar energ\u00eda al \u00e1rea metropolitana de Barcelona. El plan preve\u00eda 9.833,39 metros de l\u00ednea a\u00e9rea en el municipio, con 27 torres de hasta 70 metros de altura.<\/p>\n\n\n\n<p><strong>Septiembre de 2021:<\/strong>&nbsp;La Junta de Gobierno del Ajuntament aprob\u00f3 alegaciones en contra del proyecto de la MAT Cl\u00faster Begues, promovido por la empresa Forestalia. Estas alegaciones se basaban en informes t\u00e9cnicos, jur\u00eddicos y medioambientales, preparados por expertos contratados por los ajuntaments y consells consejos comarcales afectados, y tambi\u00e9n ten\u00edan en cuenta el informe del ingeniero municipal. Paralelamente, la ciudadan\u00eda present\u00f3 m\u00e1s de 450 alegaciones individuales.<\/p>\n\n\n\n<p><strong>Marzo de 2022:<\/strong>&nbsp;La Subdelegaci\u00f3n del Gobierno de Barcelona notific\u00f3 al Ajuntament las respuestas de la empresa Energ\u00edas renovables de Ormonde SL. a las alegaciones presentadas. El Ajuntament dispon\u00eda de 15 d\u00edas para responder. En la Junta de Gobierno del 11 de marzo, se decidi\u00f3 desestimar el informe de la empresa y ratificar los acuerdos tomados en septiembre de 2021, manteniendo as\u00ed su oposici\u00f3n al proyecto.<\/p>\n\n\n\n<p><strong>Agosto de 2023:<\/strong>&nbsp;La alcaldesa firm\u00f3 un Decreto de alcald\u00eda para interponer un recurso de alzada contra la Resoluci\u00f3n de julio de la Direcci\u00f3n General de Pol\u00edtica Energ\u00e9tica y Minas. Esta resoluci\u00f3n hab\u00eda otorgado a Energ\u00edas Renovables de Ormonde 36, S.L. la autorizaci\u00f3n administrativa previa para la instalaci\u00f3n fotovoltaica Jaime I, de 40 MW de potencia pico y 38,2 MW de potencia instalada, as\u00ed como sus infraestructuras de evacuaci\u00f3n, que afectar\u00edan a municipios de Zaragoza, Teruel, Tarragona y Barcelona.<\/p>\n\n\n\n<p>Esta cronolog\u00eda demuestra la consistente y firme oposici\u00f3n del Ajuntament de La Bisbal del Pened\u00e8s al proyecto de la MAT durante los \u00faltimos tres a\u00f1os, utilizando todos los medios administrativos y legales a su alcance para defender los intereses del municipio.<\/p>\n","protected":false},"excerpt":{"rendered":"<p>Aquest projecte suposa l\u2019estesa de 27 torres d\u2019alta tensi\u00f3 (MAT) al municipi L&#8217;Ajuntament de La Bisbal del Pened\u00e8s ha presentat una al\u00b7legaci\u00f3 contra la modificaci\u00f3 del projecte de construcci\u00f3 d&#8217;una &hellip; <a href=\"https:\/\/bisbalpenedes.com\/web\/2024\/08\/19\/lajuntament-de-la-bisbal-del-penedes-informa-negativament-les-sollicituds-de-modificacio-de-lautoritzacio-administrativa-previa-i-la-dautoritzacio-administrativa-de-construc\/\" class=\"more-link\">Read More<\/a><\/p>\n","protected":false},"author":4,"featured_media":31405,"comment_status":"closed","ping_status":"closed","sticky":false,"template":"","format":"standard","meta":[],"categories":[2402,2057,8],"tags":[393,4761],"_links":{"self":[{"href":"https:\/\/bisbalpenedes.com\/web\/wp-json\/wp\/v2\/posts\/31404"}],"collection":[{"href":"https:\/\/bisbalpenedes.com\/web\/wp-json\/wp\/v2\/posts"}],"about":[{"href":"https:\/\/bisbalpenedes.com\/web\/wp-json\/wp\/v2\/types\/post"}],"author":[{"embeddable":true,"href":"https:\/\/bisbalpenedes.com\/web\/wp-json\/wp\/v2\/users\/4"}],"replies":[{"embeddable":true,"href":"https:\/\/bisbalpenedes.com\/web\/wp-json\/wp\/v2\/comments?post=31404"}],"version-history":[{"count":2,"href":"https:\/\/bisbalpenedes.com\/web\/wp-json\/wp\/v2\/posts\/31404\/revisions"}],"predecessor-version":[{"id":31407,"href":"https:\/\/bisbalpenedes.com\/web\/wp-json\/wp\/v2\/posts\/31404\/revisions\/31407"}],"wp:featuredmedia":[{"embeddable":true,"href":"https:\/\/bisbalpenedes.com\/web\/wp-json\/wp\/v2\/media\/31405"}],"wp:attachment":[{"href":"https:\/\/bisbalpenedes.com\/web\/wp-json\/wp\/v2\/media?parent=31404"}],"wp:term":[{"taxonomy":"category","embeddable":true,"href":"https:\/\/bisbalpenedes.com\/web\/wp-json\/wp\/v2\/categories?post=31404"},{"taxonomy":"post_tag","embeddable":true,"href":"https:\/\/bisbalpenedes.com\/web\/wp-json\/wp\/v2\/tags?post=31404"}],"curies":[{"name":"wp","href":"https:\/\/api.w.org\/{rel}","templated":true}]}}