{"id":31400,"date":"2024-08-19T14:05:04","date_gmt":"2024-08-19T12:05:04","guid":{"rendered":"https:\/\/bisbalpenedes.com\/web\/?p=31400"},"modified":"2024-08-19T14:05:04","modified_gmt":"2024-08-19T12:05:04","slug":"relacio-provisional-daspirants-admesos-i-exclosos-per-a-la-provisio-duna-placa-de-tecnic-a-deducacio-infantil","status":"publish","type":"post","link":"https:\/\/bisbalpenedes.com\/web\/2024\/08\/19\/relacio-provisional-daspirants-admesos-i-exclosos-per-a-la-provisio-duna-placa-de-tecnic-a-deducacio-infantil\/","title":{"rendered":"Relaci\u00f3 provisional d\u2019aspirants admesos i exclosos per a la provisi\u00f3 d&#8217;una pla\u00e7a de t\u00e8cnic\/a d&#8217;Educaci\u00f3 infantil"},"content":{"rendered":"\n<p>El passat 16 d\u2019agost es va publicar la Relaci\u00f3 provisional d\u2019aspirants admesos i exclosos al proc\u00e9s selectiu, mitjan\u00e7ant concurs-oposici\u00f3, per a la provisi\u00f3 d\u2019una pla\u00e7a de t\u00e8cnic\/a d\u2019Educaci\u00f3 Infantil, subgrup C1, en r\u00e8gim laboral fix.<br>Podeu consultar la informaci\u00f3 al Tauler d\u2019anuncis:&nbsp;<a href=\"https:\/\/bisbalpenedes.eadministracio.cat\/info.1\" target=\"_blank\" rel=\"noreferrer noopener\">https:\/\/bisbalpenedes.eadministracio.cat\/info.1<\/a><\/p>\n\n\n\n<hr class=\"wp-block-separator has-alpha-channel-opacity\"\/>\n\n\n\n<p>El pasado 16 de agosto se public\u00f3 la Relaci\u00f3n provisional de aspirantes admitidos y excluidos en el proceso selectivo, mediante concurso-oposici\u00f3n, para la provisi\u00f3n de una plaza de t\u00e9cnico\/a de Educaci\u00f3n Infantil, subgrupo C1, en r\u00e9gimen laboral fijo.<\/p>\n\n\n\n<p>Pod\u00e9is consultar la informaci\u00f3n en el Tabl\u00f3n de anuncios:&nbsp;<a href=\"https:\/\/bisbalpenedes.eadministracio.cat\/info.1\" target=\"_blank\" rel=\"noreferrer noopener\">https:\/\/bisbalpenedes.eadministracio.cat\/info.1<\/a><\/p>\n","protected":false},"excerpt":{"rendered":"<p>El passat 16 d\u2019agost es va publicar la Relaci\u00f3 provisional d\u2019aspirants admesos i exclosos al proc\u00e9s selectiu, mitjan\u00e7ant concurs-oposici\u00f3, per a la provisi\u00f3 d\u2019una pla\u00e7a de t\u00e8cnic\/a d\u2019Educaci\u00f3 Infantil, subgrup &hellip; <a href=\"https:\/\/bisbalpenedes.com\/web\/2024\/08\/19\/relacio-provisional-daspirants-admesos-i-exclosos-per-a-la-provisio-duna-placa-de-tecnic-a-deducacio-infantil\/\" class=\"more-link\">Read More<\/a><\/p>\n","protected":false},"author":4,"featured_media":31401,"comment_status":"closed","ping_status":"closed","sticky":false,"template":"","format":"standard","meta":[],"categories":[3456,8],"tags":[6806,862,6807,272],"_links":{"self":[{"href":"https:\/\/bisbalpenedes.com\/web\/wp-json\/wp\/v2\/posts\/31400"}],"collection":[{"href":"https:\/\/bisbalpenedes.com\/web\/wp-json\/wp\/v2\/posts"}],"about":[{"href":"https:\/\/bisbalpenedes.com\/web\/wp-json\/wp\/v2\/types\/post"}],"author":[{"embeddable":true,"href":"https:\/\/bisbalpenedes.com\/web\/wp-json\/wp\/v2\/users\/4"}],"replies":[{"embeddable":true,"href":"https:\/\/bisbalpenedes.com\/web\/wp-json\/wp\/v2\/comments?post=31400"}],"version-history":[{"count":1,"href":"https:\/\/bisbalpenedes.com\/web\/wp-json\/wp\/v2\/posts\/31400\/revisions"}],"predecessor-version":[{"id":31402,"href":"https:\/\/bisbalpenedes.com\/web\/wp-json\/wp\/v2\/posts\/31400\/revisions\/31402"}],"wp:featuredmedia":[{"embeddable":true,"href":"https:\/\/bisbalpenedes.com\/web\/wp-json\/wp\/v2\/media\/31401"}],"wp:attachment":[{"href":"https:\/\/bisbalpenedes.com\/web\/wp-json\/wp\/v2\/media?parent=31400"}],"wp:term":[{"taxonomy":"category","embeddable":true,"href":"https:\/\/bisbalpenedes.com\/web\/wp-json\/wp\/v2\/categories?post=31400"},{"taxonomy":"post_tag","embeddable":true,"href":"https:\/\/bisbalpenedes.com\/web\/wp-json\/wp\/v2\/tags?post=31400"}],"curies":[{"name":"wp","href":"https:\/\/api.w.org\/{rel}","templated":true}]}}