{"id":314,"date":"2012-11-22T00:25:59","date_gmt":"2012-11-21T18:25:59","guid":{"rendered":"http:\/\/bisbalpenedes.com\/web\/?p=314"},"modified":"2012-11-22T00:30:11","modified_gmt":"2012-11-21T18:30:11","slug":"modificacio-del-transport-urba-i-escolar-per-les-obres-a-la-c-51","status":"publish","type":"post","link":"https:\/\/bisbalpenedes.com\/web\/2012\/11\/22\/modificacio-del-transport-urba-i-escolar-per-les-obres-a-la-c-51\/","title":{"rendered":"Modificaci\u00f3 del transport urb\u00e0 i escolar per les obres a la C-51"},"content":{"rendered":"<p>Degut a les obres realitzades pel Departament de Carreteres de la Generalitat informem a tots els veins de Can Gordei, que mentre durin les obres,<br \/>\n<strong>L\u2019acc\u00e9s a la carretera pel carrer Segre (Masia) estar\u00e0 tallat.<\/strong><\/p>\n<p>TRANSPORT URB\u00c0<br \/>\n<strong>La Parada del Bus urb\u00e0 del Carrer Gaia-Francol\u00ed queda anul\u00b7lada<br \/>\n<\/strong><br \/>\nTRANSPORT ESCOLAR<br \/>\n<strong>Provisionalment la \u00fanica parada del transport escolar  ser\u00e0 a l\u2019inici del Carrer Garona al costat de la carretera<\/strong><\/p>\n<p><a href=\"http:\/\/bisbalpenedes.com\/web\/wp-content\/uploads\/2012\/11\/carretera_mapa.jpg\"><img loading=\"lazy\" src=\"http:\/\/bisbalpenedes.com\/web\/wp-content\/uploads\/2012\/11\/carretera_mapa-300x161.jpg\" alt=\"\" title=\"carretera_mapa\" width=\"300\" height=\"161\" class=\"aligncenter size-medium wp-image-317\" srcset=\"https:\/\/bisbalpenedes.com\/web\/wp-content\/uploads\/2012\/11\/carretera_mapa-300x161.jpg 300w, https:\/\/bisbalpenedes.com\/web\/wp-content\/uploads\/2012\/11\/carretera_mapa-600x323.jpg 600w, https:\/\/bisbalpenedes.com\/web\/wp-content\/uploads\/2012\/11\/carretera_mapa.jpg 1000w\" sizes=\"(max-width: 300px) 100vw, 300px\" \/><\/a><\/p>\n<p>Degut aquestes obres, tamb\u00e9 informem a tots els ve\u00efns de la Miralba que el transport urb\u00e0 i el transport escolar es veur\u00e0  afectat i es per aix\u00f2 que mentre durin les obres,<br \/>\n<strong>Es demana a les persones que facin us del  Transport urb\u00e0 o Transport escolar que estiguin 5 minuts abans a la parada del Bus<\/strong><\/p>\n<p>Us preguem la m\u00e0xima puntualitat. Disculpeu les mol\u00e9sties<\/p>\n","protected":false},"excerpt":{"rendered":"<p>Degut a les obres realitzades pel Departament de Carreteres de la Generalitat informem a tots els veins de Can Gordei, que mentre durin les obres, L\u2019acc\u00e9s a la carretera pel &hellip; <a href=\"https:\/\/bisbalpenedes.com\/web\/2012\/11\/22\/modificacio-del-transport-urba-i-escolar-per-les-obres-a-la-c-51\/\" class=\"more-link\">Read More<\/a><\/p>\n","protected":false},"author":1,"featured_media":315,"comment_status":"closed","ping_status":"open","sticky":false,"template":"","format":"standard","meta":[],"categories":[4,8],"tags":[34,21],"_links":{"self":[{"href":"https:\/\/bisbalpenedes.com\/web\/wp-json\/wp\/v2\/posts\/314"}],"collection":[{"href":"https:\/\/bisbalpenedes.com\/web\/wp-json\/wp\/v2\/posts"}],"about":[{"href":"https:\/\/bisbalpenedes.com\/web\/wp-json\/wp\/v2\/types\/post"}],"author":[{"embeddable":true,"href":"https:\/\/bisbalpenedes.com\/web\/wp-json\/wp\/v2\/users\/1"}],"replies":[{"embeddable":true,"href":"https:\/\/bisbalpenedes.com\/web\/wp-json\/wp\/v2\/comments?post=314"}],"version-history":[{"count":6,"href":"https:\/\/bisbalpenedes.com\/web\/wp-json\/wp\/v2\/posts\/314\/revisions"}],"predecessor-version":[{"id":322,"href":"https:\/\/bisbalpenedes.com\/web\/wp-json\/wp\/v2\/posts\/314\/revisions\/322"}],"wp:featuredmedia":[{"embeddable":true,"href":"https:\/\/bisbalpenedes.com\/web\/wp-json\/wp\/v2\/media\/315"}],"wp:attachment":[{"href":"https:\/\/bisbalpenedes.com\/web\/wp-json\/wp\/v2\/media?parent=314"}],"wp:term":[{"taxonomy":"category","embeddable":true,"href":"https:\/\/bisbalpenedes.com\/web\/wp-json\/wp\/v2\/categories?post=314"},{"taxonomy":"post_tag","embeddable":true,"href":"https:\/\/bisbalpenedes.com\/web\/wp-json\/wp\/v2\/tags?post=314"}],"curies":[{"name":"wp","href":"https:\/\/api.w.org\/{rel}","templated":true}]}}