{"id":31386,"date":"2024-08-11T13:10:15","date_gmt":"2024-08-11T11:10:15","guid":{"rendered":"https:\/\/bisbalpenedes.com\/web\/?p=31386"},"modified":"2024-08-11T13:10:15","modified_gmt":"2024-08-11T11:10:15","slug":"lajuntament-de-la-bisbal-del-penedes-finalitza-el-proces-destabilitzacio-del-personal-municipal-amb-la-presa-de-possessio-del-sr-adria-calbet-a-la-placa-dinformador-de-ca","status":"publish","type":"post","link":"https:\/\/bisbalpenedes.com\/web\/2024\/08\/11\/lajuntament-de-la-bisbal-del-penedes-finalitza-el-proces-destabilitzacio-del-personal-municipal-amb-la-presa-de-possessio-del-sr-adria-calbet-a-la-placa-dinformador-de-ca\/","title":{"rendered":"<strong>L\u2019Ajuntament de La Bisbal del Pened\u00e8s finalitza el proc\u00e9s d\u2019estabilitzaci\u00f3 del personal municipal, amb la presa de possessi\u00f3 del Sr. Adri\u00e0 Calbet, a la pla\u00e7a d\u2019informador de carrer<\/strong>"},"content":{"rendered":"\n<p>Aquest dissabte 10 d\u2019agost, el Sr. Adri\u00e0 Calbet Choy ha pres possessi\u00f3 de la pla\u00e7a d\u2019informador de carrer, en r\u00e8gim de funcionari inter\u00ed amb horari parcial, segons el Decret d\u2019alcaldia de l\u20191 d\u2019agost.<\/p>\n\n\n\n<p>L\u2019horari de treball \u00e9s dels caps de setmana, i les funcions d\u2019aquesta pla\u00e7a s\u00f3n les seg\u00fcents:<\/p>\n\n\n\n<ul><li>Atenci\u00f3 al p\u00fablic.<\/li><li>Campanyes informatives i de sensibilitzaci\u00f3 destinades al ve\u00efnat sobre temes diversos d\u2019inter\u00e8s municipal.<\/li><li>Suport a les tasques de vigil\u00e0ncia i inspecci\u00f3 de l\u2019espai p\u00fablic.<\/li><li>Suport i col\u00b7laboraci\u00f3 amb la resta de serveis municipals.<\/li><li>Qualsevol altra funci\u00f3 que li sigui encomanada d\u2019acord amb el seu nivell de titulaci\u00f3 i grup de classificaci\u00f3 professional.<\/li><\/ul>\n\n\n\n<p>Un total d\u201911 persones van presentar-se a la convocat\u00f2ria de la pla\u00e7a de cust\u00f2dia d\u2019edificis municipals, en el marc del proc\u00e9s d\u2019estabilitzaci\u00f3 de l\u2019ocupaci\u00f3 temporal de l\u2019Ajuntament de la Bisbal del Pened\u00e8s.<\/p>\n\n\n\n<p>Amb aquesta pla\u00e7a, l\u2019Ajuntament acaba el proc\u00e9s d\u2019estabilitzaci\u00f3 del personal laboral i funcionari, que va comen\u00e7ar el 2021 d\u2019acord amb Reial decret llei 14\/2021, del 6 de juliol, de mesures urgents per a la reducci\u00f3 de la temporalitat en l\u2019ocupaci\u00f3 p\u00fablica.<\/p>\n\n\n\n<p>Aquest Decret defineix que els processos d\u2019estabilitzaci\u00f3 han de finalitzar abans del 31 de desembre de 2024.<\/p>\n\n\n\n<p>L\u2019Ajuntament acaba abans d\u2019acabar el termini, havent estabilitzat 5 places de personal funcionari i 14 places de personal laboral.<\/p>\n\n\n\n<hr class=\"wp-block-separator has-alpha-channel-opacity\"\/>\n\n\n\n<h2><strong>El Ajuntament de La Bisbal del Pened\u00e8s finaliza el proceso de estabilizaci\u00f3n del personal municipal, con la toma de posesi\u00f3n del Sr. Adri\u00e0 Calbet, en la plaza de informador de calle<\/strong><\/h2>\n\n\n\n<p>Este s\u00e1bado 10 de agosto, el Sr. Adri\u00e0 Calbet Choy ha tomado posesi\u00f3n de la plaza de informador de calle, en r\u00e9gimen de funcionario interino con horario parcial, seg\u00fan el Decreto de alcald\u00eda del 1 de agosto.<\/p>\n\n\n\n<p>El horario de trabajo es de fines de semana, y las funciones de esta plaza son las siguientes:<\/p>\n\n\n\n<p>Atenci\u00f3n al p\u00fablico.<\/p>\n\n\n\n<ul><li>Campa\u00f1as informativas y de sensibilizaci\u00f3n destinadas al vecindario sobre temas diversos de inter\u00e9s municipal.<\/li><li>Apoyo a las tareas de vigilancia e inspecci\u00f3n del espacio p\u00fablico.<\/li><li>Apoyo y colaboraci\u00f3n con el resto de servicios municipales.<\/li><li>Cualquier otra funci\u00f3n que le sea encomendada de acuerdo con su nivel de titulaci\u00f3n y grupo de clasificaci\u00f3n profesional.<\/li><\/ul>\n\n\n\n<p>Un total de 11 personas se presentaron a la convocatoria de la plaza de custodia de edificios municipales, en el marco del proceso de estabilizaci\u00f3n del empleo temporal del Ajuntament de la Bisbal del Pened\u00e8s.<\/p>\n\n\n\n<p>Con esta plaza, el Ajuntament termina el proceso de estabilizaci\u00f3n del personal laboral y funcionario, que comenz\u00f3 en 2021 de acuerdo con el Real Decreto Ley 14\/2021, del 6 de julio, de medidas urgentes para la reducci\u00f3n de la temporalidad en el empleo p\u00fablico.<\/p>\n\n\n\n<p>Este Decreto define que los procesos de estabilizaci\u00f3n deben finalizar antes del 31 de diciembre de 2024.<\/p>\n\n\n\n<p>El Ajuntament termina antes de acabar el plazo, habiendo estabilizado 5 plazas de personal funcionario y 14 plazas de personal laboral.<\/p>\n","protected":false},"excerpt":{"rendered":"<p>Aquest dissabte 10 d\u2019agost, el Sr. Adri\u00e0 Calbet Choy ha pres possessi\u00f3 de la pla\u00e7a d\u2019informador de carrer, en r\u00e8gim de funcionari inter\u00ed amb horari parcial, segons el Decret d\u2019alcaldia &hellip; <a href=\"https:\/\/bisbalpenedes.com\/web\/2024\/08\/11\/lajuntament-de-la-bisbal-del-penedes-finalitza-el-proces-destabilitzacio-del-personal-municipal-amb-la-presa-de-possessio-del-sr-adria-calbet-a-la-placa-dinformador-de-ca\/\" class=\"more-link\">Read More<\/a><\/p>\n","protected":false},"author":4,"featured_media":31387,"comment_status":"closed","ping_status":"closed","sticky":false,"template":"","format":"standard","meta":[],"categories":[2057,8],"tags":[6805,459,5699,5845,5596,1374],"_links":{"self":[{"href":"https:\/\/bisbalpenedes.com\/web\/wp-json\/wp\/v2\/posts\/31386"}],"collection":[{"href":"https:\/\/bisbalpenedes.com\/web\/wp-json\/wp\/v2\/posts"}],"about":[{"href":"https:\/\/bisbalpenedes.com\/web\/wp-json\/wp\/v2\/types\/post"}],"author":[{"embeddable":true,"href":"https:\/\/bisbalpenedes.com\/web\/wp-json\/wp\/v2\/users\/4"}],"replies":[{"embeddable":true,"href":"https:\/\/bisbalpenedes.com\/web\/wp-json\/wp\/v2\/comments?post=31386"}],"version-history":[{"count":1,"href":"https:\/\/bisbalpenedes.com\/web\/wp-json\/wp\/v2\/posts\/31386\/revisions"}],"predecessor-version":[{"id":31388,"href":"https:\/\/bisbalpenedes.com\/web\/wp-json\/wp\/v2\/posts\/31386\/revisions\/31388"}],"wp:featuredmedia":[{"embeddable":true,"href":"https:\/\/bisbalpenedes.com\/web\/wp-json\/wp\/v2\/media\/31387"}],"wp:attachment":[{"href":"https:\/\/bisbalpenedes.com\/web\/wp-json\/wp\/v2\/media?parent=31386"}],"wp:term":[{"taxonomy":"category","embeddable":true,"href":"https:\/\/bisbalpenedes.com\/web\/wp-json\/wp\/v2\/categories?post=31386"},{"taxonomy":"post_tag","embeddable":true,"href":"https:\/\/bisbalpenedes.com\/web\/wp-json\/wp\/v2\/tags?post=31386"}],"curies":[{"name":"wp","href":"https:\/\/api.w.org\/{rel}","templated":true}]}}