{"id":31376,"date":"2024-08-12T07:00:00","date_gmt":"2024-08-12T05:00:00","guid":{"rendered":"https:\/\/bisbalpenedes.com\/web\/?p=31376"},"modified":"2024-08-09T17:10:32","modified_gmt":"2024-08-09T15:10:32","slug":"el-tram-de-lavinguda-baix-penedes-del-davant-de-lenvelat-sera-nomes-per-a-vianants-durant-la-festa-major-2024","status":"publish","type":"post","link":"https:\/\/bisbalpenedes.com\/web\/2024\/08\/12\/el-tram-de-lavinguda-baix-penedes-del-davant-de-lenvelat-sera-nomes-per-a-vianants-durant-la-festa-major-2024\/","title":{"rendered":"El tram de l\u2019avinguda Baix Pened\u00e8s del davant de l\u2019envelat ser\u00e0 nom\u00e9s per a vianants durant la Festa Major 2024"},"content":{"rendered":"\n<p>L\u2019Ajuntament de la Bisbal del Pened\u00e8s treballa amb l\u2019objectiu d\u2019extremar la seguretat i evitar mol\u00e8sties al ve\u00efnat, tant el de dins com el de fora de l\u2019envelat. Per aquest motiu, l\u2019acc\u00e9s a vehicles a l\u2019avinguda Baix Pened\u00e8s, entre la S\u00ednia i l\u2019Era de Batre, estar\u00e0 tancat els seg\u00fcents dies i hores:<\/p>\n\n\n\n<ul><li>Del dimecres 14 d\u2019agost a les 21h fins a les 6h del dijous 15 d\u2019agost<\/li><li>Del dijous 15 d\u2019agost a les 21h fins que s\u2019acabi el ball de nit<\/li><li>Del divendres 16 d\u2019agost a les 22h fins a les 6h del dissabte 17 d\u2019agost<\/li><li>Del dissabte 17 d\u2019agost a les 21h fins a les 6 del diumenge 18 d\u2019agost<\/li><li>Del diumenge 18 d\u2019agost a les 17.30h fins que s\u2019acabi l\u2019actuaci\u00f3 del dj<\/li><li>Del dilluns 19 d\u2019agost a les 21h fins a les 4h del dimarts 20 d\u2019agost<\/li><\/ul>\n\n\n\n<p>L\u2019aparcament principal de la Festa Major \u00e9s el que hi ha al darrere del camp de futbol municipal i comptar\u00e0 amb focus per facilitar-hi l\u2019acc\u00e9s.<\/p>\n\n\n\n<hr class=\"wp-block-separator has-alpha-channel-opacity\"\/>\n\n\n\n<p><strong>CASTELLANO |<\/strong> El Ajuntament de la Bisbal del Pened\u00e8s trabaja con el objetivo de extremar la seguridad y evitar molestias al vecindario, tanto el de dentro como el de fuera de la carpa. Por este motivo, el acceso a veh\u00edculos en la avenida Baix Pened\u00e8s, entre la S\u00ednia y la Era de Batre, estar\u00e1 cerrado los siguientes d\u00edas y horas:<\/p>\n\n\n\n<ul><li>Del mi\u00e9rcoles 14 de agosto a las 21h hasta las 6h del jueves 15 de agosto<\/li><li>Del jueves 15 de agosto a las 21h hasta que termine el baile de noche<\/li><li>Del viernes 16 de agosto a las 22h hasta las 6h del s\u00e1bado 17 de agosto<\/li><li>Del s\u00e1bado 17 de agosto a las 21h hasta las 6 del domingo 18 de agosto<\/li><li>Del domingo 18 de agosto a las 17.30h hasta que termine la actuaci\u00f3n del dj<\/li><li>Del lunes 19 de agosto a las 21h hasta las 4h del martes 20 de agosto<\/li><\/ul>\n\n\n\n<p>El aparcamiento principal de la Fiesta Mayor es el que hay detr\u00e1s del campo de f\u00fatbol municipal y contar\u00e1 con focos para facilitar el acceso.<\/p>\n","protected":false},"excerpt":{"rendered":"<p>L\u2019Ajuntament de la Bisbal del Pened\u00e8s treballa amb l\u2019objectiu d\u2019extremar la seguretat i evitar mol\u00e8sties al ve\u00efnat, tant el de dins com el de fora de l\u2019envelat. Per aquest motiu, &hellip; <a href=\"https:\/\/bisbalpenedes.com\/web\/2024\/08\/12\/el-tram-de-lavinguda-baix-penedes-del-davant-de-lenvelat-sera-nomes-per-a-vianants-durant-la-festa-major-2024\/\" class=\"more-link\">Read More<\/a><\/p>\n","protected":false},"author":4,"featured_media":31377,"comment_status":"closed","ping_status":"closed","sticky":false,"template":"","format":"standard","meta":[],"categories":[8],"tags":[330,459,1334,280,4694,393],"_links":{"self":[{"href":"https:\/\/bisbalpenedes.com\/web\/wp-json\/wp\/v2\/posts\/31376"}],"collection":[{"href":"https:\/\/bisbalpenedes.com\/web\/wp-json\/wp\/v2\/posts"}],"about":[{"href":"https:\/\/bisbalpenedes.com\/web\/wp-json\/wp\/v2\/types\/post"}],"author":[{"embeddable":true,"href":"https:\/\/bisbalpenedes.com\/web\/wp-json\/wp\/v2\/users\/4"}],"replies":[{"embeddable":true,"href":"https:\/\/bisbalpenedes.com\/web\/wp-json\/wp\/v2\/comments?post=31376"}],"version-history":[{"count":2,"href":"https:\/\/bisbalpenedes.com\/web\/wp-json\/wp\/v2\/posts\/31376\/revisions"}],"predecessor-version":[{"id":31379,"href":"https:\/\/bisbalpenedes.com\/web\/wp-json\/wp\/v2\/posts\/31376\/revisions\/31379"}],"wp:featuredmedia":[{"embeddable":true,"href":"https:\/\/bisbalpenedes.com\/web\/wp-json\/wp\/v2\/media\/31377"}],"wp:attachment":[{"href":"https:\/\/bisbalpenedes.com\/web\/wp-json\/wp\/v2\/media?parent=31376"}],"wp:term":[{"taxonomy":"category","embeddable":true,"href":"https:\/\/bisbalpenedes.com\/web\/wp-json\/wp\/v2\/categories?post=31376"},{"taxonomy":"post_tag","embeddable":true,"href":"https:\/\/bisbalpenedes.com\/web\/wp-json\/wp\/v2\/tags?post=31376"}],"curies":[{"name":"wp","href":"https:\/\/api.w.org\/{rel}","templated":true}]}}