{"id":31372,"date":"2024-08-09T16:25:35","date_gmt":"2024-08-09T14:25:35","guid":{"rendered":"https:\/\/bisbalpenedes.com\/web\/?p=31372"},"modified":"2024-08-09T16:25:35","modified_gmt":"2024-08-09T14:25:35","slug":"lajuntament-de-la-bisbal-del-penedes-dona-suport-a-ladf-clot-de-bou-que-reclama-recuperar-les-funcions-en-les-tasques-dincendis-juntament-amb-les-adf-de-catalunya","status":"publish","type":"post","link":"https:\/\/bisbalpenedes.com\/web\/2024\/08\/09\/lajuntament-de-la-bisbal-del-penedes-dona-suport-a-ladf-clot-de-bou-que-reclama-recuperar-les-funcions-en-les-tasques-dincendis-juntament-amb-les-adf-de-catalunya\/","title":{"rendered":"<strong>L\u2019Ajuntament de La Bisbal del Pened\u00e8s dona suport a l\u2019ADF Clot de Bou que reclama recuperar les funcions en les tasques d\u2019incendis juntament amb les ADF de Catalunya<\/strong>"},"content":{"rendered":"\n<p>Les Agrupacions de Defensa Forestal (ADF) reivindiquen el seu paper en la prevenci\u00f3 i extinci\u00f3 d\u2019incendis i manifesten que, amb el nou Pla INFOCAT (Pla especial d\u2019emerg\u00e8ncies per Incendis Forestals de Catalunya) i el nou PAGI (Pla d\u2019Actuaci\u00f3 del Grup d\u2019Intervenci\u00f3), se\u2019ls ha rellevat de part de les funcions que tenien i volen tornar-les a recuperar amb l\u2019objectiu de poder continuar treballant en les tasques de prevenci\u00f3 i extinci\u00f3 d\u2019incendis forestals. Tamb\u00e9 demanen que es mantingui el model de col\u00b7laboraci\u00f3 entre els bombers i el cos de voluntaris de l\u2019ADF.<\/p>\n\n\n\n<p>El passat 21 de juliol, m\u00e9s de 800 ADF es van concentrar a Hostalric per reivindicar el seu paper en la prevenci\u00f3 i l\u2019extinci\u00f3 d\u2019incendis. L\u2019ADF Clot de Bou va participar en aquest acte multitudinari amb l\u2019objectiu de demanar que no se\u2019ls aparti de les tasques de prevenci\u00f3 i extinci\u00f3 d\u2019incendis forestals i que es mantingui el model de col\u00b7laboraci\u00f3 entre bombers professionals i el cos de voluntaris. Avui, un dels voluntaris bisbalencs de l\u2019ADF Clot de Bou, Dario Blanco, ha visitat l\u2019Ajuntament de la Bisbal del Pened\u00e8s per penjar, al balc\u00f3 de l\u2019ajuntament, una banderola reivindicativa de les ADF.<\/p>\n\n\n\n<p>La regidora de Medi Ambient, Judith Vidal, considera que <em>\u201cl\u2019ADF Clot de Bou fa una tasca excepcional de prevenci\u00f3 d\u2019incendis i, quan s\u2019inicia un foc, s\u00f3n els primers a arribar perqu\u00e8 coneixen el territori pam a pam. La tasca volunt\u00e0ria que fan \u00e9s molt important per a la Bisbal del Pened\u00e8s i, per aix\u00f2, estem al costat d\u2019aquesta reivindicaci\u00f3 que fan, perqu\u00e8 nosaltres, com a municipi, tamb\u00e9 volem que puguin continuar fent la tasca altruista que fa tants i tants anys que fan\u201d.<\/em><\/p>\n\n\n\n<hr class=\"wp-block-separator has-alpha-channel-opacity\"\/>\n\n\n\n<h1><strong>El Ajuntament de La Bisbal del Pened\u00e8s apoya a la ADF Clot de Bou que reclama recuperar las funciones en las tareas de incendios junto con las ADF de Catalunya<\/strong><\/h1>\n\n\n\n<p>Las Agrupaciones de Defensa Forestal (ADF) reivindican su papel en la prevenci\u00f3n y extinci\u00f3n de incendios y manifiestan que, con el nuevo Pla INFOCAT (Plan especial de emergencias por Incendios Forestales de Catalunya) y el nuevo PAGI (Plan de Actuaci\u00f3n del Grupo de Intervenci\u00f3n), se les ha relevado de parte de las funciones que ten\u00edan y quieren volver a recuperarlas con el objetivo de poder seguir trabajando en las tareas de prevenci\u00f3n y extinci\u00f3n de incendios forestales. Tambi\u00e9n piden que se mantenga el modelo de colaboraci\u00f3n entre los bomberos y el cuerpo de voluntarios de la ADF.<\/p>\n\n\n\n<p>El pasado 21 de julio, m\u00e1s de 800 ADF se concentraron en Hostalric para reivindicar su papel en la prevenci\u00f3n y la extinci\u00f3n de incendios. La ADF Clot de Bou particip\u00f3 en este acto multitudinario con el objetivo de pedir que no se les aparte de las tareas de prevenci\u00f3n y extinci\u00f3n de incendios forestales y que se mantenga el modelo de colaboraci\u00f3n entre bomberos profesionales y el cuerpo de voluntarios. Hoy, uno de los voluntarios bisbalencs de la ADF Clot de Bou, Dario Blanco, ha visitado el Ajuntament de la Bisbal del Pened\u00e8s para colgar, en el balc\u00f3n del ayuntamiento, una banderola reivindicativa de las ADF.<\/p>\n\n\n\n<p>La concejala de Medio Ambiente, Judith Vidal, considera que <em>&#8220;la ADF Clot de Bou hace una tarea excepcional de prevenci\u00f3n de incendios y, cuando se inicia un fuego, son los primeros en llegar porque conocen el territorio palmo a palmo. La tarea voluntaria que hacen es muy importante para la Bisbal del Pened\u00e8s y, por eso, estamos al lado de esta reivindicaci\u00f3n que hacen, porque nosotros, como municipio, tambi\u00e9n queremos que puedan seguir haciendo la tarea altruista que llevan tantos y tantos a\u00f1os haciendo&#8221;.<\/em><\/p>\n","protected":false},"excerpt":{"rendered":"<p>Les Agrupacions de Defensa Forestal (ADF) reivindiquen el seu paper en la prevenci\u00f3 i extinci\u00f3 d\u2019incendis i manifesten que, amb el nou Pla INFOCAT (Pla especial d\u2019emerg\u00e8ncies per Incendis Forestals &hellip; <a href=\"https:\/\/bisbalpenedes.com\/web\/2024\/08\/09\/lajuntament-de-la-bisbal-del-penedes-dona-suport-a-ladf-clot-de-bou-que-reclama-recuperar-les-funcions-en-les-tasques-dincendis-juntament-amb-les-adf-de-catalunya\/\" class=\"more-link\">Read More<\/a><\/p>\n","protected":false},"author":4,"featured_media":31373,"comment_status":"closed","ping_status":"closed","sticky":false,"template":"","format":"standard","meta":[],"categories":[32,8],"tags":[1775,459,1374],"_links":{"self":[{"href":"https:\/\/bisbalpenedes.com\/web\/wp-json\/wp\/v2\/posts\/31372"}],"collection":[{"href":"https:\/\/bisbalpenedes.com\/web\/wp-json\/wp\/v2\/posts"}],"about":[{"href":"https:\/\/bisbalpenedes.com\/web\/wp-json\/wp\/v2\/types\/post"}],"author":[{"embeddable":true,"href":"https:\/\/bisbalpenedes.com\/web\/wp-json\/wp\/v2\/users\/4"}],"replies":[{"embeddable":true,"href":"https:\/\/bisbalpenedes.com\/web\/wp-json\/wp\/v2\/comments?post=31372"}],"version-history":[{"count":1,"href":"https:\/\/bisbalpenedes.com\/web\/wp-json\/wp\/v2\/posts\/31372\/revisions"}],"predecessor-version":[{"id":31374,"href":"https:\/\/bisbalpenedes.com\/web\/wp-json\/wp\/v2\/posts\/31372\/revisions\/31374"}],"wp:featuredmedia":[{"embeddable":true,"href":"https:\/\/bisbalpenedes.com\/web\/wp-json\/wp\/v2\/media\/31373"}],"wp:attachment":[{"href":"https:\/\/bisbalpenedes.com\/web\/wp-json\/wp\/v2\/media?parent=31372"}],"wp:term":[{"taxonomy":"category","embeddable":true,"href":"https:\/\/bisbalpenedes.com\/web\/wp-json\/wp\/v2\/categories?post=31372"},{"taxonomy":"post_tag","embeddable":true,"href":"https:\/\/bisbalpenedes.com\/web\/wp-json\/wp\/v2\/tags?post=31372"}],"curies":[{"name":"wp","href":"https:\/\/api.w.org\/{rel}","templated":true}]}}