{"id":31369,"date":"2024-08-09T16:48:33","date_gmt":"2024-08-09T14:48:33","guid":{"rendered":"https:\/\/bisbalpenedes.com\/web\/?p=31369"},"modified":"2024-08-09T16:48:33","modified_gmt":"2024-08-09T14:48:33","slug":"aquesta-festa-major-sincrementa-la-seguretat-als-actes-i-es-potencia-el-control-en-els-accessos-a-lenvelat","status":"publish","type":"post","link":"https:\/\/bisbalpenedes.com\/web\/2024\/08\/09\/aquesta-festa-major-sincrementa-la-seguretat-als-actes-i-es-potencia-el-control-en-els-accessos-a-lenvelat\/","title":{"rendered":"<strong>Aquesta Festa Major s\u2019incrementa la seguretat als actes i es potencia el control en els accessos a l\u2019envelat<\/strong>"},"content":{"rendered":"\n<p>L\u2019Ajuntament de la Bisbal del Pened\u00e8s celebra la Festa Major el 15 d\u2019agost amb activitats i actuacions del 9 al 19 d\u2019agost, ambd\u00f3s inclosos. Amb l\u2019objectiu de garantir la seguretat de la ciutadania i vetllar per la protecci\u00f3 dels b\u00e9ns municipals durant la celebraci\u00f3 d\u2019aquests actes, la Regidoria de Seguretat Ciutadana ha contractat dos serveis:<\/p>\n\n\n\n<p>Servei de vigil\u00e0ncia:<\/p>\n\n\n\n<ul><li>2 vigilants al recinte de l\u2019envelat els dies 9 i 10 d\u2019agost per a les 24h de futbol sala<\/li><li>2 vigilants al recinte de l\u2019envelat cada dia de la Festa Major, mentre no hi ha activitats a l\u2019envelat<\/li><li>Entre 4 i 6 vigilants les nits que hi ha concerts o ball a l\u2019envelat, del 13 al 19 d\u2019agost, ambd\u00f3s inclosos.<\/li><\/ul>\n\n\n\n<p>Servei de control d\u2019accessos:<\/p>\n\n\n\n<ul><li>2 persones de control d\u2019accessos als actes organitzats a l\u2019envelat.<\/li><\/ul>\n\n\n\n<p>L\u2019empresa encarregada de dur a terme aquests serveis en mat\u00e8ria de seguretat \u00e9s Eulen Seguridad SA i l\u2019import del contracte amb aquesta empresa ascendeix a 16.979,30\u20ac (IVA incl\u00f2s)<\/p>\n\n\n\n<hr class=\"wp-block-separator has-alpha-channel-opacity\"\/>\n\n\n\n<h1><strong>Esta Festa Major se incrementa la seguridad en los actos y se potencia el control en los accesos a la carpa<\/strong><\/h1>\n\n\n\n<p>El Ajuntament de la Bisbal del Pened\u00e8s celebra la Festa Major el 15 de agosto con actividades y actuaciones del 9 al 19 de agosto, ambos incluidos. Con el objetivo de garantizar la seguridad de la ciudadan\u00eda y velar por la protecci\u00f3n de los bienes municipales durante la celebraci\u00f3n de estos actos, la Concejal\u00eda de Seguridad Ciudadana ha contratado dos servicios:<\/p>\n\n\n\n<p>Servicio de vigilancia:<\/p>\n\n\n\n<ul><li>2 vigilantes en el recinto de la carpa los d\u00edas 9 y 10 de agosto para las 24h de f\u00fatbol sala<\/li><li>2 vigilantes en el recinto de la carpa cada d\u00eda de la Festa Major, mientras no hay actividades en la carpa<\/li><li>Entre 4 y 6 vigilantes las noches que hay conciertos o baile en la carpa, del 13 al 19 de agosto, ambos incluidos.<\/li><\/ul>\n\n\n\n<p>Servicio de control de accesos:<\/p>\n\n\n\n<ul><li>2 personas de control de accesos en los actos organizados en la carpa.<\/li><\/ul>\n\n\n\n<p>La empresa encargada de llevar a cabo estos servicios en materia de seguridad es Eulen Seguridad SA y el importe del contrato con esta empresa asciende a 16.979,30\u20ac (IVA incluido)<\/p>\n","protected":false},"excerpt":{"rendered":"<p>L\u2019Ajuntament de la Bisbal del Pened\u00e8s celebra la Festa Major el 15 d\u2019agost amb activitats i actuacions del 9 al 19 d\u2019agost, ambd\u00f3s inclosos. Amb l\u2019objectiu de garantir la seguretat &hellip; <a href=\"https:\/\/bisbalpenedes.com\/web\/2024\/08\/09\/aquesta-festa-major-sincrementa-la-seguretat-als-actes-i-es-potencia-el-control-en-els-accessos-a-lenvelat\/\" class=\"more-link\">Read More<\/a><\/p>\n","protected":false},"author":4,"featured_media":31375,"comment_status":"closed","ping_status":"closed","sticky":false,"template":"","format":"standard","meta":[],"categories":[2161,1042,8,4149],"tags":[459,78,280,393,6804,25],"_links":{"self":[{"href":"https:\/\/bisbalpenedes.com\/web\/wp-json\/wp\/v2\/posts\/31369"}],"collection":[{"href":"https:\/\/bisbalpenedes.com\/web\/wp-json\/wp\/v2\/posts"}],"about":[{"href":"https:\/\/bisbalpenedes.com\/web\/wp-json\/wp\/v2\/types\/post"}],"author":[{"embeddable":true,"href":"https:\/\/bisbalpenedes.com\/web\/wp-json\/wp\/v2\/users\/4"}],"replies":[{"embeddable":true,"href":"https:\/\/bisbalpenedes.com\/web\/wp-json\/wp\/v2\/comments?post=31369"}],"version-history":[{"count":1,"href":"https:\/\/bisbalpenedes.com\/web\/wp-json\/wp\/v2\/posts\/31369\/revisions"}],"predecessor-version":[{"id":31370,"href":"https:\/\/bisbalpenedes.com\/web\/wp-json\/wp\/v2\/posts\/31369\/revisions\/31370"}],"wp:featuredmedia":[{"embeddable":true,"href":"https:\/\/bisbalpenedes.com\/web\/wp-json\/wp\/v2\/media\/31375"}],"wp:attachment":[{"href":"https:\/\/bisbalpenedes.com\/web\/wp-json\/wp\/v2\/media?parent=31369"}],"wp:term":[{"taxonomy":"category","embeddable":true,"href":"https:\/\/bisbalpenedes.com\/web\/wp-json\/wp\/v2\/categories?post=31369"},{"taxonomy":"post_tag","embeddable":true,"href":"https:\/\/bisbalpenedes.com\/web\/wp-json\/wp\/v2\/tags?post=31369"}],"curies":[{"name":"wp","href":"https:\/\/api.w.org\/{rel}","templated":true}]}}