{"id":31362,"date":"2024-08-09T08:00:00","date_gmt":"2024-08-09T06:00:00","guid":{"rendered":"https:\/\/bisbalpenedes.com\/web\/?p=31362"},"modified":"2024-08-08T22:42:35","modified_gmt":"2024-08-08T20:42:35","slug":"lequip-de-govern-sha-reunit-amb-la-colla-joves-xiquets-de-valls-abans-de-la-diada-del-15-dagost","status":"publish","type":"post","link":"https:\/\/bisbalpenedes.com\/web\/2024\/08\/09\/lequip-de-govern-sha-reunit-amb-la-colla-joves-xiquets-de-valls-abans-de-la-diada-del-15-dagost\/","title":{"rendered":"L&#8217;equip de govern s&#8217;ha reunit amb la Colla Joves Xiquets de Valls abans de la diada del 15 d&#8217;agost"},"content":{"rendered":"\n<p>L\u2019equip de govern s\u2019ha reunit amb totes les colles castelleres que participaran en la diada castellera del 15 d\u2019agost. En aquest cas, compartim amb vosaltres la fotografia amb la Colla Joves Xiquets de Valls.<\/p>\n\n\n\n<p>L&#8217;alcaldessa Agn\u00e8s Ferr\u00e9 i el regidor de Festes, Feliu Gil; juntament amb el cap de pla\u00e7a, Jordi Vidal; es van reunir el passat 26 de juliol amb el cap de colla, Francesc Ramon; el president, Ian Gallart; el secretari, Pol Fortuny; i Carles Cort\u00e9s, com a membre de la Colla Joves i president de la Coordinadora de les Colles Castelleres de Catalunya.<\/p>\n\n\n\n<hr class=\"wp-block-separator has-alpha-channel-opacity\"\/>\n\n\n\n<p><strong>CASTELLANO&nbsp;<\/strong>| El equipo de gobierno se ha reunido con todas las collas castelleras que participar\u00e1n en la diada castellera del 15 de agosto. En este caso, os compartimos la fotograf\u00eda con la Colla Joves Xiquets de Valls.<\/p>\n\n\n\n<p>La alcaldesa Agn\u00e8s Ferr\u00e9 y el concejal de Fiestas, Feliu Gil; junto con el Cap de pla\u00e7a, Jordi Vidal; se reunieron el pasado 26 de julio con el \u2018cap\u2019 de colla, Francesc Ramon; el presidente, Ian Gallart; el secretario, Pol Fortuny; y Carles Cort\u00e9s, como miembro de la Colla Joves y presidente de la Coordinadora de las Colles Castelleres de Catalunya.<\/p>\n","protected":false},"excerpt":{"rendered":"<p>L\u2019equip de govern s\u2019ha reunit amb totes les colles castelleres que participaran en la diada castellera del 15 d\u2019agost. En aquest cas, compartim amb vosaltres la fotografia amb la Colla &hellip; <a href=\"https:\/\/bisbalpenedes.com\/web\/2024\/08\/09\/lequip-de-govern-sha-reunit-amb-la-colla-joves-xiquets-de-valls-abans-de-la-diada-del-15-dagost\/\" class=\"more-link\">Read More<\/a><\/p>\n","protected":false},"author":4,"featured_media":31363,"comment_status":"closed","ping_status":"closed","sticky":false,"template":"","format":"standard","meta":[],"categories":[2161,1042,4668,8],"tags":[280,393],"_links":{"self":[{"href":"https:\/\/bisbalpenedes.com\/web\/wp-json\/wp\/v2\/posts\/31362"}],"collection":[{"href":"https:\/\/bisbalpenedes.com\/web\/wp-json\/wp\/v2\/posts"}],"about":[{"href":"https:\/\/bisbalpenedes.com\/web\/wp-json\/wp\/v2\/types\/post"}],"author":[{"embeddable":true,"href":"https:\/\/bisbalpenedes.com\/web\/wp-json\/wp\/v2\/users\/4"}],"replies":[{"embeddable":true,"href":"https:\/\/bisbalpenedes.com\/web\/wp-json\/wp\/v2\/comments?post=31362"}],"version-history":[{"count":1,"href":"https:\/\/bisbalpenedes.com\/web\/wp-json\/wp\/v2\/posts\/31362\/revisions"}],"predecessor-version":[{"id":31364,"href":"https:\/\/bisbalpenedes.com\/web\/wp-json\/wp\/v2\/posts\/31362\/revisions\/31364"}],"wp:featuredmedia":[{"embeddable":true,"href":"https:\/\/bisbalpenedes.com\/web\/wp-json\/wp\/v2\/media\/31363"}],"wp:attachment":[{"href":"https:\/\/bisbalpenedes.com\/web\/wp-json\/wp\/v2\/media?parent=31362"}],"wp:term":[{"taxonomy":"category","embeddable":true,"href":"https:\/\/bisbalpenedes.com\/web\/wp-json\/wp\/v2\/categories?post=31362"},{"taxonomy":"post_tag","embeddable":true,"href":"https:\/\/bisbalpenedes.com\/web\/wp-json\/wp\/v2\/tags?post=31362"}],"curies":[{"name":"wp","href":"https:\/\/api.w.org\/{rel}","templated":true}]}}